{"id":143290,"date":"2021-10-04T14:11:12","date_gmt":"2021-10-04T11:11:12","guid":{"rendered":"https:\/\/www.enerjigazetesi.ist\/?p=143290"},"modified":"2021-10-04T14:12:01","modified_gmt":"2021-10-04T11:12:01","slug":"geri-donusum-odulleri-2021-in-basvurulari-basladi","status":"publish","type":"post","link":"https:\/\/www.enerjigazetesi.ist\/en\/geri-donusum-odulleri-2021-in-basvurulari-basladi\/","title":{"rendered":"(Turkish) Geri D\u00f6n\u00fc\u015f\u00fcm \u00d6d\u00fclleri 2021&#8217;in Ba\u015fvurular\u0131 Ba\u015flad\u0131"},"content":{"rendered":"<p class=\"qtranxs-available-languages-message qtranxs-available-languages-message-en\">Sorry, this entry is only available in <a href=\"https:\/\/www.enerjigazetesi.ist\/tr\/wp-json\/wp\/v2\/posts\/143290\" class=\"qtranxs-available-language-link qtranxs-available-language-link-tr\" title=\"Turkish\">Turkish<\/a>. For the sake of viewer convenience, the content is shown below in the alternative language. You may click the link to switch the active language.<\/p><p><\/p>\n<h2>Gezegendeki ya\u015fam\u0131n devam\u0131 i\u00e7in s\u00fcrd\u00fcr\u00fclebilir bir gelece\u011fe katk\u0131 sunanlar\u0131 \u00f6d\u00fcllendirmek ve ba\u015far\u0131l\u0131 \u00e7al\u0131\u015fmalar\u0131 \u00f6rnek g\u00f6stermek amac\u0131yla yap\u0131lan Geri D\u00f6n\u00fc\u015f\u00fcm \u00d6d\u00fclleri 2021&#8217;in ba\u015fvurular\u0131 ba\u015flad\u0131. Farkl\u0131 alanlarda \u00f6nemli de\u011ferler yaratm\u0131\u015f j\u00fcri \u00fcyeleri taraf\u0131ndan incelenecek geri d\u00f6n\u00fc\u015f\u00fcm odakl\u0131 projelere 9 farkl\u0131 kategoride \u00f6d\u00fcller verilecek.<\/h2>\n<p><strong>\u201cAzalt \u2013 Kullan &#8211; Yeniden D\u00f6n\u00fc\u015ft\u00fcr\u201d<\/strong> temas\u0131yla ger\u00e7ekle\u015fecek <strong>Geri D\u00f6n\u00fc\u015f\u00fcm \u00d6d\u00fclleri<\/strong> ba\u015fvuru kategorileri ise: <em>Ar-ge, tasar\u0131m, sosyal giri\u015fim, k\u00fclt\u00fcr sanat, bireysel giri\u015fim, y\u00fckselen y\u0131ld\u0131z, \u00fcniversite <strong>ve<\/strong> STK<\/em>. Yar\u0131\u015fmaya son ba\u015fvuru tarihi ise <strong>07 Kas\u0131m 2021<\/strong> olarak belirlendi.<\/p>\n<p><strong><img loading=\"lazy\" class=\"alignright wp-image-143292\" src=\"https:\/\/www.enerjigazetesi.ist\/wp-content\/uploads\/2021\/10\/geri-donusum-odulleri-2021-in-basvurulari-basladi.jpg\" alt=\"\" width=\"320\" height=\"226\" srcset=\"https:\/\/www.enerjigazetesi.ist\/wp-content\/uploads\/2021\/10\/geri-donusum-odulleri-2021-in-basvurulari-basladi.jpg 550w, https:\/\/www.enerjigazetesi.ist\/wp-content\/uploads\/2021\/10\/geri-donusum-odulleri-2021-in-basvurulari-basladi-300x212.jpg 300w, https:\/\/www.enerjigazetesi.ist\/wp-content\/uploads\/2021\/10\/geri-donusum-odulleri-2021-in-basvurulari-basladi-500x354.jpg 500w, https:\/\/www.enerjigazetesi.ist\/wp-content\/uploads\/2021\/10\/geri-donusum-odulleri-2021-in-basvurulari-basladi-71x50.jpg 71w\" sizes=\"(max-width: 320px) 100vw, 320px\" \/>D\u00dcNYA EKO Grubu<\/strong> b\u00fcnyesinde yay\u0131nlanan <strong>\u0130yilik &amp; Sa\u011fl\u0131k Olsun Dergisi<\/strong> taraf\u0131ndan d\u00fczenlenen Geri D\u00f6n\u00fc\u015f\u00fcm \u00d6d\u00fclleri 2021, s\u00fcrd\u00fcr\u00fclebilir bir ya\u015fam i\u00e7in\u00a0 geri d\u00f6n\u00fc\u015f\u00fcm oda\u011f\u0131nda de\u011fer yaratan projeleri ve \u00e7al\u0131\u015fmalar\u0131 \u00f6d\u00fcllendirmek ve \u00f6rnek g\u00f6stermek amac\u0131yla ger\u00e7ekle\u015fiyor. <strong>\u0130novasyon, Ar-Ge, Tasar\u0131m, Sosyal Giri\u015fim, K\u00fclt\u00fcr-Sanat, Bireysel Giri\u015fim, \u00dcniversite, STK<\/strong> ve<strong> Y\u00fckselen Y\u0131ld\u0131z<\/strong> kategorilerinde verilecek \u00f6d\u00fcller, <strong>07 Aral\u0131k 2021<\/strong>&#8216;de <strong>Pera Palace Hotel&#8217;<\/strong>de ger\u00e7ekle\u015fecek t\u00f6rende sahibini bulacak.<\/p>\n<p>Ger\u00e7ekle\u015fecek \u00f6d\u00fcl t\u00f6reninde modac\u0131 <strong>M\u00fcesser Kurt<\/strong>, mini bir defile sahneye koyarken, \u00fcnl\u00fc tasar\u0131mc\u0131lar\u0131n geri d\u00f6n\u00fc\u015f\u00fcm \u00fcr\u00fcnleri de etkinlik alan\u0131nda sergilenecek. Yar\u0131\u015fmaya son ba\u015fvuru tarihi ise <strong>7 Kas\u0131m 2021.<\/strong><\/p>\n<p><strong>Geri D\u00f6n\u00fc\u015f\u00fcm \u00d6d\u00fclleri 2021<\/strong> j\u00fcrisinde yer alan <span style=\"text-decoration: underline;\">isimler ise \u015f\u00f6yle:<\/span> <em>Bu\u011fday Derne\u011fi Y\u00f6netim Kurulu Ba\u015fkan\u0131 Leyla Aslan, Marjinal Porter Novelli Y\u00f6netim Kurulu Ba\u015fkan\u0131 Asuman Bayrak, Sivil Toplum G\u00f6n\u00fcll\u00fcs\u00fc \u0130brahim Betil, Ad\u0131m Ad\u0131m Platformu kurucusu ve Bilgi \u00dcniversitesi \u0130leti\u015fim Fak\u00fcltesi \u00d6\u011fretim G\u00f6revlisi It\u0131r Erhart, \u00c7EVKO Vakf\u0131 Genel Sekreteri Mete \u0130mer, Do\u011fa ve \u00c7evre Programlar\u0131 Yap\u0131mc\u0131s\u0131 G\u00fcven \u0130slamo\u011flu, Bo\u011fazi\u00e7i \u00dcniversitesi \u0130klim De\u011fi\u015fikli\u011fi ve Politikalar\u0131 Uygulama ve Ara\u015ft\u0131rma Merkezi M\u00fcd\u00fcr\u00fc Prof. M. Levent Kurnaz, Etki Yat\u0131r\u0131m\u0131 Dan\u0131\u015fma Kurulu Ba\u015fkan\u0131 \u015eafak M\u00fcderrisgil, Akdeniz \u00dcniversitesi \u00c7evre Sorunlar\u0131 Ara\u015ft\u0131rma ve Uygulama Merkez M\u00fcd\u00fcr\u00fc Prof. Dr. \u015eule Orman, UNDP T\u00fcrkiye \u0130klim De\u011fi\u015fikli\u011fi ve \u00c7evre Portf\u00f6y Y\u00f6neticisi Nuri \u00d6zba\u011fdatl\u0131, \u00c7evre TV Kurucu Orta\u011f\u0131 ve peyzaj mimar\u0131 Din\u00e7er Sivri, T\u00fcrkiye Belediyeler Birli\u011fi Ba\u015fkan\u0131 Fatma \u015eahin.<\/em><\/p>\n<p>Geri d\u00f6n\u00fc\u015f\u00fcm alan\u0131nda hayata ge\u00e7irilen \u00e7al\u0131\u015fmalar ile <strong>GER\u0130 D\u00d6N\u00dc\u015e\u00dcM \u00d6D\u00dcLLER\u0130 2021<\/strong>&#8216;e ba\u015fvuru i\u00e7in: <a href=\"https:\/\/www.iyiliksaglikolsun.com\/geridonusumodulformu\" target=\"_blank\" rel=\"noopener\">https:\/\/www.iyiliksaglikolsun.com\/geridonusumodulformu<\/a> adresini ziyaret edebilirsiniz.<\/p>","protected":false},"excerpt":{"rendered":"<p>Sorry, this entry is only available in Turkish. For the sake of viewer convenience, the content is shown below in the alternative language. You may click the link to switch the active language. Gezegendeki ya\u015fam\u0131n devam\u0131 i\u00e7in s\u00fcrd\u00fcr\u00fclebilir bir gelece\u011fe katk\u0131 sunanlar\u0131 \u00f6d\u00fcllendirmek ve ba\u015far\u0131l\u0131 \u00e7al\u0131\u015fmalar\u0131 \u00f6rnek g\u00f6stermek amac\u0131yla yap\u0131lan Geri D\u00f6n\u00fc\u015f\u00fcm \u00d6d\u00fclleri 2021&#8217;in ba\u015fvurular\u0131 [&hellip;]<\/p>\n","protected":false},"author":1,"featured_media":143292,"comment_status":"open","ping_status":"open","sticky":false,"template":"","format":"standard","meta":[],"categories":[53],"tags":[97163,97160,97161,97159,97162],"views":71,"_links":{"self":[{"href":"https:\/\/www.enerjigazetesi.ist\/en\/wp-json\/wp\/v2\/posts\/143290"}],"collection":[{"href":"https:\/\/www.enerjigazetesi.ist\/en\/wp-json\/wp\/v2\/posts"}],"about":[{"href":"https:\/\/www.enerjigazetesi.ist\/en\/wp-json\/wp\/v2\/types\/post"}],"author":[{"embeddable":true,"href":"https:\/\/www.enerjigazetesi.ist\/en\/wp-json\/wp\/v2\/users\/1"}],"replies":[{"embeddable":true,"href":"https:\/\/www.enerjigazetesi.ist\/en\/wp-json\/wp\/v2\/comments?post=143290"}],"version-history":[{"count":0,"href":"https:\/\/www.enerjigazetesi.ist\/en\/wp-json\/wp\/v2\/posts\/143290\/revisions"}],"wp:featuredmedia":[{"embeddable":true,"href":"https:\/\/www.enerjigazetesi.ist\/en\/wp-json\/wp\/v2\/media\/143292"}],"wp:attachment":[{"href":"https:\/\/www.enerjigazetesi.ist\/en\/wp-json\/wp\/v2\/media?parent=143290"}],"wp:term":[{"taxonomy":"category","embeddable":true,"href":"https:\/\/www.enerjigazetesi.ist\/en\/wp-json\/wp\/v2\/categories?post=143290"},{"taxonomy":"post_tag","embeddable":true,"href":"https:\/\/www.enerjigazetesi.ist\/en\/wp-json\/wp\/v2\/tags?post=143290"}],"curies":[{"name":"wp","href":"https:\/\/api.w.org\/{rel}","templated":true}]}}