{"id":14324,"date":"2013-08-21T17:35:47","date_gmt":"2013-08-21T14:35:47","guid":{"rendered":"https:\/\/www.enerjigazetesi.ist\/?p=14324"},"modified":"2013-08-22T09:15:44","modified_gmt":"2013-08-22T06:15:44","slug":"artik-yildirim-hiziyla-buyuk-barajlar-ve-hesler-insa-ediliyor","status":"publish","type":"post","link":"https:\/\/www.enerjigazetesi.ist\/en\/artik-yildirim-hiziyla-buyuk-barajlar-ve-hesler-insa-ediliyor\/","title":{"rendered":"(Turkish) Art\u0131k Y\u0131ld\u0131r\u0131m H\u0131z\u0131yla B\u00fcy\u00fck Barajlar ve HES\u2019ler \u0130n\u015fa Ediliyor!"},"content":{"rendered":"<p class=\"qtranxs-available-languages-message qtranxs-available-languages-message-en\">Sorry, this entry is only available in <a href=\"https:\/\/www.enerjigazetesi.ist\/tr\/wp-json\/wp\/v2\/posts\/14324\" class=\"qtranxs-available-language-link qtranxs-available-language-link-tr\" title=\"Turkish\">Turkish<\/a>. For the sake of viewer convenience, the content is shown below in the alternative language. You may click the link to switch the active language.<\/p><p><strong>Orman ve Su \u0130\u015fleri Bakan\u0131 Prof.Dr. Veysel Ero\u011flu, \u201cB\u00fct\u00fcn \u00fclkeler hidroelektrik enerji potansiyelinin neredeyse y\u00fczde 85-90\u2032\u0131n\u0131 y\u0131llar \u00f6nce bitirmi\u015fler. Yabanc\u0131lar eskiden bizimle \u2018su ak\u0131yor siz bak\u0131yorsunuz\u2019 diye alay ediyordu. Bu konuda DS\u0130\u2019nin yat\u0131r\u0131mlar\u0131n\u0131 h\u0131zland\u0131rd\u0131k. Art\u0131k y\u0131ld\u0131r\u0131m h\u0131z\u0131yla b\u00fcy\u00fck baraj ve hidroelektrik enerji santralleri in\u015fa ediliyor. Ama yeterli de\u011fil\u201d dedi.<\/strong><\/p>\n<h2>\u201cT\u00fcrkiye ne su zengini ne su fakiri\u201d<\/h2>\n<p>Ero\u011flu, T\u00fcrkiye\u2019deki 25 nehir havzas\u0131ndan sorumlu 25 koordinat\u00f6r Valinin kat\u0131ld\u0131\u011f\u0131 Havza Y\u00f6netim Heyetleri Toplant\u0131s\u0131\u2019na ba\u015fkanl\u0131k yapt\u0131. T\u00fcrkiye\u2019nin ne su zengini ne de fakiri oldu\u011funu ifade eden Prof. Dr. Veysel Ero\u011flu, su kaynaklar\u0131n\u0131n \u00e7ok iyi \u015fekilde y\u00f6netilmesi gerekti\u011fini dile getirdi.<\/p>\n<p>Prof. Dr. Ero\u011flu, k\u00fcresel iklim de\u011fi\u015fikli\u011fi nedeniyle suyun \u00f6neminin her ge\u00e7en g\u00fcn daha fazla artaca\u011f\u0131na dikkati \u00e7ekerek, d\u00fcnyada 2,5 milyar insan\u0131n \u015fu anda su s\u0131k\u0131nt\u0131s\u0131 \u00e7ekerken T\u00fcrkiye\u2019de susuz hi\u00e7bir \u015fehrin bulunmad\u0131\u011f\u0131n\u0131 anlatt\u0131.<\/p>\n<p>Hidroelektrik Enerji Santralleri (HES) konusunda b\u00fcy\u00fck ad\u0131mlar att\u0131klar\u0131na i\u015faret eden Orman ve Su \u0130\u015fleri Bakan\u0131 Prof. Dr. Veysel Ero\u011flu, bu tesislerin 30 y\u0131l \u00f6nce in\u015fa edilmesi gerekti\u011fini vurgulad\u0131.<\/p>\n<h2>\u201cYabanc\u0131lar bizimle alay ediyordu\u201d<\/h2>\n<p>Prof. Dr. Veysel Ero\u011flu, temiz enerji kay<a href=\"https:\/\/www.enerjigazetesi.ist\/wp-content\/uploads\/2013\/08\/bakan-eroglu-artik-yildirim-hiziyla-buyuk-barajlar-ve-hesler-insa-ediliyor.jpg\"><img loading=\"lazy\" class=\"alignleft size-medium wp-image-14325\" title=\"bakan-eroglu-artik-yildirim-hiziyla-buyuk-barajlar-ve-hesler-insa-ediliyor\" src=\"https:\/\/www.enerjigazetesi.ist\/wp-content\/uploads\/2013\/08\/bakan-eroglu-artik-yildirim-hiziyla-buyuk-barajlar-ve-hesler-insa-ediliyor-300x215.jpg\" alt=\"\" width=\"300\" height=\"215\" srcset=\"https:\/\/www.enerjigazetesi.ist\/wp-content\/uploads\/2013\/08\/bakan-eroglu-artik-yildirim-hiziyla-buyuk-barajlar-ve-hesler-insa-ediliyor-300x215.jpg 300w, https:\/\/www.enerjigazetesi.ist\/wp-content\/uploads\/2013\/08\/bakan-eroglu-artik-yildirim-hiziyla-buyuk-barajlar-ve-hesler-insa-ediliyor-69x50.jpg 69w, https:\/\/www.enerjigazetesi.ist\/wp-content\/uploads\/2013\/08\/bakan-eroglu-artik-yildirim-hiziyla-buyuk-barajlar-ve-hesler-insa-ediliyor.jpg 435w\" sizes=\"(max-width: 300px) 100vw, 300px\" \/><\/a>na\u011f\u0131 olmas\u0131 nedeniyle b\u00fct\u00fcn d\u00fcnyada HES\u2019lerin te\u015fvik edildi\u011fini belirterek, \u201cB\u00fct\u00fcn \u00fclkeler hidroelektrik enerji potansiyelinin neredeyse y\u00fczde 85-90\u2032\u0131n\u0131 y\u0131llar \u00f6nce bitirmi\u015fler. Yabanc\u0131lar eskiden bizimle \u2018su ak\u0131yor siz bak\u0131yorsunuz\u2019 diye alay ediyordu. Bu konuda DS\u0130\u2019nin yat\u0131r\u0131mlar\u0131n\u0131 h\u0131zland\u0131rd\u0131k. Art\u0131k y\u0131ld\u0131r\u0131m h\u0131z\u0131yla b\u00fcy\u00fck baraj ve hidroelektrik enerji santralleri in\u015fa ediliyor. Ama yeterli de\u011fil. \u00d6zel sekt\u00f6r\u00fcn potansiyelini de devreye sokuyoruz\u201d diye konu\u015ftu.<\/p>\n<p>HES\u2019ler devreye girdik\u00e7e enerji pastas\u0131ndan paylar\u0131n azald\u0131\u011f\u0131n\u0131 dile getiren Prof. Dr. Ero\u011flu, bu nedenle baz\u0131 mihraklar\u0131n ele\u015ftirilerinin s\u00f6z konusu oldu\u011funu kaydetti.<\/p>\n<h2>\u201cSu art\u0131k havza bazl\u0131 y\u00f6netilecek\u201d<\/h2>\n<p>Orman ve Su \u0130\u015fleri Bakan\u0131 Prof. Dr. Veysel Ero\u011flu, art\u0131k b\u00fct\u00fcn d\u00fcnyada oldu\u011fu gibi T\u00fcrkiye\u2019de de suyun havza bazl\u0131 y\u00f6netildi\u011fini ifade ederek, bu toplant\u0131y\u0131 da kat\u0131l\u0131mc\u0131lar\u0131 bilgilendirmek ve d\u00fc\u015f\u00fcncelerini almak amac\u0131yla d\u00fczenlediklerini bildirdi.<\/p>\n<p>Havzalar\u0131n art\u0131k b\u00fct\u00fcnc\u00fcl olarak ele al\u0131naca\u011f\u0131n\u0131 belirten Prof. Dr. Veysel Ero\u011flu, bu \u00e7al\u0131\u015fmalar\u0131n 40 \u2013 50 y\u0131l sonras\u0131n\u0131n teminat\u0131 olaca\u011f\u0131n\u0131 kaydetti.<\/p>\n<p>Prof. Dr. Ero\u011flu, T\u00fcrkiye\u2019nin su a\u00e7\u0131s\u0131ndan gelece\u011fini \u00e7ok iyi planlamak ve y\u00f6netmek zorunda oldu\u011funu vurgulayarak, bu bilin\u00e7le hareket edip \u00e7al\u0131\u015ft\u0131klar\u0131n\u0131 s\u00f6zlerine ekledi.<\/p>\n<p>Kaynak: <a href=\"http:\/\/enerjienstitusu.com\/2013\/08\/21\/bakan-eroglu-artik-yildirim-hiziyla-buyuk-barajlar-ve-hesler-insa-ediliyor\/\" target=\"_blank\">Enerji Enstit\u00fcs\u00fc<\/a><\/p>","protected":false},"excerpt":{"rendered":"<p>Sorry, this entry is only available in Turkish. For the sake of viewer convenience, the content is shown below in the alternative language. You may click the link to switch the active language.Orman ve Su \u0130\u015fleri Bakan\u0131 Prof.Dr. Veysel Ero\u011flu, \u201cB\u00fct\u00fcn \u00fclkeler hidroelektrik enerji potansiyelinin neredeyse y\u00fczde 85-90\u2032\u0131n\u0131 y\u0131llar \u00f6nce bitirmi\u015fler. Yabanc\u0131lar eskiden bizimle \u2018su [&hellip;]<\/p>\n","protected":false},"author":1,"featured_media":14325,"comment_status":"open","ping_status":"open","sticky":false,"template":"","format":"standard","meta":[],"categories":[53,47],"tags":[7788,1091,63,67,1009,165,35370,1090,7548,1211,7789],"views":760,"_links":{"self":[{"href":"https:\/\/www.enerjigazetesi.ist\/en\/wp-json\/wp\/v2\/posts\/14324"}],"collection":[{"href":"https:\/\/www.enerjigazetesi.ist\/en\/wp-json\/wp\/v2\/posts"}],"about":[{"href":"https:\/\/www.enerjigazetesi.ist\/en\/wp-json\/wp\/v2\/types\/post"}],"author":[{"embeddable":true,"href":"https:\/\/www.enerjigazetesi.ist\/en\/wp-json\/wp\/v2\/users\/1"}],"replies":[{"embeddable":true,"href":"https:\/\/www.enerjigazetesi.ist\/en\/wp-json\/wp\/v2\/comments?post=14324"}],"version-history":[{"count":2,"href":"https:\/\/www.enerjigazetesi.ist\/en\/wp-json\/wp\/v2\/posts\/14324\/revisions"}],"predecessor-version":[{"id":14347,"href":"https:\/\/www.enerjigazetesi.ist\/en\/wp-json\/wp\/v2\/posts\/14324\/revisions\/14347"}],"wp:featuredmedia":[{"embeddable":true,"href":"https:\/\/www.enerjigazetesi.ist\/en\/wp-json\/wp\/v2\/media\/14325"}],"wp:attachment":[{"href":"https:\/\/www.enerjigazetesi.ist\/en\/wp-json\/wp\/v2\/media?parent=14324"}],"wp:term":[{"taxonomy":"category","embeddable":true,"href":"https:\/\/www.enerjigazetesi.ist\/en\/wp-json\/wp\/v2\/categories?post=14324"},{"taxonomy":"post_tag","embeddable":true,"href":"https:\/\/www.enerjigazetesi.ist\/en\/wp-json\/wp\/v2\/tags?post=14324"}],"curies":[{"name":"wp","href":"https:\/\/api.w.org\/{rel}","templated":true}]}}