{"id":143152,"date":"2021-10-01T15:07:02","date_gmt":"2021-10-01T12:07:02","guid":{"rendered":"https:\/\/www.enerjigazetesi.ist\/?p=143152"},"modified":"2021-10-01T15:07:02","modified_gmt":"2021-10-01T12:07:02","slug":"9-uncu-bogazici-film-festivali-ulusal-yarisma-filmleri-belli-oldu","status":"publish","type":"post","link":"https:\/\/www.enerjigazetesi.ist\/en\/9-uncu-bogazici-film-festivali-ulusal-yarisma-filmleri-belli-oldu\/","title":{"rendered":"(Turkish) 9&#8217;uncu Bo\u011fazi\u00e7i Film Festivali Ulusal Yar\u0131\u015fma Filmleri Belli Oldu!"},"content":{"rendered":"<p class=\"qtranxs-available-languages-message qtranxs-available-languages-message-en\">Sorry, this entry is only available in <a href=\"https:\/\/www.enerjigazetesi.ist\/tr\/wp-json\/wp\/v2\/posts\/143152\" class=\"qtranxs-available-language-link qtranxs-available-language-link-tr\" title=\"Turkish\">Turkish<\/a>. For the sake of viewer convenience, the content is shown below in the alternative language. You may click the link to switch the active language.<\/p><p><\/p>\n<h2><strong>Bo\u011fazi\u00e7i K\u00fclt\u00fcr Sanat Vakf\u0131<\/strong>\u00a0taraf\u0131ndan <strong>23 \u2013 30 Ekim 2021<\/strong> tarihleri aras\u0131nda d\u00fczenlenecek olan <strong>9&#8217;uncu Bo\u011fazi\u00e7i Film Festivali&#8217;nin Ulusal Uzun Metraj Film Yar\u0131\u015fmas\u0131\u2019nda \u201cEn \u0130yi Film \u00d6d\u00fcl\u00fc\u201d i\u00e7in yar\u0131\u015facak filmler a\u00e7\u0131kland\u0131.<\/strong><\/h2>\n<h3><strong>Ulusal Uzun Metraj Film Yar\u0131\u015fmas\u0131\u2019nda \u201cAlt\u0131n Yunus\u201d i\u00e7in 10 Film Yar\u0131\u015facak!<\/strong><\/h3>\n<p>Y\u00f6netmen ve senarist <strong>Reis \u00c7elik<\/strong>\u2019in ba\u015fkanl\u0131k edece\u011fi j\u00fcrinin kar\u015f\u0131s\u0131na \u00e7\u0131kacak <strong>Ulusal Uzun Metraj Film Yar\u0131\u015fmas\u0131<\/strong>\u2019nda <strong>Emre Kayi\u015f<\/strong>\u2019in bir hayvanat bah\u00e7esi m\u00fcd\u00fcr\u00fcn\u00fcn, kurumun \u00f6zelle\u015ftirmesini \u00f6nlemek amac\u0131yla verdi\u011fi m\u00fccadeleyi anlatan, d\u00fcnya pr\u00f6miyerini\u00a0<strong>46. Toronto Uluslararas\u0131 Film Festivali<\/strong>&#8216;nde yapan ve festivalde\u00a0<strong>FIPRESCI \u00d6d\u00fcl\u00fc<\/strong> alan ilk uzun metraj\u0131 <strong>\u201cAnadolu Leopar\u0131\u201d<\/strong>, <strong>Semih Kaplano\u011flu<\/strong>\u2019nun\u00a0ge\u00e7imini babas\u0131n\u0131n meyve bah\u00e7esinden sa\u011flayan bir adam\u0131n, arazisinin <img loading=\"lazy\" class=\"alignright wp-image-143154\" src=\"https:\/\/www.enerjigazetesi.ist\/wp-content\/uploads\/2021\/10\/9-uncu-bogazici-film-festivali-ulusal-yarisma-filmleri-belli-oldu-2.jpg\" alt=\"\" width=\"320\" height=\"184\" srcset=\"https:\/\/www.enerjigazetesi.ist\/wp-content\/uploads\/2021\/10\/9-uncu-bogazici-film-festivali-ulusal-yarisma-filmleri-belli-oldu-2.jpg 550w, https:\/\/www.enerjigazetesi.ist\/wp-content\/uploads\/2021\/10\/9-uncu-bogazici-film-festivali-ulusal-yarisma-filmleri-belli-oldu-2-300x172.jpg 300w, https:\/\/www.enerjigazetesi.ist\/wp-content\/uploads\/2021\/10\/9-uncu-bogazici-film-festivali-ulusal-yarisma-filmleri-belli-oldu-2-500x287.jpg 500w, https:\/\/www.enerjigazetesi.ist\/wp-content\/uploads\/2021\/10\/9-uncu-bogazici-film-festivali-ulusal-yarisma-filmleri-belli-oldu-2-80x46.jpg 80w\" sizes=\"(max-width: 320px) 100vw, 320px\" \/>ortas\u0131na dikilmek istenen <strong>elektrik dire\u011finden kurtulmaya \u00e7al\u0131\u015fmas\u0131yla<\/strong> geli\u015fen olaylar\u0131\u00a0konu\u00a0alan\u00a0ve d\u00fcnya pr\u00f6miyerini 74. Cannes Film Festivali\u2019nin&#8221;Belirli Bir Bak\u0131\u015f&#8221; b\u00f6l\u00fcm\u00fcnde\u00a0yapan <strong>\u201cBa\u011fl\u0131l\u0131k Hasan\u201d,<\/strong> <strong>Sinan Sertel<\/strong>\u2019in\u00a0kendini kahraman hisseden bir gencin \u00fcst\u00fcn \u00f6zelliklerini ke\u015ffetmeye \u00e7al\u0131\u015f\u0131p <strong>\u00f6len babas\u0131n\u0131 geri getirme \u00e7abas\u0131n\u0131<\/strong> anlatan <strong>\u201c\u0130\u00e7imdeki Kahraman\u201d<\/strong><strong>,<\/strong> <strong>Selman Nacar<\/strong>\u2019\u0131n ge\u00e7irdi\u011fi i\u015f kazas\u0131n\u0131n ard\u0131ndan vicdani bir hesapla\u015fmaya giden bir adam\u0131n hik\u00e2yesini konu alan ve\u00a0d\u00fcnya pr\u00f6miyerini <strong>69. San Sebastian Uluslararas\u0131 Film Festivali<\/strong>&#8216;nin<strong> &#8220;New Directors&#8221;<\/strong>\u00a0b\u00f6l\u00fcmde yapan\u00a0ilk uzun metraj\u0131 <strong>\u201c\u0130ki \u015eafak Aras\u0131nda\u201d<\/strong>, <strong>Cemil A\u011fac\u0131ko\u011flu<\/strong>\u2019nun eski polis memuru olan Hasan\u2019\u0131n meslekten at\u0131lmas\u0131 i\u00e7in kendisine tuzak kurdu\u011funu d\u00fc\u015f\u00fcnd\u00fc\u011f\u00fc eski arkada\u015f\u0131 Yahya ile olan hesab\u0131n\u0131 konu edinen\u00a0<strong>\u201cKafes\u201d<\/strong>, <strong>Erkan Tahhu\u015fo\u011flu<\/strong>\u2019nun birlikte ya\u015famak zorunda kalan birbirlerinden farkl\u0131 karakterlere sahip iki karde\u015fin hikayesini\u00a0anlatan\u00a0<strong>\u201cKoridor\u201d<\/strong>,\u00a0<strong>Muhammet \u00c7ak\u0131ral<\/strong>\u2019\u0131n dar gelirli bir profesyonel futbolcu olan Semih\u2019in ya\u015fad\u0131\u011f\u0131 sosyo-ekonomik travmalar\u0131 ve \u00e7aresizli\u011fini konu alan <strong>\u201cLacivert Gece\u201d,\u00a0Ferit Karahan<\/strong>\u2019\u0131n\u00a0\u015fehirden uzakta, yat\u0131l\u0131 bir okulda okuyan Yusuf&#8217;un bir anda rahats\u0131zlanan arkada\u015f\u0131 Memo&#8217;yu hastaneye g\u00f6t\u00fcrme talebinin okul y\u00f6netimi taraf\u0131ndan zaman\u0131nda kabul\u00a0g\u00f6rmemesi ve yo\u011fun kar ya\u011f\u0131\u015f\u0131yla yollar\u0131n kapanmas\u0131yla birlikte geli\u015fen olaylar\u0131 konu edinen,\u00a0<strong>71. Berlin Film Festivali<\/strong>\u2019nin \u201cPanorama B\u00f6l\u00fcm\u00fc\u201dnde yar\u0131\u015f\u0131p <strong>FIPRESCI \u00d6d\u00fcl\u00fc<\/strong> alan\u00a0<strong>\u201cOkul T\u0131ra\u015f\u0131\u201d<\/strong>, <strong>Ahmet Toklu<\/strong>\u2019nun, semtinde basketbol oynayabilecekleri bir alan olmayan Ahmet\u2019in bu engeli ortadan kald\u0131rmak i\u00e7in bir yol bulmaya \u00e7al\u0131\u015fmas\u0131n\u0131 hikayele\u015ftiren ve d\u00fcnya pr\u00f6miyerini <strong>51. Giffoni Film Festivali<\/strong>\u2019nde yapan \u201c<strong>Pota\u201d<\/strong> ve <strong>Ayd\u0131n Orak<\/strong>\u2019\u0131n Diyarbak\u0131r\u2019\u0131n yak\u0131c\u0131 yaz s\u0131ca\u011f\u0131 alt\u0131nda yoksul bir kenar mahallede ya\u015fayan iki karde\u015fin mahallelerinin hemen yan\u0131ndaki l\u00fcks sitenin duvar\u0131n\u0131 a\u015f\u0131p havuzuna girme m\u00fccadelesini anlatan ve d\u00fcnya pr\u00f6miyerini <strong>37. Var\u015fova Film Festivali<\/strong>\u2018nin \u201c<strong>Competiton 1-2<\/strong>\u201d b\u00f6l\u00fcm\u00fcnde yapacak olan <strong>\u201cSab\u0131rs\u0131zl\u0131k Zaman\u0131\u201d<\/strong>\u00a0isimli filmleri yar\u0131\u015facak.<\/p>\n<h3><strong>Ulusal Uzun Metraj Film Yar\u0131\u015fmas\u0131\u2019nda 2 T\u00fcrkiye Pr\u00f6miyeri<\/strong><\/h3>\n<p>9. Bo\u011fazi\u00e7i Film Festivali Ulusal Uzun Metraj Film Yar\u0131\u015fmas\u0131\u2019nda yer alan filmlerden <strong>\u201cPota\u201d<\/strong> ve <strong>\u201cSab\u0131rs\u0131zl\u0131k Zaman\u0131\u201d\u00a0<\/strong>T\u00fcrkiye pr\u00f6miyerlerini festivalde yaparken <strong>\u201cAnadolu Leopar\u0131\u201d, \u201cBa\u011fl\u0131l\u0131k Hasan\u201d, \u201c\u0130\u00e7imdeki Kahraman\u201d, \u201c\u0130ki \u015eafak Aras\u0131nda\u201d, \u201cKafes\u201d, \u201cKoridor\u201d, \u201cLacivert Gece\u201d<\/strong> ve <strong>\u201cOkul T\u0131ra\u015f\u0131\u201d<\/strong> filmleri ise \u0130stanbul\u2019da ilk g\u00f6sterimlerini ger\u00e7ekle\u015ftirecek.<\/p>\n<p>Y\u00f6netmenlik kariyerinin ba\u015f\u0131nda olan isimleri desteklemek ve y\u00f6netmenlerin yeni filmlerinin \u00f6n\u00fcn\u00fc a\u00e7mak amac\u0131yla bu y\u0131l ilk kez Akli Film&#8217;in katk\u0131lar\u0131yla verilecek olan\u00a0<strong>En \u0130yi \u0130lk Film \u00d6d\u00fcl\u00fc<\/strong>\u00a0i\u00e7in ise <strong>\u201cAnadolu Leopar\u0131\u201d, \u201c\u0130ki \u015eafak Aras\u0131nda\u201d<\/strong> ve <strong>\u201cPota\u201d<\/strong> yar\u0131\u015facak.<\/p>\n<p><strong>T.C. K\u00fclt\u00fcr ve Turizm Bakanl\u0131\u011f\u0131 Sinema Genel M\u00fcd\u00fcrl\u00fc\u011f\u00fc\u2019n\u00fcn<\/strong>\u00a0katk\u0131lar\u0131,\u00a0<strong>TRT<\/strong>\u2019nin Kurumsal \u0130\u015f Ortakl\u0131\u011f\u0131\u00a0ve Global \u0130leti\u015fim Orta\u011f\u0131 <strong>Anadolu Ajans\u0131<\/strong>&#8216;n\u0131n destekleriyle; <strong>Bo\u011fazi\u00e7i K\u00fclt\u00fcr Sanat Vakf\u0131<\/strong> taraf\u0131ndan d\u00fczenlenecek olan <strong>9. Bo\u011fazi\u00e7i Film Festivali<\/strong>\u2019nin Ulusal Uzun Metraj Film Yar\u0131\u015fmas\u0131\u2019nda yer alacak filmlerden bir tanesi 100.000 TL\u2019lik En \u0130yi Ulusal Uzun Metraj Film \u00d6d\u00fcl\u00fc\u2019n\u00fcn sahibi olacak. Yar\u0131\u015fmada 20.000 TL\u2019lik En \u0130yi Y\u00f6netmen, 15.000 TL\u2019lik En \u0130yi Kad\u0131n Oyuncu, 15.000 TL\u2019lik En \u0130yi Erkek Oyuncu, 10.000 TL\u2019lik En \u0130yi Senaryo, 10.000 TL\u2019lik En \u0130yi Sinematografi ve 10.000 TL\u2019lik En \u0130yi Kurgu dallar\u0131nda da \u00f6d\u00fcller da\u011f\u0131t\u0131l\u0131yor. Ayr\u0131ca festivalin Ulusal Uzun Metraj Film Yar\u0131\u015fmas\u0131nda yer alan filmlerden birine F\u0130YAB (Film Yap\u0131mc\u0131lar\u0131 Meslek Birli\u011fi) taraf\u0131ndan 10.000 TL\u2019lik En \u0130yi Yap\u0131mc\u0131 \u00d6d\u00fcl\u00fc takdim edilecek.<\/p>\n<h3><strong>9. Bo\u011fazi\u00e7i Film Festivali Ulusal Uzun Metraj Film Yar\u0131\u015fmas\u0131 Filmleri<\/strong><\/h3>\n<p><strong>Anadolu Leopar\u0131 \u2013\u00a0<\/strong>Emre Kayi\u015f<\/p>\n<p><strong>Ba\u011fl\u0131l\u0131k Hasan \u2013\u00a0<\/strong>Semih Kaplano\u011flu<\/p>\n<p><strong>\u0130\u00e7imdeki Kahraman \u2013\u00a0<\/strong>Sinan Sertel<\/p>\n<p><strong>\u0130ki \u015eafak Aras\u0131nda \u2013\u00a0<\/strong>Selman Nacar<\/p>\n<p><strong>Kafes \u2013\u00a0<\/strong>Cemil A\u011fac\u0131ko\u011flu<\/p>\n<p><strong>Koridor &#8211;\u00a0<\/strong>Erkan Tahhu\u015fo\u011flu<\/p>\n<p><strong>Lacivert Gece &#8211;\u00a0<\/strong>Muhammet \u00c7ak\u0131ral<\/p>\n<p><strong>Okul T\u0131ra\u015f\u0131<\/strong>\u00a0\u2013 Ferit Karahan<\/p>\n<p><strong>Pota<\/strong>\u00a0\u2013 Ahmet Toklu<\/p>\n<p><strong>Sab\u0131rs\u0131zl\u0131k Zaman\u0131<\/strong>\u00a0\u2013 Ayd\u0131n Orak<\/p>","protected":false},"excerpt":{"rendered":"<p>Sorry, this entry is only available in Turkish. For the sake of viewer convenience, the content is shown below in the alternative language. You may click the link to switch the active language. Bo\u011fazi\u00e7i K\u00fclt\u00fcr Sanat Vakf\u0131\u00a0taraf\u0131ndan 23 \u2013 30 Ekim 2021 tarihleri aras\u0131nda d\u00fczenlenecek olan 9&#8217;uncu Bo\u011fazi\u00e7i Film Festivali&#8217;nin Ulusal Uzun Metraj Film Yar\u0131\u015fmas\u0131\u2019nda [&hellip;]<\/p>\n","protected":false},"author":1,"featured_media":143154,"comment_status":"open","ping_status":"open","sticky":false,"template":"","format":"standard","meta":[],"categories":[53],"tags":[97083,97082,97084,97085,96763],"views":101,"_links":{"self":[{"href":"https:\/\/www.enerjigazetesi.ist\/en\/wp-json\/wp\/v2\/posts\/143152"}],"collection":[{"href":"https:\/\/www.enerjigazetesi.ist\/en\/wp-json\/wp\/v2\/posts"}],"about":[{"href":"https:\/\/www.enerjigazetesi.ist\/en\/wp-json\/wp\/v2\/types\/post"}],"author":[{"embeddable":true,"href":"https:\/\/www.enerjigazetesi.ist\/en\/wp-json\/wp\/v2\/users\/1"}],"replies":[{"embeddable":true,"href":"https:\/\/www.enerjigazetesi.ist\/en\/wp-json\/wp\/v2\/comments?post=143152"}],"version-history":[{"count":0,"href":"https:\/\/www.enerjigazetesi.ist\/en\/wp-json\/wp\/v2\/posts\/143152\/revisions"}],"wp:featuredmedia":[{"embeddable":true,"href":"https:\/\/www.enerjigazetesi.ist\/en\/wp-json\/wp\/v2\/media\/143154"}],"wp:attachment":[{"href":"https:\/\/www.enerjigazetesi.ist\/en\/wp-json\/wp\/v2\/media?parent=143152"}],"wp:term":[{"taxonomy":"category","embeddable":true,"href":"https:\/\/www.enerjigazetesi.ist\/en\/wp-json\/wp\/v2\/categories?post=143152"},{"taxonomy":"post_tag","embeddable":true,"href":"https:\/\/www.enerjigazetesi.ist\/en\/wp-json\/wp\/v2\/tags?post=143152"}],"curies":[{"name":"wp","href":"https:\/\/api.w.org\/{rel}","templated":true}]}}