{"id":143126,"date":"2021-10-01T13:42:42","date_gmt":"2021-10-01T10:42:42","guid":{"rendered":"https:\/\/www.enerjigazetesi.ist\/?p=143126"},"modified":"2021-10-01T13:43:03","modified_gmt":"2021-10-01T10:43:03","slug":"enerjide-hedef-net-sifir","status":"publish","type":"post","link":"https:\/\/www.enerjigazetesi.ist\/en\/enerjide-hedef-net-sifir\/","title":{"rendered":"(Turkish) Enerjide Hedef &#8216;Net S\u0131f\u0131r'"},"content":{"rendered":"<p class=\"qtranxs-available-languages-message qtranxs-available-languages-message-en\">Sorry, this entry is only available in <a href=\"https:\/\/www.enerjigazetesi.ist\/tr\/wp-json\/wp\/v2\/posts\/143126\" class=\"qtranxs-available-language-link qtranxs-available-language-link-tr\" title=\"Turkish\">Turkish<\/a>. For the sake of viewer convenience, the content is shown below in the alternative language. You may click the link to switch the active language.<\/p><p><\/p>\n<h2><strong>T\u00fcrkiye\u2019nin en kapsaml\u0131 lider enerji platformu ICCI (Uluslararas\u0131 Enerji ve \u00c7evre Fuar\u0131 ve Konferans\u0131) ve T\u00fcrkiye Kojenerasyon Derne\u011fi taraf\u0131ndan ger\u00e7ekle\u015ftirilen ICCI 2021 Dijital Konferans\u0131 kapsam\u0131ndaki \u201cNet-S\u0131f\u0131r Hedefi\u201d oturumlar\u0131nda enerji alan\u0131nda neler yap\u0131lmas\u0131 gerekti\u011fi irdelendi ve beklentiler dile getirildi.<\/strong><\/h2>\n<p>\u0130ki g\u00fcn boyunca devam eden ICCI 2021 Dijital Konferans\u0131 kapsam\u0131ndaki \u201cNet-S\u0131f\u0131r Hedefi\u201d oturumlar\u0131nda; 4 ana ba\u015fl\u0131kta,<strong> \u20182050 Net Zero Hedefinde Dog\u0306al Gaz\u0131n Rolu\u0308\u2019, \u2018Emisyon Azalt\u0131m Sertifikalar\u0131 ve Karbon Kredisi Ticareti\u2019, \u2018AB\u2019nin Ye\u015fil Mutabakat ve S\u0131n\u0131rda Karbon Vergisi\u2019 ve \u2018Enerjide Yeni Oyuncu; Hidrojen\u2019<\/strong> konular\u0131 ele al\u0131nd\u0131.<\/p>\n<p style=\"text-align: center;\"><img loading=\"lazy\" class=\"aligncenter wp-image-143130\" src=\"https:\/\/www.enerjigazetesi.ist\/wp-content\/uploads\/2021\/10\/enerjide-hedef-net-sifir-1.jpg\" alt=\"\" width=\"500\" height=\"310\" srcset=\"https:\/\/www.enerjigazetesi.ist\/wp-content\/uploads\/2021\/10\/enerjide-hedef-net-sifir-1.jpg 512w, https:\/\/www.enerjigazetesi.ist\/wp-content\/uploads\/2021\/10\/enerjide-hedef-net-sifir-1-300x186.jpg 300w, https:\/\/www.enerjigazetesi.ist\/wp-content\/uploads\/2021\/10\/enerjide-hedef-net-sifir-1-500x310.jpg 500w, https:\/\/www.enerjigazetesi.ist\/wp-content\/uploads\/2021\/10\/enerjide-hedef-net-sifir-1-80x50.jpg 80w\" sizes=\"(max-width: 500px) 100vw, 500px\" \/><\/p>\n<p>2030 y\u0131l\u0131na kadar <strong>sera gaz\u0131 emisyonlar\u0131<\/strong>n\u0131 en az <strong>y\u00fczde 55<\/strong> oran\u0131nda azaltma, 2050 y\u0131l\u0131na kadar <strong>karbon n\u00f6tr<\/strong>, <strong>2050&#8217;ye<\/strong> kadar <strong>% 100<\/strong> yenilenebilir ve <strong>2053\u2019e<\/strong> kadar da<strong> s\u0131f\u0131r emisyon d\u00f6n\u00fc\u015f\u00fcm\u00fc<\/strong> i\u00e7in yenilenebilir enerji kaynaklar\u0131nda rekabetin art\u0131r\u0131lmas\u0131 gerekti\u011finin alt\u0131 \u00e7izildi. Bu kapsamda yerli tasar\u0131m <strong>r\u00fczg\u00e2r t\u00fcrbinleri<\/strong> ve <strong>r\u00fczgar enerji santralleri<\/strong> i\u00e7in daha fazla \u00e7al\u0131\u015fma ba\u015flat\u0131lmas\u0131n\u0131n gereklili\u011fi aktar\u0131ld\u0131.<\/p>\n<h3><strong>KARBON D\u00dcZENLEMES\u0130 ICCI\u2019da KONU\u015eULDU<\/strong><\/h3>\n<p><strong>Avrupa Ye\u015fil Mutabakat\u0131<\/strong> sonras\u0131nda \u015eubat 2020\u2019den itibaren T\u00fcrkiye\u2019nin de harekete ge\u00e7ti\u011fi, ama daha yap\u0131lmas\u0131 gerekenlerin oldu\u011fu belirtildi. Konuyla ilgili rakamlar<span style=\"text-decoration: underline;\"> \u015fu \u015fekilde a\u00e7\u0131kland\u0131;<\/span> <em>\u201cSon verilere g\u00f6re T\u00fcrkiye\u2019nin toplam ihracat\u0131n\u0131n <strong>y\u00fczde 40<\/strong>\u2019ndan fazlas\u0131 AB\u2019ye yap\u0131l\u0131yor. \u015eimdilik ihracat\u0131m\u0131zda s\u0131n\u0131rda karbon d\u00fczenlenmesi uygulanacak -elektri\u011fi ayr\u0131 tutarak- 4 sekt\u00f6r\u00fcn rakamlar\u0131 de\u011ferlendirildi\u011finde; <strong>demir \u00e7elik, \u00e7imento, g\u00fcbre<\/strong> ve<strong> al\u00fcminyumda<\/strong> AB\u2019ye <strong>5 milyar dolarl\u0131k<\/strong> do\u011frudan ihracat s\u00f6z konusu. Bunun emisyon kar\u015f\u0131l\u0131\u011f\u0131 <strong>19 milyon ton<\/strong> ve emisyon maliyet kar\u015f\u0131l\u0131\u011f\u0131 da <strong>950 milyon Avro<\/strong>. Bu da s\u0131n\u0131rda karbon d\u00fczenlemesine ba\u015flad\u0131\u011f\u0131m\u0131z zaman T\u00fcrkiye&#8217;deki ihracat\u00e7\u0131lar\u0131n y\u0131ll\u0131k ortalama <strong>950 milyon avro<\/strong> civar\u0131nda ilave maliyet ile kar\u015f\u0131 kar\u015f\u0131ya kalmamas\u0131 anlam\u0131na geliyor.\u201d<\/em><\/p>\n<p>\u015eu anda emisyon ticareti sistemine y\u00f6nelik bir y\u00f6netmeli\u011fin oldu\u011fu ama ilave maliyetlerle kar\u015f\u0131la\u015f\u0131lmamas\u0131 i\u00e7in <strong>AB<\/strong> ile uyumlu hale getirilmesi gerekti\u011finin alt\u0131 \u00e7izildi. Ayr\u0131ca,<strong> elektrik yo\u011fun<\/strong> olan ve ABD&#8217;ye ihracat yapan sekt\u00f6rlerin yenilebilir enerjiyi devreye alma yakla\u015f\u0131mlar\u0131n\u0131n artaca\u011f\u0131 aktar\u0131ld\u0131. Bundan sonra konu\u015fulan\u0131n net 0 olaca\u011f\u0131, hem s\u0131n\u0131rda <strong>karbon vergisi d\u00fczenlemesi<\/strong> hem de Cumhurba\u015fkan\u0131m\u0131z\u0131n a\u00e7\u0131klad\u0131\u011f\u0131 <strong>2053 net<\/strong> 0 hedefi ile uyumlu olmas\u0131 a\u00e7\u0131s\u0131ndan <strong>d\u00fc\u015f\u00fck karbon politikas\u0131<\/strong>na ba\u011fl\u0131 kal\u0131nmas\u0131n\u0131n ve <strong>verimlilik art\u0131r\u0131c\u0131 \u00e7al\u0131\u015fmalar\u0131n<\/strong> yap\u0131lmas\u0131n\u0131n b\u00fcy\u00fck \u00f6nem ta\u015f\u0131d\u0131\u011f\u0131 konu\u015fuldu.<\/p>","protected":false},"excerpt":{"rendered":"<p>Sorry, this entry is only available in Turkish. For the sake of viewer convenience, the content is shown below in the alternative language. You may click the link to switch the active language. T\u00fcrkiye\u2019nin en kapsaml\u0131 lider enerji platformu ICCI (Uluslararas\u0131 Enerji ve \u00c7evre Fuar\u0131 ve Konferans\u0131) ve T\u00fcrkiye Kojenerasyon Derne\u011fi taraf\u0131ndan ger\u00e7ekle\u015ftirilen ICCI 2021 [&hellip;]<\/p>\n","protected":false},"author":1,"featured_media":143131,"comment_status":"open","ping_status":"open","sticky":false,"template":"","format":"standard","meta":[],"categories":[51,53,52],"tags":[79082,97061,97024,1247,97062,63101],"views":206,"_links":{"self":[{"href":"https:\/\/www.enerjigazetesi.ist\/en\/wp-json\/wp\/v2\/posts\/143126"}],"collection":[{"href":"https:\/\/www.enerjigazetesi.ist\/en\/wp-json\/wp\/v2\/posts"}],"about":[{"href":"https:\/\/www.enerjigazetesi.ist\/en\/wp-json\/wp\/v2\/types\/post"}],"author":[{"embeddable":true,"href":"https:\/\/www.enerjigazetesi.ist\/en\/wp-json\/wp\/v2\/users\/1"}],"replies":[{"embeddable":true,"href":"https:\/\/www.enerjigazetesi.ist\/en\/wp-json\/wp\/v2\/comments?post=143126"}],"version-history":[{"count":0,"href":"https:\/\/www.enerjigazetesi.ist\/en\/wp-json\/wp\/v2\/posts\/143126\/revisions"}],"wp:featuredmedia":[{"embeddable":true,"href":"https:\/\/www.enerjigazetesi.ist\/en\/wp-json\/wp\/v2\/media\/143131"}],"wp:attachment":[{"href":"https:\/\/www.enerjigazetesi.ist\/en\/wp-json\/wp\/v2\/media?parent=143126"}],"wp:term":[{"taxonomy":"category","embeddable":true,"href":"https:\/\/www.enerjigazetesi.ist\/en\/wp-json\/wp\/v2\/categories?post=143126"},{"taxonomy":"post_tag","embeddable":true,"href":"https:\/\/www.enerjigazetesi.ist\/en\/wp-json\/wp\/v2\/tags?post=143126"}],"curies":[{"name":"wp","href":"https:\/\/api.w.org\/{rel}","templated":true}]}}