{"id":143085,"date":"2021-09-30T13:50:30","date_gmt":"2021-09-30T10:50:30","guid":{"rendered":"https:\/\/www.enerjigazetesi.ist\/?p=143085"},"modified":"2021-09-30T13:54:30","modified_gmt":"2021-09-30T10:54:30","slug":"turkiye-nin-iklim-direncini-artiracak-somut-oneriler","status":"publish","type":"post","link":"https:\/\/www.enerjigazetesi.ist\/en\/turkiye-nin-iklim-direncini-artiracak-somut-oneriler\/","title":{"rendered":"(Turkish) T\u00fcrkiye\u2019nin \u0130klim Direncini Art\u0131racak Somut \u00d6neriler&#8230;"},"content":{"rendered":"<p class=\"qtranxs-available-languages-message qtranxs-available-languages-message-en\">Sorry, this entry is only available in <a href=\"https:\/\/www.enerjigazetesi.ist\/tr\/wp-json\/wp\/v2\/posts\/143085\" class=\"qtranxs-available-language-link qtranxs-available-language-link-tr\" title=\"Turkish\">Turkish<\/a>. For the sake of viewer convenience, the content is shown below in the alternative language. You may click the link to switch the active language.<\/p><p><\/p>\n<h2><strong>TSKB ve s\u00fcrd\u00fcr\u00fclebilirlik alan\u0131nda dan\u0131\u015fmanl\u0131k hizmeti veren i\u015ftiraki Escarus\u2019un \u0130klim Finansman\u0131 Sponsorlu\u011funu \u00fcstlendi\u011fi, 7. \u0130stanbul Karbon E-Zirvesi ger\u00e7ekle\u015ftirildi. \u201c\u0130klim Diren\u00e7li T\u00fcrkiye \u0130\u00e7in Ye\u015fil Toparlanma: At\u0131k ve Enerji Y\u00f6netiminin Rol\u00fc\u201d ba\u015fl\u0131kl\u0131 zirvede, T\u00fcrkiye\u2019nin iklim direncinin y\u00fckseltilmesine y\u00f6nelik strateji ve uygulamalar ele al\u0131n\u0131rken, TSKB ve Escarus\u00a0<\/strong><strong><em>\u2018<\/em><\/strong><strong>Yeni Ye\u015fil Yol: F\u0131rsatlar ve Zorluklar\u2019 ba\u015fl\u0131kl\u0131 oturuma ev sahipli\u011fi yapt\u0131.<\/strong><\/h2>\n<p><strong>T\u00fcrkiye S\u0131nai Kalk\u0131nma Bankas\u0131 (TSKB)<\/strong> ve s\u00fcrd\u00fcr\u00fclebilirlik \u00e7\u00f6z\u00fcmleri ile i\u015f d\u00fcnyas\u0131n\u0131n d\u00f6n\u00fc\u015f\u00fcm\u00fc y\u00f6n\u00fcnde dan\u0131\u015fmanl\u0131k hizmeti veren i\u015ftiraki <strong>Escarus<\/strong>\u2019un <strong>\u0130klim Finansman\u0131 Sponsorlu\u011fu<\/strong>nu \u00fcstlendi\u011fi,<strong> \u00c7evre ve \u015eehircilik Bakanl\u0131\u011f\u0131, \u0130stanbul Teknik \u00dcniversitesi (\u0130T\u00dc)<\/strong> <img loading=\"lazy\" class=\"alignright wp-image-143087\" src=\"https:\/\/www.enerjigazetesi.ist\/wp-content\/uploads\/2021\/09\/turkiye-nin-iklim-direncini-artiracak-somut-oneriler-1.jpg\" alt=\"\" width=\"320\" height=\"272\" srcset=\"https:\/\/www.enerjigazetesi.ist\/wp-content\/uploads\/2021\/09\/turkiye-nin-iklim-direncini-artiracak-somut-oneriler-1.jpg 550w, https:\/\/www.enerjigazetesi.ist\/wp-content\/uploads\/2021\/09\/turkiye-nin-iklim-direncini-artiracak-somut-oneriler-1-300x255.jpg 300w, https:\/\/www.enerjigazetesi.ist\/wp-content\/uploads\/2021\/09\/turkiye-nin-iklim-direncini-artiracak-somut-oneriler-1-470x400.jpg 470w, https:\/\/www.enerjigazetesi.ist\/wp-content\/uploads\/2021\/09\/turkiye-nin-iklim-direncini-artiracak-somut-oneriler-1-59x50.jpg 59w, https:\/\/www.enerjigazetesi.ist\/wp-content\/uploads\/2021\/09\/turkiye-nin-iklim-direncini-artiracak-somut-oneriler-1-500x425.jpg 500w\" sizes=\"(max-width: 320px) 100vw, 320px\" \/>ve <strong>S\u00fcrd\u00fcr\u00fclebilir \u00dcretim ve T\u00fcketim Derne\u011fi\u2019nin (S\u00dcT-D)<\/strong> ana destek\u00e7isi oldu\u011fu 7. \u0130stanbul Karbon E-Zirvesi ger\u00e7ekle\u015ftirildi. <em>\u2018\u0130klim Diren\u00e7li T\u00fcrkiye \u0130\u00e7in Ye\u015fil Toparlanma At\u0131k ve Enerji Y\u00f6netiminin Rol\u00fc\u2019<\/em> ba\u015fl\u0131kl\u0131 zirvede, T\u00fcrkiye\u2019nin\u00a0iklim direncinin y\u00fckseltilmesinin yan\u0131 s\u0131ra <strong>ekonomi<\/strong> ve <strong>i\u015f d\u00fcnyas\u0131na<\/strong> y\u00f6nelik strateji ve uygulamalar ele al\u0131nd\u0131. Escarus moderat\u00f6rl\u00fc\u011f\u00fcnde ger\u00e7ekle\u015fen ve\u00a0<strong>TSKB, T\u00fcrkiye Kalk\u0131nma ve Yat\u0131r\u0131m Bankas\u0131<\/strong> ile <strong>EBRD (<em>Avrupa<\/em>\u00a0\u0130mar ve <\/strong><em><strong>Kalk\u0131nma Bankas\u0131)<\/strong> y\u00f6neticilerinin panelist olarak yer ald\u0131\u011f\u0131 <strong>\u2018<\/strong><\/em><strong>Yeni Ye\u015fil Yol: F\u0131rsatlar ve Zorluklar\u2019<\/strong> ba\u015fl\u0131kl\u0131 oturumda ye\u015fil strateji ve yakla\u015f\u0131mlar konusunda g\u00fcncel y\u00f6nelimler, f\u0131rsatlar, zorluklar ve beklentiler de\u011ferlendirdi.<\/p>\n<p><strong>S\u00fcrd\u00fcr\u00fclebilir \u00dcretim ve T\u00fcketim Derne\u011fi<\/strong>\u2019nin karbon ayak izini d\u00fc\u015f\u00fcrerek \u00fclkemizin iklim krizine kar\u015f\u0131 direncini art\u0131ran kurulu\u015flar\u0131 \u00f6d\u00fcllendirdi\u011fi <strong>E-Zirve<\/strong>\u2019de <strong>TSKB<\/strong>, <em>\u201cYenilik\u00e7i S\u00fcrd\u00fcr\u00fclebilir Finansman \u00c7\u00f6z\u00fcmleri\u201d<\/em> kategorisinde \u00f6d\u00fcle lay\u0131k g\u00f6r\u00fcld\u00fc.<\/p>\n<h3><strong>Dr. Kubilay Kavak: \u201cAvrupa Ye\u015fil Mutabakat\u0131 sadece bir karbon ticareti meselesi de\u011fil, b\u00fcy\u00fck bir zihni d\u00f6n\u00fc\u015f\u00fcm\u00fcn i\u015faret fi\u015fe\u011fidir.\u201d\u00a0<\/strong><\/h3>\n<p><em>\u2018<\/em>Yeni Ye\u015fil Yol: F\u0131rsatlar ve Zorluklar\u2019 ba\u015fl\u0131kl\u0131 oturumun moderat\u00f6rl\u00fc\u011f\u00fcn\u00fc\u00a0\u00fcstlenen\u00a0Escarus Genel M\u00fcd\u00fcr\u00fc Dr. Kubilay Kavak, Avrupa Ye\u015fil Mutabakat\u0131\u2019na y\u00f6nelik de\u011ferlendirmesinde, <em>\u201cAvrupa Ye\u015fil Mutabakat\u0131 sadece bir karbon ticareti meselesi de\u011fil, b\u00fcy\u00fck bir zihni d\u00f6n\u00fc\u015f\u00fcm\u00fcn i\u015faret fi\u015fe\u011fidir, bir iktisadi paradigma de\u011fi\u015fikli\u011fine y\u00f6nelik \u00f6nc\u00fc g\u00f6stergedir\u201d ifadelerini kullan\u0131rken, panelin ba\u015fl\u0131\u011f\u0131na y\u00f6nelik \u015fu a\u00e7\u0131klamalarda bulundu: \u201cB\u00fct\u00fcn bu s\u00fcreci \u00f6zetlemek i\u00e7in \u00fc\u00e7 kritik kelime oldu\u011funu d\u00fc\u015f\u00fcn\u00fcyoruz: Birincisi \u2018yeni\u2019. \u00c7ok eskiden beri d\u00fcnyan\u0131n \u00e7ok \u00e7e\u015fitli b\u00f6lgelerinde birtak\u0131m y\u0131prat\u0131c\u0131 hava olaylar\u0131 meydana gelirdi. Art\u0131k bu olaylar\u0131n tekrarlanma s\u0131kl\u0131klar\u0131 ve \u015fiddetleri artmaya ba\u015flad\u0131. Bu sene Akdeniz ku\u015fa\u011f\u0131ndaki bir\u00e7ok Avrupa \u00fclkesi yang\u0131n felaketleriyle m\u00fccadele etti, Karadeniz B\u00f6lgesi \u00e7ok \u015fiddetli sel felaketleriyle kar\u015f\u0131 kar\u015f\u0131ya kald\u0131. Teksas\u2019ta, eyaletin sakinlerini konfor standartlar\u0131 a\u00e7\u0131s\u0131ndan neredeyse y\u00fcz sene \u00f6ncesine d\u00f6nd\u00fcren, elektriksiz ve do\u011fal gazs\u0131z b\u0131rakan ve bir anda bast\u0131ran deh\u015fet k\u0131\u015f \u015fartlar\u0131 ya\u015fand\u0131. Dolay\u0131s\u0131yla ba\u015ftan a\u015fa\u011f\u0131ya yeni bir durumla kar\u015f\u0131 kar\u015f\u0131yay\u0131z. Neden \u2018ye\u015fil\u2019? \u00c7\u00fcnk\u00fc bu yeni duruma \u00fcretilecek cevab\u0131n temel rengi ye\u015fil. \u0130klim Anla\u015fmas\u0131\u2019ndan AB Ye\u015fil Mutabakat\u0131\u2019na ve IMF\u2019nin ye\u015fil toparlanma \u00e7a\u011fr\u0131s\u0131na kadar k\u00fcresel d\u00fczeyde kar\u015f\u0131l\u0131k g\u00f6ren b\u00fct\u00fcn politika metinleri ye\u015fil bir tutum \u00f6neriyor. Son olarak \u2018yol\u2019. \u0130klim de\u011fi\u015fikli\u011fiyle m\u00fccadelede bir mutabakat sa\u011flanmas\u0131 \u00e7ok uzun s\u00fcre ald\u0131 ama geldi\u011fimiz nokta itibar\u0131yla bu uzun ince yol, \u00e7ok \u015feritli bir otobana d\u00f6n\u00fc\u015f\u00fcyor. Art\u0131k Biden y\u00f6netimiyle birlikte ABD\u2019nin, yeni pozisyonu ile \u00c7in\u2019in, K\u0131ta Avrupas\u0131\u2019n\u0131n ve \u0130ngiltere\u2019nin kar\u015f\u0131l\u0131kl\u0131 m\u00fczakere ve liderli\u011fi ile y\u00fcr\u00fct\u00fclen yeni bir d\u00f6neme girdi\u011fimizi g\u00f6r\u00fcyoruz\u201d<\/em> dedi.<\/p>\n<h3><strong>Tulu Ertem: \u201cEnerji ve kaynak verimlili\u011fi ile d\u00f6ng\u00fcsel ekonomiye odakland\u0131\u011f\u0131m\u0131z takdirde uluslararas\u0131 finansmandan ald\u0131\u011f\u0131m\u0131z pay y\u00fckselecektir.\u201d<\/strong><\/h3>\n<p><strong>\u0130klim krizindeki e\u011frinin<\/strong> nas\u0131l de\u011fi\u015fece\u011fine y\u00f6nelik de\u011ferlendirmelerde bulunan Tulu Ertem,<em> \u201cBug\u00fcn geldi\u011fimiz noktada iklim problemi her birimizin hayat\u0131na yans\u0131maya ve \u015firketlerin finansal boyutunu etkilemeye ba\u015flad\u0131. Art\u0131k finansmanlara ula\u015fmak i\u00e7in iklim risklerini devlet ve \u00f6zel sekt\u00f6r olarak g\u00fcndemimize almam\u0131z gerekiyor. Enerji ve kaynak verimlili\u011fi ile d\u00f6ng\u00fcsel ekonomi \u00f6n\u00fcm\u00fczdeki d\u00f6nemde yat\u0131r\u0131m yapmam\u0131z gereken alanlar. Bu konulara odakland\u0131\u011f\u0131m\u0131z takdirde uluslararas\u0131 finansmandan ald\u0131\u011f\u0131m\u0131z pay y\u00fckselecektir. Bu d\u00f6nemi bir f\u0131rsat olarak g\u00f6rmeliyiz. \u00d6te yandan iklim de\u011fi\u015fikli\u011fi art\u0131k d\u00f6rt mevsim gibi bir ger\u00e7ek haline geldi. \u0130klim de\u011fi\u015fikli\u011fini mutlaka \u00e7ocuklar\u0131m\u0131z\u0131n e\u011fitimine bir ders olarak girmesi gerekiyor\u201d<\/em> dedi.<\/p>\n<p>\u015eirketlerin bu alanda yapmas\u0131 gereken \u00e7al\u0131\u015fmalara da de\u011finen Ertem,<em> \u201cProseslerimizde enerji ve kaynak verimlili\u011fi, yenilenebilir enerji kullan\u0131m\u0131, kirlilik \u00f6nleme ve d\u00f6ng\u00fcsel ekonomi alan\u0131na odaklanmak gerekiyor. Adaptasyon yat\u0131r\u0131mlar\u0131n\u0131 yapmak ve <strong>sera gazlar\u0131n\u0131 \u00f6l\u00e7mek<\/strong> \u00f6nemli ba\u015fl\u0131klardan biri. En ba\u015fta \u00fcretimimiz kaynakl\u0131 <strong>emisyonlar\u0131 azaltmam\u0131z<\/strong> \u015firketlerin faaliyetlerini s\u00fcrd\u00fcrebilmeleri i\u00e7in \u00f6nemli bir konu haline geldi. Yurt d\u0131\u015f\u0131nda \u00fcr\u00fcnlerimizi raflarda g\u00f6rmek istiyorsak bunlar\u0131 yapmak zorunday\u0131z\u201d<\/em> ifadelerini kulland\u0131.<\/p>\n<p>Bilim temelli hedefler kapsam\u0131nda da bir\u00e7ok \u00e7al\u0131\u015fma y\u00fcr\u00fctt\u00fcklerini belirten Ertem, <em>\u201cTemel amac\u0131m\u0131z emisyonu yerinde azaltmak olmal\u0131. Asl\u0131nda \u00e7ok basit \u00f6nlemlerle \u00e7ok ciddi azalt\u0131mlar sa\u011flayabiliyoruz. \u00d6rne\u011fin yang\u0131n s\u00f6nd\u00fcr\u00fcc\u00fc gaz\u0131. Mevcut gaz yerine sera gaz\u0131 etkisi daha d\u00fc\u015f\u00fck gaza ge\u00e7i\u015f yaparak gaz ka\u00e7aklar\u0131 nedeniyle ortaya \u00e7\u0131kan emisyonlarda ciddi azalt\u0131mlar sa\u011flayabilece\u011fimizi g\u00f6rd\u00fck. Ayr\u0131ca elektrikli araca ge\u00e7i\u015f ve mevcut makine ekipmanlar\u0131m\u0131z\u0131 yenileme gibi \u00f6nlemlerle k\u0131sa s\u00fcrede hedeflerimize ula\u015fabilece\u011fimizi \u00f6ng\u00f6r\u00fcyoruz\u201d<\/em> dedi.<\/p>\n<h3><strong>Tulu Ertem:\u00a0<em>\u201c<\/em><\/strong><strong>Kredilerimizin % 90\u2019\u0131 S\u00fcrd\u00fcr\u00fclebilir Kalk\u0131nma Ama\u00e7lar\u0131na y\u00f6nelik\u201d<\/strong><\/h3>\n<p>TSKB M\u00fchendislik ve Teknik Dan\u0131\u015fmanl\u0131k B\u00f6l\u00fcm\u00fc Grup Y\u00f6neticisi Tulu Ertem, oturumda yapt\u0131\u011f\u0131 konu\u015fmas\u0131nda TSKB\u2019nin \u00e7al\u0131\u015fmalar\u0131 hakk\u0131nda detayl\u0131 bilgi verdi. TSKB\u2019nin kredi portf\u00f6y\u00fcn\u00fcn y\u00fczde 90\u2019\u0131n\u0131n BM S\u00fcrd\u00fcr\u00fclebilir Kalk\u0131nma Ama\u00e7lar\u0131na dokunan yat\u0131r\u0131mlardan olu\u015ftu\u011funu s\u00f6yleyen Ertem \u015f\u00f6yle konu\u015ftu: <em>\u201cTSKB bug\u00fcne kadar <strong>hidroelektrik santral, r\u00fczg\u00e2r, g\u00fcne\u015f, jeotermal, biyogaz<\/strong> olmak \u00fczere 375 adet <strong>yenilenebilir enerji<\/strong> projesini finanse etti. Bu da yakla\u015f\u0131k 7150 MW, yani T\u00fcrkiye\u2019nin kurulu g\u00fcc\u00fcn\u00fcn y\u00fczde 13-14\u2019\u00fc gibi bir rakama denk geliyor. Finanse etti\u011fimiz projelerin da\u011f\u0131l\u0131mlar\u0131na bak\u0131ld\u0131\u011f\u0131nda r\u00fczg\u00e2r ve g\u00fcne\u015f enerjilerinin art\u0131\u015f trendinde oldu\u011funu s\u00f6yleyebiliriz. 2021 y\u0131l\u0131nda T\u00fcrkiye \u0130klim Riskleri Raporu\u2019nu yay\u0131mlad\u0131k ve bu rapor kapsam\u0131nda finansal etki ve hedeflerimizi olu\u015fturduk. 2030 y\u0131l\u0131na kadar s\u00fcrd\u00fcr\u00fclebilir kalk\u0131nma ama\u00e7l\u0131 kredilerimizin <strong>8 milyar dolar\u0131n \u00fczerinde<\/strong> olmas\u0131n\u0131 hedefliyoruz. Ayn\u0131 s\u00fcre i\u00e7erisinde iklim de\u011fi\u015fikli\u011fi ve \u00e7evre odakl\u0131 SKA\u2019lara dokunan kredi portf\u00f6y\u00fcm\u00fcz\u00fc de <strong>y\u00fczde 60<\/strong> seviyesinin \u00fczerine \u00e7\u0131karmak bir di\u011fer hedefimiz.\u00a0Faaliyetlerimizin yaratt\u0131\u011f\u0131 etki boyutuna ili\u015fkin olarak bilim temelli hedeflerimizi belirledik.\u00a0D\u00fcnyada hen\u00fcz <strong>Science Based Target Initiative<\/strong> taraf\u0131ndan hedefleri onaylanan herhangi bir finans kurulu\u015fu bulunmuyor. TSKB olarak bu onay\u0131 almak i\u00e7in \u00e7al\u0131\u015fmalar ba\u015flatt\u0131k ve kapsam 1 emisyonlar\u0131m\u0131z\u0131 2030 y\u0131l\u0131na kadar <strong>y\u00fczde 42<\/strong>, 2035 y\u0131l\u0131na kadar da<strong> y\u00fczde 63<\/strong> azaltmay\u0131 taahh\u00fct ettik. Di\u011fer yandan, finanse etti\u011fimiz yat\u0131r\u0131mlar\u0131n <strong>karbon emisyonlar\u0131n\u0131<\/strong> nas\u0131l \u00f6l\u00e7ece\u011fimize dair \u00e7al\u0131\u015fmalara da ba\u015flam\u0131\u015f bulunuyoruz.\u201d<\/em><\/p>","protected":false},"excerpt":{"rendered":"<p>Sorry, this entry is only available in Turkish. For the sake of viewer convenience, the content is shown below in the alternative language. You may click the link to switch the active language. TSKB ve s\u00fcrd\u00fcr\u00fclebilirlik alan\u0131nda dan\u0131\u015fmanl\u0131k hizmeti veren i\u015ftiraki Escarus\u2019un \u0130klim Finansman\u0131 Sponsorlu\u011funu \u00fcstlendi\u011fi, 7. \u0130stanbul Karbon E-Zirvesi ger\u00e7ekle\u015ftirildi. \u201c\u0130klim Diren\u00e7li T\u00fcrkiye \u0130\u00e7in [&hellip;]<\/p>\n","protected":false},"author":1,"featured_media":143090,"comment_status":"open","ping_status":"open","sticky":false,"template":"","format":"standard","meta":[],"categories":[51,53,52],"tags":[91497,640,4850,227,4639,58,69,97040,1296,1489,35111,96037],"views":217,"_links":{"self":[{"href":"https:\/\/www.enerjigazetesi.ist\/en\/wp-json\/wp\/v2\/posts\/143085"}],"collection":[{"href":"https:\/\/www.enerjigazetesi.ist\/en\/wp-json\/wp\/v2\/posts"}],"about":[{"href":"https:\/\/www.enerjigazetesi.ist\/en\/wp-json\/wp\/v2\/types\/post"}],"author":[{"embeddable":true,"href":"https:\/\/www.enerjigazetesi.ist\/en\/wp-json\/wp\/v2\/users\/1"}],"replies":[{"embeddable":true,"href":"https:\/\/www.enerjigazetesi.ist\/en\/wp-json\/wp\/v2\/comments?post=143085"}],"version-history":[{"count":0,"href":"https:\/\/www.enerjigazetesi.ist\/en\/wp-json\/wp\/v2\/posts\/143085\/revisions"}],"wp:featuredmedia":[{"embeddable":true,"href":"https:\/\/www.enerjigazetesi.ist\/en\/wp-json\/wp\/v2\/media\/143090"}],"wp:attachment":[{"href":"https:\/\/www.enerjigazetesi.ist\/en\/wp-json\/wp\/v2\/media?parent=143085"}],"wp:term":[{"taxonomy":"category","embeddable":true,"href":"https:\/\/www.enerjigazetesi.ist\/en\/wp-json\/wp\/v2\/categories?post=143085"},{"taxonomy":"post_tag","embeddable":true,"href":"https:\/\/www.enerjigazetesi.ist\/en\/wp-json\/wp\/v2\/tags?post=143085"}],"curies":[{"name":"wp","href":"https:\/\/api.w.org\/{rel}","templated":true}]}}