{"id":14302,"date":"2013-08-21T09:40:59","date_gmt":"2013-08-21T06:40:59","guid":{"rendered":"https:\/\/www.enerjigazetesi.ist\/?p=14302"},"modified":"2013-08-21T09:40:59","modified_gmt":"2013-08-21T06:40:59","slug":"taner-yildiz-gunes-enerjili-araba-ariba-6%e2%80%b2yi-kullandi","status":"publish","type":"post","link":"https:\/\/www.enerjigazetesi.ist\/en\/taner-yildiz-gunes-enerjili-araba-ariba-6%e2%80%b2yi-kullandi\/","title":{"rendered":"(Turkish) Taner Y\u0131ld\u0131z, G\u00fcne\u015f Enerjili Araba ARIBA 6\u2032y\u0131 Kulland\u0131"},"content":{"rendered":"<p class=\"qtranxs-available-languages-message qtranxs-available-languages-message-en\">Sorry, this entry is only available in <a href=\"https:\/\/www.enerjigazetesi.ist\/tr\/wp-json\/wp\/v2\/posts\/14302\" class=\"qtranxs-available-language-link qtranxs-available-language-link-tr\" title=\"Turkish\">Turkish<\/a>. For the sake of viewer convenience, the content is shown below in the alternative language. You may click the link to switch the active language.<\/p><p><strong>Enerji Bakan\u0131 Taner Y\u0131ld\u0131z, \u0130T\u00dc \u00f6\u011frencilerinin Avustralya\u2019daki uluslararas\u0131 yar\u0131\u015fmaya kat\u0131lmak i\u00e7in tasarlad\u0131klar\u0131 \u201cARIBA 6\u2033 isimli arac\u0131 kulland\u0131. Enerji ve Tabii Kaynaklar Bakan\u0131 Taner Y\u0131ld\u0131z, \u0130stanbul Teknik \u00dcniversitesi (\u0130T\u00dc) \u00f6\u011frencilerinin Avustralya\u2019daki uluslararas\u0131 yar\u0131\u015fmaya kat\u0131lmak i\u00e7in tasarlad\u0131klar\u0131 \u201cARIBA 6\u2033 isimli arac\u0131 kulland\u0131.Bakan Y\u0131ld\u0131z, Avustralya\u2019da uluslararas\u0131 yar\u0131\u015fmaya kat\u0131lacak \u201c\u0130T\u00dc G\u00fcne\u015f Enerjisi Arabas\u0131\u201dn\u0131 tasarlayan \u00f6\u011frencileri bakanl\u0131kta kabul etti.<\/strong><\/p>\n<p>Kendisinin de \u0130T\u00dc mezunu oldu\u011funu ifade eden Y\u0131ld\u0131z, heyecan verici bir g\u00fcn ya\u015fad\u0131klar\u0131n\u0131, \u00f6\u011frencilerin beraberlerinde ticarile\u015fmesinden \u00fcmitli olduklar\u0131 g\u00fcne\u015f enerjisiyle \u00e7al\u0131\u015fan bir arabay\u0131 getirdiklerini s\u00f6yledi.Y\u0131ld\u0131z, \u00f6\u011frencilerin \u00e7al\u0131\u015fmas\u0131n\u0131 T\u00fcrkiye\u2019nin gelece\u011fiyle ilgili \u00f6nemlibir proje olarak g\u00f6rd\u00fcklerini vurgulad\u0131.\u201dG\u00fcne\u015fin ba\u015f\u0131m\u0131z\u0131n \u00fczerinde yeri var.<\/p>\n<p>Normalde g\u00fcne\u015f yakar ama in\u015fallah bizim cebimizi serinletecek\u201d diyen Y\u0131ld\u0131z, g\u00fcne\u015f enerjisinde 600 megavatl\u0131k lisans i\u00e7in piyasaya a\u00e7\u0131ld\u0131klar\u0131n\u0131 bunun yakla\u015f\u0131k 15 kat\u0131, yani 9 bin\u00a0megavata yak\u0131n m\u00fcracaat geldi\u011fini bildirdi.Konya, Karaman, Kayseri, Antalya, \u015eanl\u0131urfa gibi g\u00fcne\u015fi son derece net\u00a0alan illerde g\u00fcne\u015f santrallerinin \u00f6n\u00fcn\u00fc a\u00e7t\u0131klar\u0131n\u0131 anlatan Y\u0131ld\u0131z, lisansa tabi olmadan yar\u0131m megavatl\u0131k s\u0131n\u0131r\u0131 1 megavata \u00e7\u0131kard\u0131klar\u0131n\u0131, Bakanlar Kurulu\u2019na 2,5 kat\u0131na kadar \u00e7\u0131karma yetkisi ald\u0131klar\u0131n\u0131 ifade etti. Y\u0131ld\u0131z, yat\u0131r\u0131mc\u0131y\u0131 ve yerli\u00a0\u00fcreticiyi desteklediklerini kaydetti.<\/p>\n<p>Arac\u0131n ne kadar\u0131n\u0131n yerli oldu\u011funu s<a href=\"https:\/\/www.enerjigazetesi.ist\/wp-content\/uploads\/2013\/08\/taner-yildiz-gunes-enerjili-araba-ariba-6yi-kullandi.jpg\"><img loading=\"lazy\" class=\"alignleft size-medium wp-image-14303\" title=\"taner-yildiz-gunes-enerjili-araba-ariba-6yi-kullandi\" src=\"https:\/\/www.enerjigazetesi.ist\/wp-content\/uploads\/2013\/08\/taner-yildiz-gunes-enerjili-araba-ariba-6yi-kullandi-300x205.jpg\" alt=\"\" width=\"300\" height=\"205\" srcset=\"https:\/\/www.enerjigazetesi.ist\/wp-content\/uploads\/2013\/08\/taner-yildiz-gunes-enerjili-araba-ariba-6yi-kullandi-300x205.jpg 300w, https:\/\/www.enerjigazetesi.ist\/wp-content\/uploads\/2013\/08\/taner-yildiz-gunes-enerjili-araba-ariba-6yi-kullandi-72x50.jpg 72w, https:\/\/www.enerjigazetesi.ist\/wp-content\/uploads\/2013\/08\/taner-yildiz-gunes-enerjili-araba-ariba-6yi-kullandi.jpg 451w\" sizes=\"(max-width: 300px) 100vw, 300px\" \/><\/a>oran Y\u0131ld\u0131z, \u201cy\u00fczde 85\u2032i yerli\u201d cevab\u0131 \u00fczerine\u201d, \u201cBize proje yapsayd\u0131n\u0131z, te\u015fvik al\u0131rd\u0131n\u0131z\u201d diye konu\u015ftu.T\u00fcrkiye\u2019de 2012\u2032de ithal edilen 60 milyar dolarl\u0131k enerji kaleminin yar\u0131s\u0131ndan fazlas\u0131n\u0131n, 33 milyar dolarl\u0131k k\u0131sm\u0131n\u0131n ula\u015f\u0131mda kullan\u0131ld\u0131\u011f\u0131na dikkati \u00e7eken Y\u0131ld\u0131z, \u201cSizin 2 liraya geldi\u011finiz mesafeyi arac\u0131na g\u00f6re, motor hacmine g\u00f6re 800-1000 liraya gelen otomotivler var\u201d dedi.Y\u0131ld\u0131z, bu t\u00fcr projelerin ticarile\u015fmesinin ve geli\u015ftirilmesinin T\u00fcrkiye i\u00e7in \u00e7ok \u00f6nemli oldu\u011funu, b\u00f6ylece yak\u0131tta d\u0131\u015fa ba\u011f\u0131ml\u0131l\u0131\u011f\u0131n azalaca\u011f\u0131n\u0131 dile getirdi.<\/p>\n<h2>\u0130stanbul-Ankara aras\u0131 2 lira<\/h2>\n<p>Daha sonra \u00f6\u011frenci temsilcileri proje hakk\u0131nda bilgi verdi. Buna g\u00f6re, \u0130T\u00dc b\u00fcnyesinde g\u00fcne\u015f enerjili araba \u00e7al\u0131\u015fmalar\u0131 2004\u2032te ba\u015flad\u0131. \u0130T\u00dc ekibi, 2009\u2032da d\u00fczenlenen ve d\u00fcnyan\u0131n en prestijli \u00fcniversitelerinin kat\u0131ld\u0131\u011f\u0131 Avusturalya yar\u0131\u015f\u0131na kat\u0131lan ara\u00e7la en iyi yeni kat\u0131l\u0131mc\u0131 \u00f6d\u00fcl\u00fc ald\u0131.\u00d6\u011frenciler ekim ay\u0131nda yap\u0131lacak 2013 yar\u0131\u015f\u0131na kat\u0131labilmek i\u00e7in Bakan Y\u0131ld\u0131z\u2019dan destek istedi.Bakan Y\u0131ld\u0131z\u2019\u0131n \u0130stanbul\u2019dan Ankara\u2019ya gelirken ka\u00e7 lira masraf yapt\u0131klar\u0131 sorusuna \u00f6\u011frenciler arac\u0131n sa\u00e7 kurutma akinas\u0131 kadar enerji harcad\u0131\u011f\u0131n\u0131 ve 2 liral\u0131k bir masraf yapt\u0131klar\u0131 cevab\u0131n\u0131 verdi.Y\u0131ld\u0131z\u2019\u0131n, arac\u0131 ka\u00e7 saat kulland\u0131klar\u0131n\u0131 sormas\u0131 \u00fczerine \u00f6\u011frenciler,3-4 saatlik bir s\u00fcr\u00fc\u015f yapt\u0131klar\u0131n\u0131, gece arac\u0131n g\u00f6r\u00fcnmemesi nedeniyle tehlike olu\u015fturmamak i\u00e7in kamyona y\u00fcklediklerini s\u00f6yledi.<\/p>\n<h2>\u201cAlmak istesek ka\u00e7 lira olur?\u201d<\/h2>\n<p>Arac\u0131n maliyetini merak eden Bakan Y\u0131ld\u0131z, \u00f6\u011frencilere, \u201cAlmak istesekka\u00e7 lira olur? diye sordu. \u00d6\u011frenciler, 75-80 bin liraya g\u00fcne\u015f enerjili bir ara\u00e7 \u00fcretilebilece\u011fini, yar\u0131\u015f i\u00e7in tasarlad\u0131klar\u0131 arac\u0131n maliyetinin ise 300 bin liray\u0131 buldu\u011funu belirtti. Bakan Y\u0131ld\u0131z, \u201c60-70 bin liraya yaparsan\u0131z bir tane sipari\u015f verebiliriz\u201d dedi.\u00d6\u011frenciler, yolda seyir halindeyken nas\u0131l tepkiler ald\u0131klar\u0131n\u0131n\u00a0sorulmas\u0131 \u00fczerine, \u201cTrafi\u011fi t\u0131kamaktan korktuk biraz. S\u00fcr\u00fcc\u00fcler s\u00fcrekli durup foto\u011fraf \u00e7ekmek istediler. Foto\u011fraf \u00e7ekmek i\u00e7in direksiyonu b\u0131rakan birka\u00e7 ki\u015fi g\u00f6rd\u00fck. O biraz tedirgin edici oldu. Onun d\u0131\u015f\u0131nda a\u015f\u0131r\u0131 bir zorlukla kar\u015f\u0131la\u015fmad\u0131\u201d cevab\u0131n\u0131 verdi.Bakan Y\u0131ld\u0131z\u2019\u0131n, \u201c(Uzayl\u0131 muamelesi g\u00f6rd\u00fcn\u00fcz m\u00fc?) diye soruyorlar\u201d ifadesi \u00fczerine \u00f6\u011frenciler, \u201cBiraz g\u00f6r\u00fcyoruz. Tekerleri g\u00f6r\u00fcnmedi\u011fi i\u00e7in araba oldu\u011funu biraz ge\u00e7 anl\u0131yor insanlar\u201d dedi.<\/p>\n<h2>Bakan Y\u0131ld\u0131z\u2019dan 30 bin lira destek<\/h2>\n<p>Konu\u015fmalar\u0131n ard\u0131ndan Taner Y\u0131ld\u0131z ve \u00f6\u011frenciler, bakanl\u0131k bah\u00e7esindeki arac\u0131n yan\u0131na gitti.Y\u0131ld\u0131z, burada yapt\u0131\u011f\u0131 a\u00e7\u0131klamada, \u00f6\u011frencilerin kendisine yar\u0131\u015fmaya kat\u0131lma konusunda eksikleri bulundu\u011funu anlatt\u0131\u011f\u0131n\u0131, bir \u0130T\u00dc mezunu olarak 30 bin lira destekte bulunmaya karar verdi\u011fini s\u00f6yledi.Arac\u0131n dizayn\u0131n\u0131n \u00e7ok \u015f\u0131k oldu\u011funu belirten Y\u0131ld\u0131z, daha sonra araca bindi. Y\u0131ld\u0131z, ara\u00e7ta insan\u0131n kendisini pilot gibi hissetti\u011fini ve olduk\u00e7a rahat oldu\u011funu ifade etti.Taner Y\u0131ld\u0131z, bakanl\u0131k bah\u00e7esinde arac\u0131 bir s\u00fcre kulland\u0131.Bir gazetecinin, \u201cMakam arac\u0131 olarak tercih eder misiniz?\u201d sorusuna,\u201dMakam arac\u0131 olarak da ilerde de\u011ferlendirilecektir. B\u00f6yle bir durumda ilk de\u011ferlendirecek olan Enerji ve Tabii Kaynaklar Bakanl\u0131\u011f\u0131 olmal\u0131\u201d dedi.<\/p>\n<p>Kaynak: <a href=\"http:\/\/enerjienstitusu.com\/2013\/08\/20\/taner-yildiz-gunes-enerjili-araba-ariba-6yi-kullandi\/\" target=\"_blank\">Enerji Enstit\u00fcs\u00fc<\/a><\/p>","protected":false},"excerpt":{"rendered":"<p>Sorry, this entry is only available in Turkish. For the sake of viewer convenience, the content is shown below in the alternative language. You may click the link to switch the active language.Enerji Bakan\u0131 Taner Y\u0131ld\u0131z, \u0130T\u00dc \u00f6\u011frencilerinin Avustralya\u2019daki uluslararas\u0131 yar\u0131\u015fmaya kat\u0131lmak i\u00e7in tasarlad\u0131klar\u0131 \u201cARIBA 6\u2033 isimli arac\u0131 kulland\u0131. Enerji ve Tabii Kaynaklar Bakan\u0131 Taner [&hellip;]<\/p>\n","protected":false},"author":1,"featured_media":14303,"comment_status":"open","ping_status":"open","sticky":false,"template":"","format":"standard","meta":[],"categories":[53,49],"tags":[7771,710,63,67,1009,165,7772,667,7773],"views":687,"_links":{"self":[{"href":"https:\/\/www.enerjigazetesi.ist\/en\/wp-json\/wp\/v2\/posts\/14302"}],"collection":[{"href":"https:\/\/www.enerjigazetesi.ist\/en\/wp-json\/wp\/v2\/posts"}],"about":[{"href":"https:\/\/www.enerjigazetesi.ist\/en\/wp-json\/wp\/v2\/types\/post"}],"author":[{"embeddable":true,"href":"https:\/\/www.enerjigazetesi.ist\/en\/wp-json\/wp\/v2\/users\/1"}],"replies":[{"embeddable":true,"href":"https:\/\/www.enerjigazetesi.ist\/en\/wp-json\/wp\/v2\/comments?post=14302"}],"version-history":[{"count":2,"href":"https:\/\/www.enerjigazetesi.ist\/en\/wp-json\/wp\/v2\/posts\/14302\/revisions"}],"predecessor-version":[{"id":14305,"href":"https:\/\/www.enerjigazetesi.ist\/en\/wp-json\/wp\/v2\/posts\/14302\/revisions\/14305"}],"wp:featuredmedia":[{"embeddable":true,"href":"https:\/\/www.enerjigazetesi.ist\/en\/wp-json\/wp\/v2\/media\/14303"}],"wp:attachment":[{"href":"https:\/\/www.enerjigazetesi.ist\/en\/wp-json\/wp\/v2\/media?parent=14302"}],"wp:term":[{"taxonomy":"category","embeddable":true,"href":"https:\/\/www.enerjigazetesi.ist\/en\/wp-json\/wp\/v2\/categories?post=14302"},{"taxonomy":"post_tag","embeddable":true,"href":"https:\/\/www.enerjigazetesi.ist\/en\/wp-json\/wp\/v2\/tags?post=14302"}],"curies":[{"name":"wp","href":"https:\/\/api.w.org\/{rel}","templated":true}]}}