{"id":142995,"date":"2021-09-29T13:56:46","date_gmt":"2021-09-29T10:56:46","guid":{"rendered":"https:\/\/www.enerjigazetesi.ist\/?p=142995"},"modified":"2021-09-29T13:59:23","modified_gmt":"2021-09-29T10:59:23","slug":"sedat-misir-ulkemizde-yenilenebilir-enerji-kaynaklarina-onem-verilmelidir","status":"publish","type":"post","link":"https:\/\/www.enerjigazetesi.ist\/en\/sedat-misir-ulkemizde-yenilenebilir-enerji-kaynaklarina-onem-verilmelidir\/","title":{"rendered":"(Turkish) Sedat M\u0131s\u0131r: &#8220;\u00dclkemizde Temiz Enerji Kaynaklar\u0131na \u00d6nem Verilmelidir&#8221;"},"content":{"rendered":"<p class=\"qtranxs-available-languages-message qtranxs-available-languages-message-en\">Sorry, this entry is only available in <a href=\"https:\/\/www.enerjigazetesi.ist\/tr\/wp-json\/wp\/v2\/posts\/142995\" class=\"qtranxs-available-language-link qtranxs-available-language-link-tr\" title=\"Turkish\">Turkish<\/a>. For the sake of viewer convenience, the content is shown below in the alternative language. You may click the link to switch the active language.<\/p><p><\/p>\n<h2>Sekt\u00f6r duayenlerinden, M\u0131s\u0131rl\u0131o\u011fullar\u0131 Grubu Genel M\u00fcd\u00fcr\u00fc Sedat M\u0131s\u0131r s\u00f6yle\u015fisinde n\u00fckleer ve yenilenebilir enerji kaynaklar\u0131 ile di\u011fer alanlarda b\u00f6lgelere g\u00f6re farkl\u0131l\u0131klar g\u00f6steren g\u00fcne\u015f, dalga ve r\u00fczg\u00e2r enerjilerinin iyi de\u011ferlendirilmesi gerekti\u011fi \u015feklinde g\u00f6r\u00fc\u015flerini bildirdi. T\u00fcrkiye\u2019nin yenilenebilir enerji kaynaklar\u0131 bak\u0131m\u0131ndan \u00e7ok zengin bir \u00fclke oldu\u011funu kaydeden M\u0131s\u0131rl\u0131o\u011fullar\u0131 Grubu Genel M\u00fcd\u00fcr\u00fc Sedat M\u0131s\u0131r s\u00f6yleyi\u015finde elektrik enerjisi konusunda \u00f6nemli noktalara de\u011findi.<\/h2>\n<h3><strong>Sedat Bey; biraz kendinizden bahseder misiniz?<\/strong><\/h3>\n<p>1956 y\u0131l\u0131nda Artvin Ortak\u00f6y de do\u011fdum. \u0130lkokulu k\u00f6y\u00fcmde, ortaokulu Maltepe Lisesi Orta K\u0131sm\u0131nda, lise <img loading=\"lazy\" class=\"alignright wp-image-142997\" src=\"https:\/\/www.enerjigazetesi.ist\/wp-content\/uploads\/2021\/09\/sedat-misir-ulkemizde-yenilenebilir-enerji-kaynaklarina-onem-verilmelidir.jpg\" alt=\"\" width=\"320\" height=\"214\" srcset=\"https:\/\/www.enerjigazetesi.ist\/wp-content\/uploads\/2021\/09\/sedat-misir-ulkemizde-yenilenebilir-enerji-kaynaklarina-onem-verilmelidir.jpg 550w, https:\/\/www.enerjigazetesi.ist\/wp-content\/uploads\/2021\/09\/sedat-misir-ulkemizde-yenilenebilir-enerji-kaynaklarina-onem-verilmelidir-300x200.jpg 300w, https:\/\/www.enerjigazetesi.ist\/wp-content\/uploads\/2021\/09\/sedat-misir-ulkemizde-yenilenebilir-enerji-kaynaklarina-onem-verilmelidir-500x334.jpg 500w, https:\/\/www.enerjigazetesi.ist\/wp-content\/uploads\/2021\/09\/sedat-misir-ulkemizde-yenilenebilir-enerji-kaynaklarina-onem-verilmelidir-75x50.jpg 75w, https:\/\/www.enerjigazetesi.ist\/wp-content\/uploads\/2021\/09\/sedat-misir-ulkemizde-yenilenebilir-enerji-kaynaklarina-onem-verilmelidir-450x300.jpg 450w\" sizes=\"(max-width: 320px) 100vw, 320px\" \/>\u00f6\u011frenimimi Haydar Pa\u015fa End\u00fcstri Meslek Lisesi Elektrik b\u00f6l\u00fcm\u00fcnde okudum. 1979-1980 \u00f6\u011fretim y\u0131l\u0131nda Y\u0131ld\u0131z Teknik \/ Kocaeli Elektrik b\u00f6l\u00fcm\u00fcn\u00fc bitirdikten sonra, \u00a0\u0130T\u00dc \/ Elk. Elkn. Fak\u00fcltesi Elektrik M\u00fchendisli\u011fi b\u00f6l\u00fcm\u00fcn\u00fc bitirdim. E.C.A, \u00a0Pima\u015f, \u00c7olako\u011flu, Siemens gibi \u00f6zel sekt\u00f6rlerde \u00e7al\u0131\u015ft\u0131ktan sonra, Sahibi oldu\u011fum firmada 1975 y\u0131l\u0131ndan bug\u00fcne kadar genel m\u00fcd\u00fcr olarak faaliyetimi s\u00fcrd\u00fcrmekteyim.<\/p>\n<h3><strong>Firman\u0131z\u0131n faaliyetleri konusunda bahseder misiniz?<\/strong><\/h3>\n<p>Firmam\u0131z; Elektrik m\u00fchendisli\u011fi, proje ve m\u00fc\u015favirlik, taahh\u00fct ve m\u00fcteahhitlik, trafo merkezleri i\u015fletme ve bak\u0131m,A.G\/O.G. Enerji nakil hatlar\u0131, A.G. Da\u011f\u0131t\u0131m tesisleri, sanayi i\u015fletmeleri, genel ve \u00f6zel ama\u00e7l\u0131 ayd\u0131nlatma tesisleri, paratoner ve topraklama tesisleri ve elektro-mekanik elektrik enerji da\u011f\u0131t\u0131m sistemleri alanlar\u0131nda hizmet vermektedir. Firmam\u0131z proje, taahh\u00fct, sat\u0131\u015f b\u00f6l\u00fcmlerinden olu\u015fmaktad\u0131r. Faaliyet alanlar\u0131m\u0131zdaki sistemler ile ilgili \u00fcretimler yapmaktay\u0131z.<\/p>\n<p>Hizmetlerimiz hakk\u0131nda k\u0131saca bilgi vermek gerekirse; T\u00fcrkiye genelinde binlerce m\u00fcnferit ve toplu konut ve toplu i\u015fyeri projeleri, mast\u0131r plan \u00e7er\u00e7evesinde trafo istasyonlar\u0131 ile a\u015fa\u011f\u0131da belirtilen 2003 ile <span style=\"text-decoration: underline;\">ba\u015flayan OSB projelerim;<\/span><\/p>\n<p>Eku Fren A.\u015e. \u2013 Atay Makine LTD. \u015eT\u0130 \u2013 Sekiso A.\u015e \u00a0\u2013 G\u00fcndo\u011fan LTD. \u015eT\u0130. \u2013 \u015eahsuvaro\u011flu Motorlu Ara\u00e7lar A.\u015e \u2013 \u00a0LMA LTD. \u015eT\u0130. \u2013 \u00c7olako\u011flu Metalurji A.\u015e. \u2013 CPS Otomotiv\u00a0 LTD.\u015eT\u0130. (1) \u2013 CPS Tekstil LTD.\u015eT\u0130.(2)\u00a0 \u2013 \u00a0Sistem Teknik A.\u015e. (1) \u2013 Sistem Teknik LTD.\u015eT\u0130. (2) \u00a0\u2013 Kanca El Aletleri\u00a0 A.\u015e. \u2013 D\u00f6ksan LTD.\u015eT\u0130. \u2013 \u00a0\u00c7etinpress A.\u015e. \u00a0O.G.\/A.G \u00a0tesisleri \u00a0proje taahh\u00fct ve m\u00fc\u015favirlik hizmetleri bitirilen i\u015flerimizdendir.<\/p>\n<h3><strong>Sekt\u00f6r hakk\u0131ndaki d\u00fc\u015f\u00fcncelerinizden bahseder misiniz?<\/strong><\/h3>\n<p>Son y\u0131llarda <strong>pandemi<\/strong> ve <strong>yat\u0131r\u0131mlar\u0131n daralmas\u0131<\/strong> sonucu piyasada ki \u00e7ok b\u00fcy\u00fck firmalar\u0131n daha k\u00fc\u00e7\u00fck \u00f6l\u00e7ekli i\u015flere talip olmas\u0131 pazardaki rekabet ko\u015fullar\u0131n\u0131n zorla\u015fmas\u0131n\u0131 tetiklemekte, bu da \u00f6z sermayesi zay\u0131f olan firmalar\u0131n rekabet g\u00fcc\u00fcn\u00fc yok etmekte olup piyasadan \u00e7ekilme do\u011frultusunda olumsuzluklar yaratmaktad\u0131r. Hedefimiz sekt\u00f6rdeki \u00f6nde gelen firmalar aras\u0131ndaki yerimizi korumak olup, bulundu\u011fumuz nokta bu sekt\u00f6rdeki pay\u0131m\u0131z\u0131 g\u00f6stermektedir.<\/p>\n<h3><strong>Sedat Bey; T\u00fcrkiye\u2019de ki yat\u0131r\u0131m olanaklar\u0131n\u0131 nas\u0131l de\u011ferlendiriyorsunuz?<\/strong><\/h3>\n<p>\u00dclkemizde yat\u0131r\u0131m olanaklar\u0131 her ne kadar da devletimizin tan\u0131d\u0131\u011f\u0131 kolayl\u0131klar g\u00f6z ard\u0131 edilemese de yat\u0131r\u0131m maliyetlerinin y\u00fcksekli\u011fi, istihdam olanaklar\u0131n\u0131 zorla\u015ft\u0131rmakta oldu\u011fu gibi yat\u0131r\u0131mc\u0131n\u0131n ilk ko\u015fullarda devletin verdi\u011fi desteklerden yararlanabilme noktas\u0131na gelene kadar ki s\u00fcre\u00e7 i\u00e7erisinde belirli bir g\u00fcc\u00fcn\u00fcn olmas\u0131 gerekmektedir. Bu g\u00fcce sahip olamayan yat\u0131r\u0131mc\u0131 ba\u015far\u0131l\u0131 da olsa \u00fclkemizde istihdam sa\u011flayamamaktad\u0131r. G\u00fcn\u00fcm\u00fczde bu alanda yap\u0131lan incelemeler, OSB ad\u0131 alt\u0131nda k\u00fc\u00e7\u00fck ve orta \u00f6l\u00e7ekli sanayi te\u015fekk\u00fcllerinin her ne kadar da bu b\u00f6lgelerde yat\u0131r\u0131m yap\u0131p ba\u015far\u0131l\u0131 sonu\u00e7lar elde etti\u011fi g\u00f6r\u00fclmekte ise de di\u011fer yandan bu b\u00f6lgelerde \u00fcye olamad\u0131\u011f\u0131 ve devletin OSB\u2019lere tan\u0131d\u0131\u011f\u0131 yararl\u0131l\u0131klardan faydalanamay\u0131p meslek sahibi ger\u00e7ek ki\u015filerin \u00fccra k\u00f6\u015felerde yok olmalar\u0131n\u0131 g\u00f6stermektedir. Bir ba\u015fka a\u00e7\u0131dan da OSB\u2019lerde yat\u0131r\u0131m yapan yat\u0131r\u0131mc\u0131lar\u0131n \u00e7o\u011fu yurtd\u0131\u015f\u0131 firmalar\u0131n ve tekel firmalar\u0131n ta\u015feronu niteli\u011finde oldu\u011fu g\u00f6r\u00fclmekle ulusal ve uluslararas\u0131 \u00fcretim g\u00fcc\u00fcm\u00fcze katk\u0131s\u0131 olmad\u0131\u011f\u0131 inanc\u0131nday\u0131m. Ayr\u0131ca giri\u015fimci yat\u0131r\u0131mlar\u0131n yurti\u00e7i ko\u015fullar\u0131na eri\u015femedi\u011fi i\u00e7in yurtd\u0131\u015f\u0131 \u00fclkelerde yat\u0131r\u0131m yapt\u0131\u011f\u0131 ve istihdam sa\u011flad\u0131\u011f\u0131 g\u00f6zlemlenmektedir.<\/p>\n<h3><strong>Son g\u00fcnlerde g\u00fcndemde olan n\u00fckleer santralleri ve n\u00fckleer enerji hakk\u0131ndaki d\u00fc\u015f\u00fcnceleriniz alabilir miyiz?<\/strong><\/h3>\n<p>\u00d6ncelikle ifade etmeliyim ki bir elektrik m\u00fchendisi olarak<strong> elektrik<\/strong> ve <strong>enerjiyle<\/strong> ilgili her t\u00fcrl\u00fc \u00e7al\u0131\u015fmalara sempatiyle bakar ve olumlu bulurum. Bilhassa N\u00fckleer enerjide ge\u00e7 kal\u0131nm\u0131\u015ft\u0131r ve Say\u0131n Ba\u015fbakan\u0131m\u0131z\u0131n \u00f6zel \u00e7abalar\u0131yla ve enerji bakan\u0131m\u0131z\u0131n da bu i\u015fe kendini adamas\u0131yla Rusya ile imzalanan n\u00fckleer enerji santrali yap\u0131m anla\u015fmas\u0131n\u0131 kutlamamak m\u00fcmk\u00fcn de\u011fil.<\/p>\n<p>Lakin burada \u00f6nemli bir husus n\u00fckleer at\u0131klar\u0131n saklanmas\u0131 ve imhas\u0131d\u0131r. Bug\u00fcnlerde ise 2.N\u00fckleer santrallerden bahsediliyor. Sekt\u00f6r\u00fcm\u00fcze, ki g\u00fcndemimize, n\u00fckleer enerji konusu bir bomba gibi d\u00fc\u015fm\u00fc\u015ft\u00fcr ve art\u0131k bizlerde zenginle\u015ftirilmi\u015f uranyum ve n\u00fckleer g\u00fc\u00e7te var\u0131z diyebilece\u011fiz. Bu \u00f6nemli bir geli\u015fmedir. Bizler N\u00fckleer enerjiyi de, hidrojen enerjisini de al\u0131p daha \u00f6tesine ta\u015f\u0131yaca\u011f\u0131z. Buna inanc\u0131m sonsuzdur.<\/p>\n<p>Ancak enerji \u00fcretelim diye \u00fclkenin do\u011fal g\u00fczelliklerini muhafaza etmeliyiz , bunun yan\u0131s\u0131ra da n\u00fckleer santrallerin yap\u0131m\u0131, i\u015fletimi, tedav\u00fclden \u00e7\u0131kart\u0131lmas\u0131 fasl\u0131nda n\u00fckleer at\u0131klar\u0131n \u00fclkemizde n\u00fckleer mezarl\u0131klar olu\u015fturaca\u011f\u0131n\u0131 da g\u00f6z ard\u0131 etmemek laz\u0131m.<\/p>\n<h3><strong>Peki Say\u0131n M\u0131s\u0131r, N\u00fckleer enerjinin devreye girmesi size ne gibi direkt faydas\u0131 ve zarar\u0131 olacakt\u0131r?<\/strong><\/h3>\n<p>Efendim n\u00fckleer santral ki\u015fiye hizmet anlam\u0131nda d\u00fc\u015f\u00fcn\u00fclemez. Dolay\u0131s\u0131yla konuya ki\u015fisel bakmamak laz\u0131m. Mesele \u00fclkelerin ve insanl\u0131\u011f\u0131n meselesidir. Faydalar\u0131 ve zararlar\u0131 \u00fclkeleri ve toplumlar\u0131 ilgilendirir. Bu realite \u015fahs\u0131m\u0131n ki\u015fisel g\u00f6r\u00fc\u015f\u00fc ancak \u00fclkeler ve insanl\u0131k a\u00e7\u0131s\u0131ndan bak\u0131\u015f a\u00e7\u0131m\u0131n belirtilmesidir. Ancak bizler daima yeniliklere, de\u011fi\u015fikliklere ve geli\u015fmelere a\u00e7\u0131k, vizyonu ve \u00e7\u0131tas\u0131 y\u00fcksek, her t\u00fcrl\u00fc teknolojiyi ta\u015f\u0131yacak d\u00fc\u015f\u00fcnce, istek ve eylem inanc\u0131nda olan insanlar\u0131z. B\u00f6yle de olmal\u0131y\u0131z. Bizler hi\u00e7bir geli\u015fmenin gerisinde de\u011filiz ve olamay\u0131z. Yani ben mesle\u011fimdeki her geli\u015fmeye a\u00e7\u0131\u011f\u0131md\u0131r ve \u00fczerime d\u00fc\u015febilecek her t\u00fcrl\u00fc \u00e7al\u0131\u015fmay\u0131 yapabilece\u011fime inan\u0131yorum. Bug\u00fcne kadar \u00e7ok \u00e7e\u015fitli alanlarda bir\u00e7ok grubun i\u015flerini ve ald\u0131\u011f\u0131m sorumluluklar\u0131 eksiksiz yerine getirdim. \u00c7al\u0131\u015fmak, \u00e7al\u0131\u015fmak, \u00e7al\u0131\u015fmak her konuda daha \u00e7ok \u00e7al\u0131\u015fmak zorunday\u0131z. Ba\u015fard\u0131k ve daha \u00e7ok daha \u00e7ok ba\u015faraca\u011f\u0131z.<\/p>\n<h3><strong>Yenilenebilir enerji kaynaklar\u0131 G\u00fcne\u015f ve R\u00fczgar enerjisi hakk\u0131ndaki d\u00fc\u015f\u00fcnceleriniz nelerdir?<\/strong><\/h3>\n<p>Bu konuda \u015funlar\u0131 s\u00f6yleyebilirim R\u00fczgar da \u00fclke potansiyelimiz kullan\u0131lacak t\u00fcrbinlerin \u00f6zellikleri \u00e7er\u00e7evesinde bilim adamlar\u0131m\u0131z\u0131n ara\u015ft\u0131rmalar\u0131na g\u00f6re yakla\u015f\u0131k <strong>50<\/strong> ile <strong>100 bin<\/strong> <strong>megawatt<\/strong>\u00a0aras\u0131ndad\u0131r.<\/p>\n<p>\u00dclkemizde ki r\u00fczgar enerjisi kurulu g\u00fcc\u00fc g\u00fcn itibariyle 10 bin megawatt civar\u0131ndad\u0131r. Buda g\u00f6steriyor ki daha kat etmemiz gereken baya\u011f\u0131 yol var. G\u00fcne\u015f enerjisine gelince; T\u00fcrkiye\u2019nin ocak-temmuz d\u00f6nemindeki toplam elektrik \u00fcretiminin y\u00fczde 4,2\u2019si g\u00fcne\u015f enerjisinden sa\u011flan\u0131yor. Bu kurulu g\u00fc\u00e7 ise yakla\u015f\u0131k 7 bin 325 megavata civar\u0131nda.. Yap\u0131lan ara\u015ft\u0131rmalara g\u00f6re \u00fclkemizde \u015fu an kullan\u0131lan toplam enerjinin 5 bin kat\u0131 g\u00fcne\u015f enerjisi potansiyelimiz var. Bu g\u00f6zden ka\u00e7mayacak kadar b\u00fcy\u00fck bir potansiyel. Devlet bu konuda biraz daha te\u015fvik edici olmal\u0131. Almanya da g\u00fcne\u015f olmamas\u0131na ra\u011fmen bizde 4 bin kat fazla g\u00fcne\u015f enerjisi kullan\u0131yor. G\u00fcne\u015f enerjisi panelleri ile kurulacak GES\u2019ler b\u00fct\u00fcn engeller a\u015f\u0131larak bu \u00fclkede hayata ge\u00e7irilmeli. Ege, \u0130\u00e7 Anadolu, Akdeniz, do\u011fu ve g\u00fcneydo\u011fu Anadolu ve hatta Karadeniz b\u00f6lgesinde bile \u015fehirlerde kasabalarda ve dahi k\u00f6ylerde evlerin \u00e7at\u0131lar\u0131 g\u00fcn be g\u00fcn s\u0131cak su ama\u00e7l\u0131 da olsa g\u00fcne\u015f enerjili su \u0131s\u0131t\u0131c\u0131 panelleriyle h\u0131zla dolmakta. Yak\u0131n bir zamanda da elektrik \u00fcretme ama\u00e7l\u0131 evlerin \u00e7at\u0131lar\u0131n\u0131 g\u00fcne\u015f panelleri kaplayacak oldu\u011fu g\u00f6r\u00fclmektedir.<\/p>\n<p>Ancak her ikisinde de ham enerjinin depolanma \u015fans\u0131 olmad\u0131\u011f\u0131ndan r\u00fczg\u00e2r\u0131n durdu\u011fu, g\u00fcne\u015fin soldu\u011fu s\u00fcre\u00e7lerde bunca yat\u0131r\u0131m\u0131n bo\u015fa gidece\u011fi de d\u00fc\u015f\u00fcn\u00fclmelidir.<\/p>\n<p>\u00dclkemizde son y\u0131llarda g\u00fcn\u00fcn konusu haline gelen<strong> HES\u2019ler<\/strong> b\u00fcy\u00fck \u00f6l\u00e7\u00fcde daha kararl\u0131 ve s\u00fcrd\u00fcr\u00fcl\u00fcr g\u00f6r\u00fcnmektedir. Fakat bu da k\u0131r santralleri t\u00fcr\u00fcnde ufak akarsular\u0131 bu i\u015fe kar\u0131\u015ft\u0131rmak <strong>\u00e7ift\u00e7i, k\u00f6yl\u00fc, fakir, fukaran\u0131n tarlas\u0131n\u0131n<\/strong> ba\u015f\u0131ndaki bir avu\u00e7 suyu vatanda\u015ftan esirgemek anlam\u0131nda handikaplar yaratt\u0131\u011f\u0131 g\u00f6zlemlerim i\u00e7erisindedir.<\/p>\n<p>Son g\u00fcnlerde iptal edilen <strong>\u00c7aml\u0131hem\u015fin HES<\/strong> benzeri umuyorum ki daha bir\u00e7ok <strong>k\u0131rsal HES projeleri<\/strong>nin devlet b\u00fcy\u00fcklerimiz taraf\u0131ndan yeniden tetkiki ile iptali sa\u011flan\u0131r. Tabi ki bu noktada b\u00fcy\u00fck HES projelerine s\u00f6z\u00fcm\u00fcz yoktur.<\/p>\n<p>Bu realite sanki Do\u011fu Karadeniz\u2019de \u00fc\u00e7 noktada \u00fc\u00e7 y\u00fczergezer santral yap\u0131m\u0131 ile ufak akarsular\u0131n <strong>%80<\/strong>\u2019ninin HES projelerinden kurtulabilece\u011fini ilgililere hat\u0131rlatmak istiyor, bu konudaki t\u00fcm \u00e7al\u0131\u015fmalar\u0131n \u00fclkemiz ve insanl\u0131k i\u00e7in hay\u0131rl\u0131 olmas\u0131n\u0131 diliyorum.<\/p>\n<p><strong>Sedat MISIR<\/strong><br \/>\nM\u0131s\u0131rl\u0131o\u011fullar\u0131 Grubu Genel M\u00fcd\u00fcr\u00fc<br \/>\nElektrik M\u00fchendisi\u00a0( \u0130.T.\u00dc )<\/p>\n<p>\u0130STANBUL &#8211; 29.09.2021<\/p>","protected":false},"excerpt":{"rendered":"<p>Sorry, this entry is only available in Turkish. For the sake of viewer convenience, the content is shown below in the alternative language. You may click the link to switch the active language. Sekt\u00f6r duayenlerinden, M\u0131s\u0131rl\u0131o\u011fullar\u0131 Grubu Genel M\u00fcd\u00fcr\u00fc Sedat M\u0131s\u0131r s\u00f6yle\u015fisinde n\u00fckleer ve yenilenebilir enerji kaynaklar\u0131 ile di\u011fer alanlarda b\u00f6lgelere g\u00f6re farkl\u0131l\u0131klar g\u00f6steren g\u00fcne\u015f, [&hellip;]<\/p>\n","protected":false},"author":1,"featured_media":142998,"comment_status":"open","ping_status":"open","sticky":false,"template":"","format":"standard","meta":[],"categories":[51,53,49,47,50],"tags":[4546,3646,96973,96975,21,96974],"views":1064,"_links":{"self":[{"href":"https:\/\/www.enerjigazetesi.ist\/en\/wp-json\/wp\/v2\/posts\/142995"}],"collection":[{"href":"https:\/\/www.enerjigazetesi.ist\/en\/wp-json\/wp\/v2\/posts"}],"about":[{"href":"https:\/\/www.enerjigazetesi.ist\/en\/wp-json\/wp\/v2\/types\/post"}],"author":[{"embeddable":true,"href":"https:\/\/www.enerjigazetesi.ist\/en\/wp-json\/wp\/v2\/users\/1"}],"replies":[{"embeddable":true,"href":"https:\/\/www.enerjigazetesi.ist\/en\/wp-json\/wp\/v2\/comments?post=142995"}],"version-history":[{"count":0,"href":"https:\/\/www.enerjigazetesi.ist\/en\/wp-json\/wp\/v2\/posts\/142995\/revisions"}],"wp:featuredmedia":[{"embeddable":true,"href":"https:\/\/www.enerjigazetesi.ist\/en\/wp-json\/wp\/v2\/media\/142998"}],"wp:attachment":[{"href":"https:\/\/www.enerjigazetesi.ist\/en\/wp-json\/wp\/v2\/media?parent=142995"}],"wp:term":[{"taxonomy":"category","embeddable":true,"href":"https:\/\/www.enerjigazetesi.ist\/en\/wp-json\/wp\/v2\/categories?post=142995"},{"taxonomy":"post_tag","embeddable":true,"href":"https:\/\/www.enerjigazetesi.ist\/en\/wp-json\/wp\/v2\/tags?post=142995"}],"curies":[{"name":"wp","href":"https:\/\/api.w.org\/{rel}","templated":true}]}}