{"id":142987,"date":"2021-09-29T13:27:17","date_gmt":"2021-09-29T10:27:17","guid":{"rendered":"https:\/\/www.enerjigazetesi.ist\/?p=142987"},"modified":"2021-09-29T13:41:43","modified_gmt":"2021-09-29T10:41:43","slug":"bedas-aedas-ve-cedas-tum-binalarini-yenilenebilir-enerji-ile-aydinlatiyor","status":"publish","type":"post","link":"https:\/\/www.enerjigazetesi.ist\/en\/bedas-aedas-ve-cedas-tum-binalarini-yenilenebilir-enerji-ile-aydinlatiyor\/","title":{"rendered":"(Turkish) &#8217;Beda\u015f, Aeda\u015f ve \u00c7eda\u015f&#8217; T\u00fcm Binalar\u0131n\u0131 &#8216;Yenilenebilir Enerji&#8217; ile Ayd\u0131nlat\u0131yor&#8230;"},"content":{"rendered":"<p class=\"qtranxs-available-languages-message qtranxs-available-languages-message-en\">Sorry, this entry is only available in <a href=\"https:\/\/www.enerjigazetesi.ist\/tr\/wp-json\/wp\/v2\/posts\/142987\" class=\"qtranxs-available-language-link qtranxs-available-language-link-tr\" title=\"Turkish\">Turkish<\/a>. For the sake of viewer convenience, the content is shown below in the alternative language. You may click the link to switch the active language.<\/p><p><\/p>\n<h2><strong>BEDA<\/strong><strong>\u015e<\/strong><strong>, AEDA<\/strong><strong>\u015e<\/strong><strong> ve \u00c7EDA<\/strong><strong>\u015e<\/strong><strong>, s\u00fcrd\u00fcr\u00fclebilir bir gelecek i\u00e7in t\u00fcm binalar<\/strong><strong>\u0131<\/strong><strong>ndaki elektrik t\u00fcketimleri i\u00e7in YEK-G Belgesi alarak<\/strong><strong>\u00a0Ocak-Temmuz 2021 d\u00f6nemindeki toplam 5 bin 796 megavatsaatlik elektrik t\u00fcketimini \u2018yenilenebilir enerji\u2019 kaynaklar<\/strong><strong>\u0131<\/strong><strong>ndan sa<\/strong><strong>\u011f<\/strong><strong>lad<\/strong><strong>\u0131<\/strong><strong>.<\/strong><\/h2>\n<p>S\u00fcrd\u00fcr\u00fclebilir bir d\u00fcnya i\u00e7in k\u00fcresel \u0131s\u0131nma tehdidine kar\u015f\u0131 yenilenebilir enerji kaynaklar\u0131 \u00f6ne \u00e7\u0131karken elektrik da\u011f\u0131t\u0131m sekt\u00f6r\u00fcn\u00fcn \u00f6nc\u00fc \u00fc\u00e7 \u015firketinden bu y\u00f6nde \u00f6nemli bir ad\u0131m geldi. \u0130stanbul Avrupa <img loading=\"lazy\" class=\"alignright wp-image-142989\" src=\"https:\/\/www.enerjigazetesi.ist\/wp-content\/uploads\/2021\/09\/bedas-aedas-ve-cedas-tum-binalar-yenilenebilir-enerji-ile-aydinlatiyor-2.jpg\" alt=\"\" width=\"300\" height=\"353\" srcset=\"https:\/\/www.enerjigazetesi.ist\/wp-content\/uploads\/2021\/09\/bedas-aedas-ve-cedas-tum-binalar-yenilenebilir-enerji-ile-aydinlatiyor-2.jpg 550w, https:\/\/www.enerjigazetesi.ist\/wp-content\/uploads\/2021\/09\/bedas-aedas-ve-cedas-tum-binalar-yenilenebilir-enerji-ile-aydinlatiyor-2-255x300.jpg 255w, https:\/\/www.enerjigazetesi.ist\/wp-content\/uploads\/2021\/09\/bedas-aedas-ve-cedas-tum-binalar-yenilenebilir-enerji-ile-aydinlatiyor-2-340x400.jpg 340w, https:\/\/www.enerjigazetesi.ist\/wp-content\/uploads\/2021\/09\/bedas-aedas-ve-cedas-tum-binalar-yenilenebilir-enerji-ile-aydinlatiyor-2-43x50.jpg 43w, https:\/\/www.enerjigazetesi.ist\/wp-content\/uploads\/2021\/09\/bedas-aedas-ve-cedas-tum-binalar-yenilenebilir-enerji-ile-aydinlatiyor-2-500x588.jpg 500w\" sizes=\"(max-width: 300px) 100vw, 300px\" \/>Yakas\u0131\u2019nda elektrik da\u011f\u0131t\u0131m hizmeti veren Bo\u011fazi\u00e7i Elektrik Da\u011f\u0131t\u0131m A.\u015e. (BEDA\u015e), Antalya, Burdur ve Isparta\u2019da g\u00f6rev yapan Akdeniz Elektrik Da\u011f\u0131t\u0131m A.\u015e (AEDA\u015e) ile Sivas, Tokat ve Yozgat\u2019ta elektrik da\u011f\u0131t\u0131m\u0131n\u0131 \u00fcstlenen \u00c7aml\u0131bel Elektrik Da\u011f\u0131t\u0131m A.\u015e.( \u00c7EDA\u015e), \u00a0genel m\u00fcd\u00fcrl\u00fck binalar\u0131 da d\u00e2hil t\u00fcm i\u015fletmelerinde, t\u00fckettikleri elektri\u011fin yenilenebilir enerji kaynaklar\u0131ndan oldu\u011funu kan\u0131tlayan YEK-G Belgesi ald\u0131.<\/p>\n<p>Enerji Piyasalar\u0131 \u0130\u015fletme A.\u015e\u2019nin (EP\u0130A\u015e)<strong> b\u00fcy\u00fck \u00f6l\u00e7ekli kurulu\u015flardan bireysel t\u00fcketicilere<\/strong> kadar isteyen herkesin yenilenebilir enerji kaynaklar\u0131ndan \u00fcretilen enerjiyi tercih edebilece\u011fi ve bunu kan\u0131tlayabilece\u011fi <strong>Yenilenebilir Enerji Kaynak Garanti (YEK-G) sistemi<\/strong>ni ve <strong>YEK-G piyasas\u0131<\/strong>n\u0131 1 Haziran 2021 itibar\u0131yla devreye almas\u0131 \u00fczerine BEDA\u015e, AEDA\u015e ve \u00c7EDA\u015e harekete ge\u00e7ti. \u00dc\u00e7 da\u011f\u0131t\u0131m \u015firketi <strong>Ocak-Temmuz 2021<\/strong> d\u00f6nem aral\u0131\u011f\u0131nda ger\u00e7ekle\u015ftirdikleri t\u00fcketimleri <strong>24 A\u011fustos 2021<\/strong> tarihi itibar\u0131yla YEK-G ile belgelendirdi. 3 \u015firket, genel m\u00fcd\u00fcrl\u00fck binalar\u0131 da dahil 200\u2019\u00fcn \u00fczerinde hizmet noktas\u0131nda <strong>t\u00fcketti\u011fi elektri\u011fi ye\u015fil enerjiden<\/strong> kar\u015f\u0131lad\u0131.<\/p>\n<h3><strong>5 B<\/strong><strong>\u0130<\/strong><strong>N 796 MEGAVATSAATL<\/strong><strong>\u0130<\/strong><strong>K (MWh) T\u00dcKET<\/strong><strong>\u0130<\/strong><strong>M YEN<\/strong><strong>\u0130<\/strong><strong>LENEB<\/strong><strong>\u0130<\/strong><strong>L<\/strong><strong>\u0130<\/strong><strong>R ENERJ<\/strong><strong>\u0130<\/strong><strong> KAYNAKLARINDAN<\/strong><\/h3>\n<p><strong>YEK-G belgelendirme<\/strong> s\u00fcreciyle ilgili de\u011ferlendirmede bulunan <strong>CK Enerji Reg\u00fclasyon Direkt\u00f6r\u00fc Fidan \u00d6zt\u00fcrk<\/strong>, iklim krizinin t\u00fcm d\u00fcnyan\u0131n ana sorunu haline geldi\u011fini an\u0131msatarak, <em>\u201cK\u00fcresel \u0131s\u0131nmaya kar\u015f\u0131 hepimize b\u00fcy\u00fck sorumluluk d\u00fc\u015f\u00fcyor. S\u00fcrd\u00fcr\u00fclebilir bir gelecek i\u00e7in yenilenebilir enerji kaynaklar\u0131n\u0131n \u00f6nemi giderek artmakta. \u00c7evre dostu bir anlay\u0131\u015f ile faaliyet g\u00f6steren elektrik da\u011f\u0131t\u0131m sekt\u00f6r\u00fcnde \u00f6nc\u00fc 3 \u015firketimiz, <strong>YEK-G belgesi<\/strong> alarak t\u00fckettikleri elektri\u011fi yenilenebilir kaynaklardan sa\u011flad\u0131klar\u0131n\u0131 kan\u0131tlam\u0131\u015f oldu. \u00dc\u00e7 \u015firketimiz <strong>Ocak-Temmuz 2021<\/strong> tarihlerindeki toplam <strong>5 bin 796 megavatsaatlik<\/strong> t\u00fcketimini yenilenebilir enerji kaynaklar\u0131ndan sa\u011flad\u0131. Bundan sonraki t\u00fcketimleri i\u00e7in de yenilenebilir enerji kaynaklar\u0131 kullanmay\u0131 hedeflemektedir\u201d<\/em> ifadelerini kulland\u0131.<\/p>","protected":false},"excerpt":{"rendered":"<p>Sorry, this entry is only available in Turkish. For the sake of viewer convenience, the content is shown below in the alternative language. You may click the link to switch the active language. BEDA\u015e, AEDA\u015e ve \u00c7EDA\u015e, s\u00fcrd\u00fcr\u00fclebilir bir gelecek i\u00e7in t\u00fcm binalar\u0131ndaki elektrik t\u00fcketimleri i\u00e7in YEK-G Belgesi alarak\u00a0Ocak-Temmuz 2021 d\u00f6nemindeki toplam 5 bin 796 [&hellip;]<\/p>\n","protected":false},"author":1,"featured_media":142990,"comment_status":"open","ping_status":"open","sticky":false,"template":"","format":"standard","meta":[],"categories":[51,53],"tags":[31338,1506,5179,15016,3804,7540,96972,89638,91447,77659],"views":176,"_links":{"self":[{"href":"https:\/\/www.enerjigazetesi.ist\/en\/wp-json\/wp\/v2\/posts\/142987"}],"collection":[{"href":"https:\/\/www.enerjigazetesi.ist\/en\/wp-json\/wp\/v2\/posts"}],"about":[{"href":"https:\/\/www.enerjigazetesi.ist\/en\/wp-json\/wp\/v2\/types\/post"}],"author":[{"embeddable":true,"href":"https:\/\/www.enerjigazetesi.ist\/en\/wp-json\/wp\/v2\/users\/1"}],"replies":[{"embeddable":true,"href":"https:\/\/www.enerjigazetesi.ist\/en\/wp-json\/wp\/v2\/comments?post=142987"}],"version-history":[{"count":0,"href":"https:\/\/www.enerjigazetesi.ist\/en\/wp-json\/wp\/v2\/posts\/142987\/revisions"}],"wp:featuredmedia":[{"embeddable":true,"href":"https:\/\/www.enerjigazetesi.ist\/en\/wp-json\/wp\/v2\/media\/142990"}],"wp:attachment":[{"href":"https:\/\/www.enerjigazetesi.ist\/en\/wp-json\/wp\/v2\/media?parent=142987"}],"wp:term":[{"taxonomy":"category","embeddable":true,"href":"https:\/\/www.enerjigazetesi.ist\/en\/wp-json\/wp\/v2\/categories?post=142987"},{"taxonomy":"post_tag","embeddable":true,"href":"https:\/\/www.enerjigazetesi.ist\/en\/wp-json\/wp\/v2\/tags?post=142987"}],"curies":[{"name":"wp","href":"https:\/\/api.w.org\/{rel}","templated":true}]}}