{"id":142961,"date":"2021-09-29T10:45:00","date_gmt":"2021-09-29T07:45:00","guid":{"rendered":"https:\/\/www.enerjigazetesi.ist\/?p=142961"},"modified":"2021-09-29T10:45:00","modified_gmt":"2021-09-29T07:45:00","slug":"turkiye-imsad-44-uncu-gundem-bulusmalari-yesil-mutabakata-hazir-miyiz","status":"publish","type":"post","link":"https:\/\/www.enerjigazetesi.ist\/en\/turkiye-imsad-44-uncu-gundem-bulusmalari-yesil-mutabakata-hazir-miyiz\/","title":{"rendered":"(Turkish) T\u00fcrkiye \u0130MSAD 44&#8217;\u00fcnc\u00fc G\u00fcndem Bulu\u015fmalar\u0131: &#8216;Ye\u015fil Mutabakata Haz\u0131r m\u0131y\u0131z?'"},"content":{"rendered":"<p class=\"qtranxs-available-languages-message qtranxs-available-languages-message-en\">Sorry, this entry is only available in <a href=\"https:\/\/www.enerjigazetesi.ist\/tr\/wp-json\/wp\/v2\/posts\/142961\" class=\"qtranxs-available-language-link qtranxs-available-language-link-tr\" title=\"Turkish\">Turkish<\/a>. For the sake of viewer convenience, the content is shown below in the alternative language. You may click the link to switch the active language.<\/p><p><\/p>\n<h2>T\u00fcrkiye \u0130n\u015faat Malzemesi Sanayicileri Derne\u011fi (T\u00fcrkiye \u0130MSAD), <strong>44. G\u00fcndem Bulu\u015fmalar\u0131\u00a0<\/strong>toplant\u0131s\u0131n\u0131 <strong>\u2018Ye\u015fil Mutabakata Haz\u0131r m\u0131y\u0131z?\u2019<\/strong> temas\u0131yla web \u00fczerinden online olarak d\u00fczenlenecek.<\/h2>\n<p><img loading=\"lazy\" class=\"alignright wp-image-142963\" src=\"https:\/\/www.enerjigazetesi.ist\/wp-content\/uploads\/2021\/09\/turkiye-imsad-44-uncu-gundem-bulusmalari-yesil-mutabakata-hazir-miyiz.jpg\" alt=\"\" width=\"320\" height=\"187\" srcset=\"https:\/\/www.enerjigazetesi.ist\/wp-content\/uploads\/2021\/09\/turkiye-imsad-44-uncu-gundem-bulusmalari-yesil-mutabakata-hazir-miyiz.jpg 556w, https:\/\/www.enerjigazetesi.ist\/wp-content\/uploads\/2021\/09\/turkiye-imsad-44-uncu-gundem-bulusmalari-yesil-mutabakata-hazir-miyiz-300x175.jpg 300w, https:\/\/www.enerjigazetesi.ist\/wp-content\/uploads\/2021\/09\/turkiye-imsad-44-uncu-gundem-bulusmalari-yesil-mutabakata-hazir-miyiz-500x292.jpg 500w, https:\/\/www.enerjigazetesi.ist\/wp-content\/uploads\/2021\/09\/turkiye-imsad-44-uncu-gundem-bulusmalari-yesil-mutabakata-hazir-miyiz-80x47.jpg 80w\" sizes=\"(max-width: 320px) 100vw, 320px\" \/>Toplant\u0131n\u0131n konu\u015fmac\u0131s\u0131, T\u00fcrkiye\u2019nin \u00f6nde gelen sanayi gruplar\u0131nda \u00fcst d\u00fczey g\u00f6revler \u00fcstlenen ve k\u00fcresel ticaret konusundaki uzmanl\u0131\u011f\u0131 ile \u00f6nemli \u00e7al\u0131\u015fmalarda bulunan\u00a0<strong>Horizon Consultancy<\/strong> Y\u00f6netici Orta\u011f\u0131\u00a0<strong>Eser Ergino\u011flu<\/strong>,<strong>\u00a0<\/strong>Ye\u015fil Mutabakat<strong>\u00a0<\/strong>ile ilgili son geli\u015fmeleri de\u011ferlendirecek. Ye\u015fil Mutabakata haz\u0131rl\u0131k s\u00fcrecinde at\u0131lmas\u0131 gereken ad\u0131mlar\u0131 anlatacak <strong>Eser Ergino\u011flu<\/strong>, yeni d\u00f6nemde <strong>\u00fcretici<\/strong> ve <strong>ihracat\u00e7\u0131lar\u0131n<\/strong> s\u00fcre\u00e7ten nas\u0131l etkilenece\u011fi gibi merak edilen t\u00fcm konular\u0131 kat\u0131l\u0131mc\u0131larla payla\u015facak.<\/p>\n<p><strong>T\u00fcrkiye \u0130MSAD Y\u00f6netim Kurulu Ba\u015fkan\u0131 Tayfun K\u00fc\u00e7\u00fcko\u011flu<\/strong>\u2019nun a\u00e7\u0131l\u0131\u015f\u0131n\u0131, <strong>Ba\u015fkan Vekili Ferdi Erdo\u011fan<\/strong>\u2019\u0131n moderat\u00f6rl\u00fc\u011f\u00fcn\u00fc yapaca\u011f\u0131 bu \u00f6zel bulu\u015fma siz de\u011ferli sekt\u00f6r payda\u015flar\u0131n\u0131 bekliyor&#8230;<\/p>\n<p><strong>Tarih: <\/strong>30 Eyl\u00fcl 2021 Per\u015fembe<\/p>\n<p><strong>Saat:\u00a0<\/strong>16.00<\/p>\n<p><strong>Online kay\u0131t i\u00e7in:\u00a0<\/strong><a href=\"https:\/\/us02web.zoom.us\/webinar\/register\/WN_EVRLLPkJTD-le9vC3tzFEA\" target=\"_blank\" rel=\"nofollow noopener\">https:\/\/us02web.zoom.us\/webinar\/register\/WN_EVRLLPkJTD-le9vC3tzFEA<\/a>\u00a0adresini ziyaret edebilirsiniz.<\/p>","protected":false},"excerpt":{"rendered":"<p>Sorry, this entry is only available in Turkish. For the sake of viewer convenience, the content is shown below in the alternative language. You may click the link to switch the active language. T\u00fcrkiye \u0130n\u015faat Malzemesi Sanayicileri Derne\u011fi (T\u00fcrkiye \u0130MSAD), 44. G\u00fcndem Bulu\u015fmalar\u0131\u00a0toplant\u0131s\u0131n\u0131 \u2018Ye\u015fil Mutabakata Haz\u0131r m\u0131y\u0131z?\u2019 temas\u0131yla web \u00fczerinden online olarak d\u00fczenlenecek. Toplant\u0131n\u0131n konu\u015fmac\u0131s\u0131, [&hellip;]<\/p>\n","protected":false},"author":1,"featured_media":142963,"comment_status":"open","ping_status":"open","sticky":false,"template":"","format":"standard","meta":[],"categories":[53,52],"tags":[12,4033,1296,25553,89978,793,85540],"views":96,"_links":{"self":[{"href":"https:\/\/www.enerjigazetesi.ist\/en\/wp-json\/wp\/v2\/posts\/142961"}],"collection":[{"href":"https:\/\/www.enerjigazetesi.ist\/en\/wp-json\/wp\/v2\/posts"}],"about":[{"href":"https:\/\/www.enerjigazetesi.ist\/en\/wp-json\/wp\/v2\/types\/post"}],"author":[{"embeddable":true,"href":"https:\/\/www.enerjigazetesi.ist\/en\/wp-json\/wp\/v2\/users\/1"}],"replies":[{"embeddable":true,"href":"https:\/\/www.enerjigazetesi.ist\/en\/wp-json\/wp\/v2\/comments?post=142961"}],"version-history":[{"count":0,"href":"https:\/\/www.enerjigazetesi.ist\/en\/wp-json\/wp\/v2\/posts\/142961\/revisions"}],"wp:featuredmedia":[{"embeddable":true,"href":"https:\/\/www.enerjigazetesi.ist\/en\/wp-json\/wp\/v2\/media\/142963"}],"wp:attachment":[{"href":"https:\/\/www.enerjigazetesi.ist\/en\/wp-json\/wp\/v2\/media?parent=142961"}],"wp:term":[{"taxonomy":"category","embeddable":true,"href":"https:\/\/www.enerjigazetesi.ist\/en\/wp-json\/wp\/v2\/categories?post=142961"},{"taxonomy":"post_tag","embeddable":true,"href":"https:\/\/www.enerjigazetesi.ist\/en\/wp-json\/wp\/v2\/tags?post=142961"}],"curies":[{"name":"wp","href":"https:\/\/api.w.org\/{rel}","templated":true}]}}