{"id":142725,"date":"2021-09-25T23:41:35","date_gmt":"2021-09-25T20:41:35","guid":{"rendered":"https:\/\/www.enerjigazetesi.ist\/?p=142725"},"modified":"2021-09-25T23:42:24","modified_gmt":"2021-09-25T20:42:24","slug":"binalarda-yangin-yalitimi-ile-onlem-almamiz-hayati-onem-tasiyor","status":"publish","type":"post","link":"https:\/\/www.enerjigazetesi.ist\/en\/binalarda-yangin-yalitimi-ile-onlem-almamiz-hayati-onem-tasiyor\/","title":{"rendered":"(Turkish) &#8221;Binalarda Yang\u0131n Yal\u0131t\u0131m\u0131 ile \u00d6nlem Almam\u0131z Hayati \u00d6nem Ta\u015f\u0131yor&#8221;"},"content":{"rendered":"<p class=\"qtranxs-available-languages-message qtranxs-available-languages-message-en\">Sorry, this entry is only available in <a href=\"https:\/\/www.enerjigazetesi.ist\/tr\/wp-json\/wp\/v2\/posts\/142725\" class=\"qtranxs-available-language-link qtranxs-available-language-link-tr\" title=\"Turkish\">Turkish<\/a>. For the sake of viewer convenience, the content is shown below in the alternative language. You may click the link to switch the active language.<\/p><p><\/p>\n<h2><strong>\u0130ZODER, \u2018Yang\u0131ndan Korunma Haftas\u0131\u2019 kapsam\u0131nda a\u00e7\u0131klama yapt\u0131. Binalarda yang\u0131n yal\u0131t\u0131m\u0131n\u0131n g\u00fcvenlik i\u00e7in vazge\u00e7ilmez bir ihtiya\u00e7 oldu\u011funu vurgulayan \u0130ZODER Ba\u015fkan\u0131 Emrullah Eruslu, <em>\u201cYa\u015fad\u0131\u011f\u0131m\u0131z yap\u0131larda yang\u0131ndan korunmak ve olu\u015fan yang\u0131nlarda g\u00fcvenli bir \u015fekilde yap\u0131y\u0131 terk edebilmek i\u00e7in yang\u0131n yal\u0131t\u0131m\u0131 ile \u00f6nlem almam\u0131z hayati \u00f6nem ta\u015f\u0131yor. <\/em><\/strong><strong><em>Bina tasar\u0131m ve yap\u0131m s\u00fcre\u00e7lerinin en \u00f6nemli g\u00fcvenlik b\u00f6l\u00fcmlerinden biri olan yang\u0131n yal\u0131t\u0131m\u0131 uygulamalar\u0131n\u0131n, g\u00fcn\u00fcm\u00fczde yeni bina ve renovasyon \u00e7al\u0131\u015fmalar\u0131n\u0131n bir par\u00e7as\u0131 olmas\u0131 gerekiyor\u201d<\/em> dedi.<\/strong><\/h2>\n<p><strong>\u0130ZODER Y\u00f6netim Kurulu Ba\u015fkan\u0131 Emrullah Eruslu, \u201825 Eyl\u00fcl &#8211; 01 Ekim Yang\u0131ndan Korunma Haftas\u0131\u2019 <\/strong>dolay\u0131s\u0131yla yapt\u0131\u011f\u0131 a\u00e7\u0131klamada,\u00a0\u015funlar\u0131 s\u00f6yledi:\u00a0&#8220;Yang\u0131nlarda a\u00e7\u0131\u011fa \u00e7\u0131kan \u0131s\u0131 ve duman\u0131n binadaki yay\u0131l\u0131m\u0131n\u0131n s\u0131n\u0131rland\u0131r\u0131lmas\u0131n\u0131 ve binan\u0131n en h\u0131zl\u0131 ve g\u00fcvenli \u015fekilde terk edilmesini yang\u0131n yal\u0131t\u0131m\u0131 uygulamalar\u0131 sa\u011fl\u0131yor. Dolay\u0131s\u0131yla yang\u0131n yal\u0131t\u0131m\u0131n\u0131, t\u00fcm bina tasar\u0131m ve <img loading=\"lazy\" class=\"alignright wp-image-142727\" src=\"https:\/\/www.enerjigazetesi.ist\/wp-content\/uploads\/2021\/09\/binalarda-yangin-yalitimi-ile-onlem-almamiz-hayati-onem-tasiyor-1.jpg\" alt=\"\" width=\"320\" height=\"285\" srcset=\"https:\/\/www.enerjigazetesi.ist\/wp-content\/uploads\/2021\/09\/binalarda-yangin-yalitimi-ile-onlem-almamiz-hayati-onem-tasiyor-1.jpg 550w, https:\/\/www.enerjigazetesi.ist\/wp-content\/uploads\/2021\/09\/binalarda-yangin-yalitimi-ile-onlem-almamiz-hayati-onem-tasiyor-1-300x267.jpg 300w, https:\/\/www.enerjigazetesi.ist\/wp-content\/uploads\/2021\/09\/binalarda-yangin-yalitimi-ile-onlem-almamiz-hayati-onem-tasiyor-1-449x400.jpg 449w, https:\/\/www.enerjigazetesi.ist\/wp-content\/uploads\/2021\/09\/binalarda-yangin-yalitimi-ile-onlem-almamiz-hayati-onem-tasiyor-1-56x50.jpg 56w, https:\/\/www.enerjigazetesi.ist\/wp-content\/uploads\/2021\/09\/binalarda-yangin-yalitimi-ile-onlem-almamiz-hayati-onem-tasiyor-1-500x445.jpg 500w\" sizes=\"(max-width: 320px) 100vw, 320px\" \/>uygulamalar\u0131n\u0131n vazge\u00e7ilmez bir bile\u015feni olarak g\u00f6rmeliyiz.<\/p>\n<h3><strong>Ya\u015fad\u0131\u011f\u0131m\u0131z yap\u0131larda yang\u0131n ihtimali d\u00fc\u015f\u00fck de\u011fil<\/strong><\/h3>\n<p>\u00dclkemizde her y\u0131l \u00e7ok say\u0131da yang\u0131n vakas\u0131 meydana geliyor. Bu durum can kay\u0131plar\u0131 ve yaralanmalar\u0131n yan\u0131 s\u0131ra maddi kay\u0131plara da neden oluyor. \u0130stanbul B\u00fcy\u00fck\u015fehir Belediyesi \u0130tfaiye Daire Ba\u015fkanl\u0131\u011f\u0131\u2019n\u0131n <strong>2021 y\u0131l\u0131 A\u011fustos ay\u0131<\/strong> sonu itibar\u0131yla \u0130stanbul\u2019da toplam <strong>11 bin 713<\/strong> yang\u0131na m\u00fcdahale edildi\u011fini g\u00f6steren istatistikleri de, kar\u015f\u0131 kar\u015f\u0131ya oldu\u011fumuz yang\u0131n tehlikesini ortaya koyuyor. Yan\u0131c\u0131 olan e\u015fyalar\u0131m\u0131z\u0131n ve oksijenin hayat\u0131n vazge\u00e7ilmez birer par\u00e7as\u0131 oldu\u011fu ve yan\u0131c\u0131 maddeleri tutu\u015fturabilecek teknolojik cihazlar\u0131n \u00e7evremizi sard\u0131\u011f\u0131 da g\u00f6z \u00f6n\u00fcne al\u0131nd\u0131\u011f\u0131nda bu istatistikler, asl\u0131nda ya\u015fad\u0131\u011f\u0131m\u0131z mekanlarda yang\u0131n \u00e7\u0131kma ihtimalinin san\u0131ld\u0131\u011f\u0131 gibi d\u00fc\u015f\u00fck olmad\u0131\u011f\u0131n\u0131 g\u00f6steriyor.<\/p>\n<p><strong>Yang\u0131n yal\u0131t\u0131m\u0131<\/strong>n\u0131n yayg\u0131nla\u015ft\u0131r\u0131lmas\u0131, yang\u0131nlarda a\u00e7\u0131\u011fa \u00e7\u0131kan<strong> \u0131s\u0131<\/strong> ve <strong>duman\u0131n yay\u0131l\u0131m\u0131n\u0131<\/strong> s\u0131n\u0131rland\u0131rarak can ve mal kay\u0131plar\u0131n\u0131 \u00f6nemli \u00f6l\u00e7\u00fcde azaltacakt\u0131r. Yang\u0131n\u0131n zararl\u0131 etkilerinin s\u0131n\u0131rland\u0131r\u0131lmas\u0131 ve g\u00fcvenli ka\u00e7\u0131\u015f b\u00f6lgelerinin olu\u015fturulmas\u0131 amac\u0131 ile olu\u015fturulan <em>b\u00f6l\u00fcmlerin duvar, tavan ve d\u00f6\u015femelerine, duvar veya d\u00f6\u015femelerde tesisat ge\u00e7i\u015flerinin<\/em> oldu\u011fu b\u00f6lgelere, havaland\u0131rma sistemlerine ve yap\u0131sal olarak t\u00fcm gerekli noktalara<strong> yang\u0131n yal\u0131t\u0131m\u0131<\/strong> yap\u0131lmal\u0131d\u0131r.<\/p>\n<p><em>Yang\u0131n yal\u0131t\u0131m\u0131yla yap\u0131 elemanlar\u0131n<\/em><em>\u0131n\u00a0<\/em><em>belirli s\u00fcreler yang\u0131na dayan\u0131kl\u0131 olmas\u0131<\/em><em>\u00a0sa\u011flan\u0131r<\/em><em>, bu s\u00fcrelerde yang\u0131n\u0131n ve zararl\u0131 etkilerinin bir ba\u015fka mekana yay\u0131lmas\u0131 engellenir. B\u00f6ylelikle\u00a0<\/em><em>y<\/em><em>ang\u0131n yal\u0131t\u0131m\u0131 ile bina i\u00e7erisindeki ki\u015filerin yang\u0131n mahallinin emniyetli bir \u015fekilde tahliye edilmesine, can ve mal kay\u0131plar\u0131n\u0131n en aza indirilmesine olanak sa\u011flan\u0131r.\u00a0<\/em><span style=\"text-decoration: underline;\">Yang\u0131n g\u00fcvenli yap\u0131 tasar\u0131m\u0131nda;<\/span> yap\u0131sal olarak al\u0131nmas\u0131 gereken <strong>yang\u0131n yal\u0131t\u0131m \u00f6nlemleri<\/strong> ile <strong>yang\u0131n s\u00f6nd\u00fcrme, alg\u0131lama, uyar\u0131<\/strong> gibi yang\u0131n an\u0131nda devreye giren aktif \u00f6nlemler birlikte d\u00fc\u015f\u00fcn\u00fclmeli ve uygulanmal\u0131d\u0131r.<\/p>\n<h3><strong>Giydirme cephe uygulamalar\u0131nda hi\u00e7bir malzeme yanmamal\u0131<\/strong><\/h3>\n<p>Son y\u0131llarda <strong>rezidans, hastane<\/strong> ve<strong> otel<\/strong> gibi binalar\u0131n d\u0131\u015f cephelerinde meydana gelen d\u0131\u015f cephe yang\u0131nlar\u0131 bir\u00e7ok kez g\u00fcndeme geldi ve\u00a0d\u0131\u015f cephe \u00e7\u00f6z\u00fcmleri \u00f6zelinde binalarda al\u0131nmas\u0131 gereken yang\u0131n g\u00fcvenli\u011fi tedbirlerinin \u00f6nemini ortaya \u00e7\u0131kard\u0131. Bu yang\u0131nlardaki d\u0131\u015f cephelerinde<strong> giydirme cephe uygulamalar\u0131<\/strong>n\u0131n tercih edildi\u011fini g\u00f6r\u00fcyoruz. Ticari binalarda s\u0131kl\u0131kla tercih edien ve genellikle binaya estetik g\u00f6r\u00fcnt\u00fc veren giydirme cephe detaylar\u0131nda; d\u0131\u015f cephe kaplamalar\u0131, d\u0131\u015f duvar ile aras\u0131nda havaland\u0131rma bo\u015flu\u011fu kalacak \u015fekilde cepheye yerle\u015ftiriliyor. Yang\u0131n g\u00fcvenli\u011fi a\u00e7\u0131s\u0131ndan bakacak olursak, bu havaland\u0131rma bo\u015flu\u011funun, yang\u0131nlarda <strong>baca etkisi<\/strong> yaparak <strong>alevlerin cephede h\u0131zl\u0131ca yay\u0131lmas\u0131na<\/strong> neden oluyor. \u00dclkemizdeki mevzuatta, bu t\u00fcr <strong>havaland\u0131rmal\u0131 giydirme cephe detaylar\u0131<\/strong>nda yal\u0131t\u0131m malzemeleri de dahil olmak \u00fczere hi\u00e7bir malzemenin yanmamas\u0131 gerekti\u011fi belirtiliyor. Buna kar\u015f\u0131l\u0131k bu yang\u0131nlarda; d\u0131\u015f cephe kaplamalar\u0131n\u0131n, <strong>yal\u0131t\u0131m malzemelerinin<\/strong> veya her ikisinin de hatal\u0131 se\u00e7ilebildi\u011fini g\u00f6r\u00fcyoruz. <strong>Yang\u0131n g\u00fcvenli\u011fi \u00f6nlemlerinin<\/strong> estetik kayg\u0131lar ile aksat\u0131ld\u0131\u011f\u0131 giydirme cephe uygulamalar\u0131nda k\u00f6t\u00fc sonu\u00e7lar ile kar\u015f\u0131la\u015fmamak ad\u0131na do\u011fru malzeme se\u00e7imi \u00fczerindeki denetimler art\u0131r\u0131lmal\u0131.\u201d<\/p>","protected":false},"excerpt":{"rendered":"<p>Sorry, this entry is only available in Turkish. For the sake of viewer convenience, the content is shown below in the alternative language. You may click the link to switch the active language. \u0130ZODER, \u2018Yang\u0131ndan Korunma Haftas\u0131\u2019 kapsam\u0131nda a\u00e7\u0131klama yapt\u0131. Binalarda yang\u0131n yal\u0131t\u0131m\u0131n\u0131n g\u00fcvenlik i\u00e7in vazge\u00e7ilmez bir ihtiya\u00e7 oldu\u011funu vurgulayan \u0130ZODER Ba\u015fkan\u0131 Emrullah Eruslu, \u201cYa\u015fad\u0131\u011f\u0131m\u0131z [&hellip;]<\/p>\n","protected":false},"author":1,"featured_media":142728,"comment_status":"open","ping_status":"open","sticky":false,"template":"","format":"standard","meta":[],"categories":[53,52],"tags":[76798,96826,675,96825,57190,79447,96827],"views":151,"_links":{"self":[{"href":"https:\/\/www.enerjigazetesi.ist\/en\/wp-json\/wp\/v2\/posts\/142725"}],"collection":[{"href":"https:\/\/www.enerjigazetesi.ist\/en\/wp-json\/wp\/v2\/posts"}],"about":[{"href":"https:\/\/www.enerjigazetesi.ist\/en\/wp-json\/wp\/v2\/types\/post"}],"author":[{"embeddable":true,"href":"https:\/\/www.enerjigazetesi.ist\/en\/wp-json\/wp\/v2\/users\/1"}],"replies":[{"embeddable":true,"href":"https:\/\/www.enerjigazetesi.ist\/en\/wp-json\/wp\/v2\/comments?post=142725"}],"version-history":[{"count":0,"href":"https:\/\/www.enerjigazetesi.ist\/en\/wp-json\/wp\/v2\/posts\/142725\/revisions"}],"wp:featuredmedia":[{"embeddable":true,"href":"https:\/\/www.enerjigazetesi.ist\/en\/wp-json\/wp\/v2\/media\/142728"}],"wp:attachment":[{"href":"https:\/\/www.enerjigazetesi.ist\/en\/wp-json\/wp\/v2\/media?parent=142725"}],"wp:term":[{"taxonomy":"category","embeddable":true,"href":"https:\/\/www.enerjigazetesi.ist\/en\/wp-json\/wp\/v2\/categories?post=142725"},{"taxonomy":"post_tag","embeddable":true,"href":"https:\/\/www.enerjigazetesi.ist\/en\/wp-json\/wp\/v2\/tags?post=142725"}],"curies":[{"name":"wp","href":"https:\/\/api.w.org\/{rel}","templated":true}]}}