{"id":1427,"date":"2012-08-14T09:10:57","date_gmt":"2012-08-14T06:10:57","guid":{"rendered":"https:\/\/www.enerjigazetesi.ist\/?p=1427"},"modified":"2012-08-14T09:34:33","modified_gmt":"2012-08-14T06:34:33","slug":"yildiz-bu-paradoksu-asmak-zorundayiz","status":"publish","type":"post","link":"https:\/\/www.enerjigazetesi.ist\/en\/yildiz-bu-paradoksu-asmak-zorundayiz\/","title":{"rendered":"(Turkish) Y\u0131ld\u0131z: Bu Paradoksu A\u015fmak Zorunday\u0131z"},"content":{"rendered":"<p class=\"qtranxs-available-languages-message qtranxs-available-languages-message-en\">Sorry, this entry is only available in <a href=\"https:\/\/www.enerjigazetesi.ist\/tr\/wp-json\/wp\/v2\/posts\/1427\" class=\"qtranxs-available-language-link qtranxs-available-language-link-tr\" title=\"Turkish\">Turkish<\/a>. For the sake of viewer convenience, the content is shown below in the alternative language. You may click the link to switch the active language.<\/p><p><\/p>\n<h2>Enerji ve Tabii Kaynaklar Bakan\u0131 Taner Y\u0131ld\u0131z, bir r\u00fczgar santralinde trib\u00fcn ve jenerat\u00f6r k\u0131sm\u0131n\u0131n yerli kaynaklardan kar\u015f\u0131lanamamas\u0131 durumunda, yat\u0131r\u0131mlar\u0131n yine ithal kaynaklardan yap\u0131lmak zorunda kal\u0131nd\u0131\u011f\u0131na dikkat \u00e7ekti.<\/h2>\n<p><img loading=\"lazy\" class=\"alignleft size-medium wp-image-1428\" title=\"yildiz_rusya_saglam_bir_muhatap\" src=\"https:\/\/www.enerjigazetesi.ist\/wp-content\/uploads\/2012\/08\/yildiz_rusya_saglam_bir_muhatap-300x144.jpg\" alt=\"\" width=\"300\" height=\"144\" srcset=\"https:\/\/www.enerjigazetesi.ist\/wp-content\/uploads\/2012\/08\/yildiz_rusya_saglam_bir_muhatap-300x144.jpg 300w, https:\/\/www.enerjigazetesi.ist\/wp-content\/uploads\/2012\/08\/yildiz_rusya_saglam_bir_muhatap-500x241.jpg 500w, https:\/\/www.enerjigazetesi.ist\/wp-content\/uploads\/2012\/08\/yildiz_rusya_saglam_bir_muhatap-80x38.jpg 80w, https:\/\/www.enerjigazetesi.ist\/wp-content\/uploads\/2012\/08\/yildiz_rusya_saglam_bir_muhatap.jpg 615w\" sizes=\"(max-width: 300px) 100vw, 300px\" \/>Bilim, Sanayi ve Teknoloji Bakanl\u0131\u011f\u0131, Enerji ve Tabii Kaynaklar Bakanl\u0131\u011f\u0131 ile T\u00dcB\u0130TAK aras\u0131nda i\u015fbirli\u011fi protokol\u00fc imzaland\u0131. \u0130mza t\u00f6reninde konu\u015fan Enerji ve Tabii Kaynaklar Bakan\u0131 Taner Y\u0131ld\u0131z, \u201cT\u00fcrkiye b\u00fcy\u00fcmeye karar verdikten sonra en \u00f6nemli icra edilecek sekt\u00f6rlerin ba\u015f\u0131nda enerji geliyor.\u201d diye konu\u015ftu.<\/p>\n<p>Yerli ve yenilenebilir enerji kaynaklar\u0131yla ilgili al\u0131nan kararlar\u0131n ithalata d\u00f6n\u00fck de bir yan\u0131 oldu\u011funu kaydeden Y\u0131ld\u0131z, \u201cYerli kaynaklardan bahsediyoruz, yenilenebilir kaynaklardan bahsediyoruz ama bunlar\u0131n teknoloji sahipleri genelde bat\u0131l\u0131 \u00fclkeler.\u201d ifadesini kulland\u0131. Bir r\u00fczgar santralinde, trib\u00fcn ve jenerat\u00f6r k\u0131sm\u0131n\u0131n yerli kaynaklardan kar\u015f\u0131lanamamas\u0131 durumunda, yat\u0131r\u0131mlar\u0131n yine ithal kaynaklardan yap\u0131lmak zorunda kal\u0131nd\u0131\u011f\u0131na dikkat \u00e7eken Y\u0131ld\u0131z, \u201cBu bir paradoks. Bunu a\u015fmak zorunday\u0131z.\u201d \u015feklinde konu\u015ftu. Y\u0131ld\u0131z, imzalanacak protokol ve yap\u0131lacak yat\u0131r\u0131mlarla sadece r\u00fczgarla alakal\u0131 karar verilmi\u015f ve lisansa ba\u011flanm\u0131\u015f yat\u0131r\u0131mlarda minimum 15 milyar dolarl\u0131k bir ithalat\u0131n \u00f6n\u00fcn\u00fcn kesilmi\u015f olaca\u011f\u0131n\u0131 kaydetti.<\/p>\n<p>T\u00fcrkiye\u2019de n\u00fckleer g\u00fc\u00e7 santralinin yap\u0131m\u0131na karar verildi\u011fini hat\u0131rlatan Y\u0131ld\u0131z, \u015f\u00f6yle devam etti: \u201cBunlar\u0131n ne kadar\u0131n\u0131 yerli yapaca\u011f\u0131z? Bizim teknolojimiz ne kadar\u0131na m\u00fcsaitse o kadar\u0131n\u0131 yerli yapaca\u011f\u0131z. Bu sanayile\u015fme ile ilgili bir k\u00fclt\u00fcr. Sanayinin lig atlamas\u0131 ile ilgili bir s\u00fcre\u00e7 i\u00e7inde bulunuyoruz. Protokolle beraber n\u00fckleerde 10 y\u0131l i\u00e7inde kat edece\u011fimiz mesafe, sanayile\u015fme ile ilgili \u00f6nemli kriterleri i\u00e7inde bar\u0131nd\u0131rm\u0131\u015f olacak. Bir trakt\u00f6rde yakla\u015f\u0131k 5 bin par\u00e7a var, otomotivde 10 bin 100 adet par\u00e7a var, n\u00fckleer g\u00fc\u00e7 santrallerinde 515 bin adet par\u00e7a var. Ne kadar yapabileceksek, o kadar\u0131n\u0131 yerli kaynaktan kullanaca\u011f\u0131z. Ben bu i\u015fi bilirim, benim akl\u0131m erer, diyen kim varsa, gelmeli ve T\u00fcrkiye\u2019nin yerli kaynaklar\u0131, yerli teknolojisi ad\u0131na bunu anlatmal\u0131. T\u00dcB\u0130TAK\u2019\u0131n bu konudaki zihni deste\u011fine \u00e7ok \u00f6nem veriyoruz.\u201d<\/p>\n<p><strong>BAKAN ERG\u00dcN: B\u00dcY\u00dcK B\u0130R AR-GE VE \u00dcRET\u0130M POTANS\u0130YEL\u0130M\u0130Z VAR<\/strong><\/p>\n<p>Bilim, Sanayi ve Teknoloji Bakan\u0131 Nihat Erg\u00fcn ise, \u00f6nemli bir Ar-Ge protokol\u00fcne imza at\u0131laca\u011f\u0131n\u0131 dile getirdi. \u00dcretim ve Ar-Ge konusunda yat\u0131r\u0131m yap\u0131lmamas\u0131n\u0131n d\u0131\u015fa ba\u011f\u0131ml\u0131\u011f\u0131 beraberinde getirdi\u011fine dikkat \u00e7eken Erg\u00fcn, \u201cT\u00fcrkiye\u2019de uzun y\u0131llar bu hatalar yap\u0131ld\u0131. \u0130\u015fin \u00fcretimi ve Ar-Ge\u2019si konusunda daha h\u0131zl\u0131 ad\u0131mlar at\u0131lmas\u0131 gerekiyordu. B\u00fcy\u00fck bir \u00fcretim ve Ar-Ge potansiyelimiz var.\u201d dedi. T\u00fcrkiye\u2019nin bug\u00fcn 800 milyar dolarl\u0131k bir \u00fcretim kapasitesi bulundu\u011funa i\u015faret eden Erg\u00fcn, \u00fcretim kapasitesi ile birlikte enerji ihtiyac\u0131n\u0131n da artt\u0131\u011f\u0131n\u0131 vurgulad\u0131.<\/p>\n<p><strong>T\u00dcB\u0130TAK BA\u015eKANI ALTUNBA\u015eAK: N\u00dcKLEER SANTRAL \u00dcRET\u0130M TEKNOLOJ\u0130LER\u0130 KONUSUNDA \u0130\u015eB\u0130RL\u0130\u011e\u0130 YAPACA\u011eIZ<\/strong><\/p>\n<p>T\u00dcB\u0130TAK Ba\u015fkan\u0131 Y\u00fccel Altunba\u015fak, enerji ile ilgili \u00f6nemli bir protokole imza at\u0131laca\u011f\u0131n\u0131 belirterek, \u201cT\u00fcrkiye\u2019nin 65 milyar TL\u2019nin \u00fczerinde enerji ithalat\u0131 var. \u0130thalat\u0131m\u0131z\u0131n y\u00fczde 25\u2019inden fazlas\u0131n\u0131 enerji olu\u015fturuyor.\u201d dedi. Protokol ile yurt d\u0131\u015f\u0131 ba\u011f\u0131ml\u0131\u011f\u0131n\u0131 azaltmay\u0131 ama\u00e7lad\u0131klar\u0131n\u0131 s\u00f6yleyen Altunba\u015fak, \u201cProtokol kapsam\u0131nda 10 senelik bir zaman ve 10\u2019a yak\u0131n projeden bahsediyoruz.\u201d \u015feklinde konu\u015ftu. Protokol ve sonras\u0131nda gelecek s\u00f6zle\u015fmelerle birlikte en az y\u00fczde 20 yerli art\u0131\u015f\u0131 beklendi\u011fini kaydeden Altunba\u015fak, \u201cEnerji ile ilgili konularda hem hammadde hem de teknoloji olarak b\u00fcy\u00fck sat\u0131n almalar yap\u0131yoruz. Stratejik 10 i\u015fbirli\u011fi \u00e7er\u00e7evesinde teknoloji transferi yapmak istiyoruz, art\u0131k pahal\u0131 \u015feylerin, T\u00fcrkiye\u2019de yap\u0131lamayan \u015feylerin T\u00fcrkiye\u2019de yap\u0131lmas\u0131n\u0131 istiyoruz.\u201d dedi. Termik ve hidroelektrik santral tasar\u0131m\u0131n\u0131 bunlara \u00f6rnek g\u00f6steren Altunba\u015fak, \u201cT\u00fcrkiye\u2019de \u015fu anda yap\u0131lm\u0131yor ama yap\u0131lmamas\u0131 i\u00e7in hi\u00e7bir sebep yok. T\u00fcrkiye teknolojisinin geldi\u011fi seviye bunun i\u00e7in yeterli\u2026 N\u00fckleer santral \u00fcretim teknolojileri konusu, yenilenebilir enerji \u00fcretimi gibi ana konularda i\u015fbirli\u011fi yapaca\u011f\u0131z.&#8221; ifadelerini kulland\u0131.<\/p>\n<p>Kaynak: <a href=\"http:\/\/www.haber7.com\/guncel\/haber\/914350-yildiz-bu-paradoksu-asmak-zorundayiz\" target=\"_blank\">Haber7<\/a><\/p>","protected":false},"excerpt":{"rendered":"<p>Sorry, this entry is only available in Turkish. For the sake of viewer convenience, the content is shown below in the alternative language. You may click the link to switch the active language. Enerji ve Tabii Kaynaklar Bakan\u0131 Taner Y\u0131ld\u0131z, bir r\u00fczgar santralinde trib\u00fcn ve jenerat\u00f6r k\u0131sm\u0131n\u0131n yerli kaynaklardan kar\u015f\u0131lanamamas\u0131 durumunda, yat\u0131r\u0131mlar\u0131n yine ithal kaynaklardan [&hellip;]<\/p>\n","protected":false},"author":1,"featured_media":1439,"comment_status":"open","ping_status":"open","sticky":false,"template":"","format":"standard","meta":[],"categories":[53],"tags":[88,312,313,321],"views":605,"_links":{"self":[{"href":"https:\/\/www.enerjigazetesi.ist\/en\/wp-json\/wp\/v2\/posts\/1427"}],"collection":[{"href":"https:\/\/www.enerjigazetesi.ist\/en\/wp-json\/wp\/v2\/posts"}],"about":[{"href":"https:\/\/www.enerjigazetesi.ist\/en\/wp-json\/wp\/v2\/types\/post"}],"author":[{"embeddable":true,"href":"https:\/\/www.enerjigazetesi.ist\/en\/wp-json\/wp\/v2\/users\/1"}],"replies":[{"embeddable":true,"href":"https:\/\/www.enerjigazetesi.ist\/en\/wp-json\/wp\/v2\/comments?post=1427"}],"version-history":[{"count":3,"href":"https:\/\/www.enerjigazetesi.ist\/en\/wp-json\/wp\/v2\/posts\/1427\/revisions"}],"predecessor-version":[{"id":1440,"href":"https:\/\/www.enerjigazetesi.ist\/en\/wp-json\/wp\/v2\/posts\/1427\/revisions\/1440"}],"wp:featuredmedia":[{"embeddable":true,"href":"https:\/\/www.enerjigazetesi.ist\/en\/wp-json\/wp\/v2\/media\/1439"}],"wp:attachment":[{"href":"https:\/\/www.enerjigazetesi.ist\/en\/wp-json\/wp\/v2\/media?parent=1427"}],"wp:term":[{"taxonomy":"category","embeddable":true,"href":"https:\/\/www.enerjigazetesi.ist\/en\/wp-json\/wp\/v2\/categories?post=1427"},{"taxonomy":"post_tag","embeddable":true,"href":"https:\/\/www.enerjigazetesi.ist\/en\/wp-json\/wp\/v2\/tags?post=1427"}],"curies":[{"name":"wp","href":"https:\/\/api.w.org\/{rel}","templated":true}]}}