{"id":142585,"date":"2021-09-23T12:25:19","date_gmt":"2021-09-23T09:25:19","guid":{"rendered":"https:\/\/www.enerjigazetesi.ist\/?p=142585"},"modified":"2021-09-23T12:28:34","modified_gmt":"2021-09-23T09:28:34","slug":"yeo-teknoloji-genc-mucitlerin-zeytin-projesine-destek-veriyor","status":"publish","type":"post","link":"https:\/\/www.enerjigazetesi.ist\/en\/yeo-teknoloji-genc-mucitlerin-zeytin-projesine-destek-veriyor\/","title":{"rendered":"(Turkish) &#8217;YEO Teknoloji&#8217; Gen\u00e7 Mucitlerin Zeytin Projesi\u2019ne Destek Veriyor&#8230;"},"content":{"rendered":"<p class=\"qtranxs-available-languages-message qtranxs-available-languages-message-en\">Sorry, this entry is only available in <a href=\"https:\/\/www.enerjigazetesi.ist\/tr\/wp-json\/wp\/v2\/posts\/142585\" class=\"qtranxs-available-language-link qtranxs-available-language-link-tr\" title=\"Turkish\">Turkish<\/a>. For the sake of viewer convenience, the content is shown below in the alternative language. You may click the link to switch the active language.<\/p><p><\/p>\n<h2><strong>\u201c21-26 Ekim 2021 tarihleri aras\u0131nda ger\u00e7ekle\u015fen Teknofest 2021, h\u0131z kesmeden devam ediyor. YEO Teknoloji, bu \u00f6nemli havac\u0131l\u0131k ve teknoloji etkinli\u011finde gen\u00e7 beyinleri destekleyerek Zeytin adl\u0131 projenin hayata ge\u00e7mesine katk\u0131 sa\u011flad\u0131.\u201d<\/strong><\/h2>\n<p>T\u00fcrkiye\u2019nin en \u00f6nemli havac\u0131l\u0131k ve teknoloji etkinliklerinden biri olan Teknofest, bu y\u0131l <strong>21-26 Eyl\u00fcl 2021<\/strong> tarihleri aras\u0131nda <strong>\u0130stanbul Atat\u00fcrk Havaliman\u0131<\/strong>\u2019nda ger\u00e7ekle\u015fiyor. Toplumun tamam\u0131nda teknoloji ve bilim konusunda fark\u0131ndal\u0131k olu\u015fturmay\u0131, T\u00fcrkiye\u2019nin <strong>bilim<\/strong> ve <strong>m\u00fchendislik<\/strong> alanlar\u0131nda <img loading=\"lazy\" class=\"alignright wp-image-142588\" src=\"https:\/\/www.enerjigazetesi.ist\/wp-content\/uploads\/2021\/09\/yeo-teknoloji-genc-mucitlerin-zeytin-projesine-destek-veriyor-1.jpg\" alt=\"\" width=\"320\" height=\"180\" srcset=\"https:\/\/www.enerjigazetesi.ist\/wp-content\/uploads\/2021\/09\/yeo-teknoloji-genc-mucitlerin-zeytin-projesine-destek-veriyor-1.jpg 550w, https:\/\/www.enerjigazetesi.ist\/wp-content\/uploads\/2021\/09\/yeo-teknoloji-genc-mucitlerin-zeytin-projesine-destek-veriyor-1-300x169.jpg 300w, https:\/\/www.enerjigazetesi.ist\/wp-content\/uploads\/2021\/09\/yeo-teknoloji-genc-mucitlerin-zeytin-projesine-destek-veriyor-1-500x281.jpg 500w, https:\/\/www.enerjigazetesi.ist\/wp-content\/uploads\/2021\/09\/yeo-teknoloji-genc-mucitlerin-zeytin-projesine-destek-veriyor-1-80x45.jpg 80w\" sizes=\"(max-width: 320px) 100vw, 320px\" \/>yeti\u015fmi\u015f insan kayna\u011f\u0131n\u0131 art\u0131rmay\u0131 hedefleyen TEKNOFEST kapsam\u0131nda, gen\u00e7lerin gelece\u011fin teknolojileri \u00fczerinde \u00e7al\u0131\u015fmalar\u0131n\u0131 desteklemek i\u00e7in <strong>Roket<\/strong>\u2019ten<strong> Otonom Sistemlere, Yapay Zek\u00e2dan Sualt\u0131 Sistemleri<\/strong>\u2019ne kadar 35 farkl\u0131 kategoride T\u00fcrkiye tarihinin en b\u00fcy\u00fck <strong>\u00f6d\u00fcll\u00fc Teknoloji Yar\u0131\u015fmalar\u0131<\/strong> bulunmaktad\u0131r.<\/p>\n<p>YEO Teknoloji, <strong>kurumsal sosyal sorumluluk \u00e7al\u0131\u015fmalar\u0131<\/strong> kapsam\u0131nda, <strong>Teknofest<\/strong>\u2019te yer alan <strong>\u201cZeytin\u201d<\/strong> adl\u0131 pedal destekli payla\u015f\u0131ml\u0131 elektrikli arac\u0131n hayata ge\u00e7irilmesine \u00f6nemli katk\u0131 sa\u011flad\u0131. \u0130ki koltuklu araca, iki adet hub motor pedalla destek veriyor. Geli\u015fmi\u015f elektrikli arac\u0131n <strong>150 km<\/strong> menzili bulunuyor ve h\u0131z\u0131 saatte <strong>35-40 km\u2019<\/strong>lere \u00e7\u0131kabiliyor. Tamamen <strong>elektrikli bisiklet y\u00f6netmeli\u011fi<\/strong>ne g\u00f6re \u00fcretilen<strong> Zeytin\u2019in<\/strong> \u00e7al\u0131\u015fmalar\u0131 2 senede tamamland\u0131.<\/p>\n<p>YEO Teknoloji Y\u00f6netim Kurulu Ba\u015fkan\u0131 Tolunay YILDIZ;<em> \u201cYEO Teknoloji olarak, bilim ve teknolojiye katk\u0131 sa\u011flamaktan, gen\u00e7 beyinlere destek vermekten mutluyuz. Daha s\u00fcrd\u00fcr\u00fclebilir ve ye\u015fil bir D\u00fcnya i\u00e7in <strong>gelece\u011fin ara\u00e7lar\u0131 elektrik temelli<\/strong> olmal\u0131 ve \u015f\u00fcphesiz bu teknolojiler D\u00fcnyam\u0131z\u0131n gelece\u011fi i\u00e7in \u00e7ok \u00f6nemli. Bildi\u011finiz gibi; <strong>elektrikli ara\u00e7lar yak\u0131t tasarrufu<\/strong> bak\u0131m\u0131ndan olduk\u00e7a avantajl\u0131d\u0131r ve g\u00fcn\u00fcm\u00fczde fosil yak\u0131tlarla \u00e7al\u0131\u015fan otomobiller nedeniyle; D\u00fcnyam\u0131z\u0131n do\u011fal kaynaklar\u0131 t\u00fckenmektedir. Elektrik, benzin ve mazota k\u0131yasla daha d\u00fc\u015f\u00fck maliyetli ve optimal bir enerji kayna\u011f\u0131d\u0131r ve ye\u015fil dostudur. <strong>Karbon ayak izimizi azaltmak<\/strong> i\u00e7in elektrikli ara\u00e7lara gelecekte daha \u00e7ok ihtiyac\u0131m\u0131z olacak. Bu giri\u015fimleri i\u00e7in gen\u00e7lerimizi y\u00fcrekten tebrik eder, ba\u015far\u0131lar\u0131n\u0131n devam\u0131n\u0131 dilerim.\u201d<\/em> a\u00e7\u0131klamas\u0131nda bulundu.<\/p>\n<p>Zeytin adl\u0131 pedal destekli elektrikli arac\u0131n iki \u015fekilde kullan\u0131m\u0131 hedefleniyor. \u0130lk olarak \u00fcniversite kamp\u00fcslerinde, adalar gibi mekanlarda test edilerek; ard\u0131ndan \u015fehir i\u00e7i \u00fcnitelerde kullan\u0131ma a\u00e7\u0131lacak. ZEYT\u0130N; <strong>ekonomik, konforlu, kolay ula\u015f\u0131labilir<\/strong> ve <strong>\u00e7evreye duyarl\u0131<\/strong> bir ara\u00e7 payla\u015f\u0131m hizmeti vererek; g\u00fcnl\u00fck ula\u015f\u0131m ihtiya\u00e7lar\u0131na yeni bir soluk getirmeyi hedefliyor.<\/p>\n<p>Projenin mucitlerinden ve <strong>Zeytin Projesi<\/strong>\u2019nin y\u00f6neticisi, Ferhat \u00c7i\u00e7ek;<em> \u201cYEO Teknoloji\u2019ye ve Tolunay Y\u0131ld\u0131z\u2019a projemize verdikleri destek i\u00e7in \u00e7ok te\u015fekk\u00fcr ederiz. Kendileri sayesinde bu y\u00fcksek maliyetli projeyi hayata ge\u00e7irebildik. Bug\u00fcn Teknofest\u2019te projemizi sergilemekten gururluyuz. <strong>Zeytin Projesi<\/strong>\u2019nin hayata ge\u00e7mesi <strong>YEO Teknoloji<\/strong> sayesinde oldu, sonsuz te\u015fekk\u00fcrlerimizi sunar\u0131z.\u201d<\/em> dedi.<\/p>\n<p>26 Eyl\u00fcl 2021\u2019e kadar devam edecek olan etkinlik havac\u0131l\u0131k ve teknoloji tutkunlar\u0131n\u0131 bekliyor. Projeyi detayl\u0131ca merak edenler, standa giderek <strong>elektrikli ara\u00e7 Zeytin<\/strong>\u2019i yak\u0131ndan g\u00f6rebilirler.<\/p>\n<p>Detayl\u0131 bilgi i\u00e7in: <a href=\"http:\/\/www.zeytinturkiye.com\/\" target=\"_blank\" rel=\"noopener\">http:\/\/www.zeytinturkiye.com\/<\/a>\u00a0adresini ziyaret edebilirsiniz.<\/p>","protected":false},"excerpt":{"rendered":"<p>Sorry, this entry is only available in Turkish. For the sake of viewer convenience, the content is shown below in the alternative language. You may click the link to switch the active language. \u201c21-26 Ekim 2021 tarihleri aras\u0131nda ger\u00e7ekle\u015fen Teknofest 2021, h\u0131z kesmeden devam ediyor. YEO Teknoloji, bu \u00f6nemli havac\u0131l\u0131k ve teknoloji etkinli\u011finde gen\u00e7 beyinleri [&hellip;]<\/p>\n","protected":false},"author":1,"featured_media":142589,"comment_status":"open","ping_status":"open","sticky":false,"template":"","format":"standard","meta":[],"categories":[51,53,157],"tags":[96710,52986,96709,85968,79965,96708,96711],"views":224,"_links":{"self":[{"href":"https:\/\/www.enerjigazetesi.ist\/en\/wp-json\/wp\/v2\/posts\/142585"}],"collection":[{"href":"https:\/\/www.enerjigazetesi.ist\/en\/wp-json\/wp\/v2\/posts"}],"about":[{"href":"https:\/\/www.enerjigazetesi.ist\/en\/wp-json\/wp\/v2\/types\/post"}],"author":[{"embeddable":true,"href":"https:\/\/www.enerjigazetesi.ist\/en\/wp-json\/wp\/v2\/users\/1"}],"replies":[{"embeddable":true,"href":"https:\/\/www.enerjigazetesi.ist\/en\/wp-json\/wp\/v2\/comments?post=142585"}],"version-history":[{"count":0,"href":"https:\/\/www.enerjigazetesi.ist\/en\/wp-json\/wp\/v2\/posts\/142585\/revisions"}],"wp:featuredmedia":[{"embeddable":true,"href":"https:\/\/www.enerjigazetesi.ist\/en\/wp-json\/wp\/v2\/media\/142589"}],"wp:attachment":[{"href":"https:\/\/www.enerjigazetesi.ist\/en\/wp-json\/wp\/v2\/media?parent=142585"}],"wp:term":[{"taxonomy":"category","embeddable":true,"href":"https:\/\/www.enerjigazetesi.ist\/en\/wp-json\/wp\/v2\/categories?post=142585"},{"taxonomy":"post_tag","embeddable":true,"href":"https:\/\/www.enerjigazetesi.ist\/en\/wp-json\/wp\/v2\/tags?post=142585"}],"curies":[{"name":"wp","href":"https:\/\/api.w.org\/{rel}","templated":true}]}}