{"id":14249,"date":"2013-08-20T09:59:32","date_gmt":"2013-08-20T06:59:32","guid":{"rendered":"https:\/\/www.enerjigazetesi.ist\/?p=14249"},"modified":"2013-08-20T10:17:19","modified_gmt":"2013-08-20T07:17:19","slug":"rensef-akdeniz-deki-elektrik-maliyetleri-nden-dolayi-yatirimci-nin-alternatif-enerji-arayisi","status":"publish","type":"post","link":"https:\/\/www.enerjigazetesi.ist\/en\/rensef-akdeniz-deki-elektrik-maliyetleri-nden-dolayi-yatirimci-nin-alternatif-enerji-arayisi\/","title":{"rendered":"(Turkish) Akdeniz&#8217;deki Elektrik Maliyetlerinden Dolay\u0131 Alternatif Enerji Aray\u0131\u015f\u0131&#8230;"},"content":{"rendered":"<p class=\"qtranxs-available-languages-message qtranxs-available-languages-message-en\">Sorry, this entry is only available in <a href=\"https:\/\/www.enerjigazetesi.ist\/tr\/wp-json\/wp\/v2\/posts\/14249\" class=\"qtranxs-available-language-link qtranxs-available-language-link-tr\" title=\"Turkish\">Turkish<\/a>. For the sake of viewer convenience, the content is shown below in the alternative language. You may click the link to switch the active language.<\/p><p><strong>Yenilenebilir Enerji Sistemleri ve Enerji Verimlili\u011fi konular\u0131n\u0131 i\u00e7eren RENSEF Fuar\u0131 31 Ekim\u00a0 &#8211; 03 Kas\u0131m 2013 tarihlerinde Antalya Cam Piramit\u2019te organize edilecek.\u00a0 \u0130lki d\u00fczenlenecek fuar\u0131n haz\u0131rl\u0131klar\u0131 devam ederken organizat\u00f6r firma Agoras Fuarc\u0131l\u0131k\u2019\u0131n Genel M\u00fcd\u00fcr\u00fc Mehmet D\u00fckk\u00e2nc\u0131 ile yeni fuarlar\u0131 hakk\u0131nda konu\u015ftuk.<\/strong><\/p>\n<p><strong><\/strong><strong>Mehmet D\u00fckk\u00e2nc\u0131: &#8221; Akdeniz B\u00f6lgesi\u2019nde turizmde ve tar\u0131mda <\/strong><strong>elektrik maliyetleri alternatif enerjiler konusunda yat\u0131r\u0131mc\u0131lar\u0131 aray\u0131\u015fa s\u00fcr\u00fckl\u00fcyor &#8220;<\/strong><\/p>\n<p><strong>\u0130lki ger\u00e7ekle\u015fecek olan RENSEF Yenilenebilir Enerji Sistemleri ve Enerji Verimlili\u011fi Fuar\u0131 hakk\u0131nda bilgi verebilir misiniz?<\/strong><\/p>\n<p>\u00dclkemizde turizmin ve tar\u0131m\u0131n ba\u015fkenti Antalya\u2019da, \u015fehir merkezindeki Cam Piramit\u2019te 31 Ekim \u2013 3 Kas\u0131m 2013 tarihleri aras\u0131nda RENSEF, Yenilenebilir Enerji Sistemleri ve Enerji Verimlili\u011fi Fuar\u0131\u2019n\u0131 d\u00fczenliyoruz. Bu y\u0131l ilk defa d\u00fczenlemek i\u00e7in yola \u00e7\u0131kt\u0131\u011f\u0131m\u0131z fuar\u0131m\u0131z\u0131n, 3.000 m2 -2.500 m2 net sergileme alan\u0131nda 60-70 firma ve kurumun kat\u0131l\u0131m\u0131 ile ger\u00e7ekle\u015febilece\u011fini tahmin ediyoruz.<\/p>\n<p>Akdeniz\u2019de Turizm ve Tar\u0131m yat\u0131r\u0131mc\u0131s\u0131 ba\u015fta olmak \u00fczere potansiyel enerji yat\u0131r\u0131mc\u0131lar\u0131na, belediyelere, kamu kurumlar\u0131na ula\u015fmak, enerji verimlili\u011fini, g\u00fcne\u015f enerjisini ve biok\u00fctle enerjisini anlatmalar\u0131 i\u00e7in firmalar\u0131n kat\u0131l\u0131m\u0131n\u0131 bekliyoruz.<\/p>\n<p><strong>Fuar Antalya\u2019ya\u00a0 nas\u0131l bir\u00a0 katk\u0131 sa\u011flayacak?<\/strong><\/p>\n<p>Antalya\u2019da turizm yat\u0131r\u0131mc\u0131lar\u0131n\u0131n enerji maliyetlerini d\u00fc\u015f\u00fcrme ad\u0131na ciddi aray\u0131\u015flar var. Ortalama 3 MW elektrik t\u00fcketimi olan be\u015f y\u0131ld\u0131zl\u0131 b\u00fcy\u00fck otellerin en b\u00fcy\u00fck veya 2. en b\u00fcy\u00fck faturas\u0131 elektrik faturas\u0131d\u0131r. Turizm Bakanl\u0131\u011f\u0131 da otellerin te\u015fviklerini elektrik faturas\u0131 \u00fczerinden veriyor. \u00a0\u00a05 y\u0131ld\u0131zl\u0131 bir otel elektrik t\u00fcketimini % 20 oran\u0131nda d\u00fc\u015f\u00fcrmeyi ba\u015farabilse ortalama 600 KW daha az enerji t\u00fcketmi\u015f olur. Bu durum her turizm yat\u0131r\u0131mc\u0131s\u0131n\u0131n dikkatini \u00e7eker. Bir ba\u015fka deyimle y\u0131ll\u0131k 1.000.000 TL elektrik bedeli \u00f6deyen otel yat\u0131r\u0131mc\u0131s\u0131na siz diyorsunuz ki, \u201c% 20 tasarrufla 200.000 TL cebinizde kalacak.\u201d Gelip sizi dinlemez mi, sizinle tan\u0131\u015fmak istemez mi?<\/p>\n<p>Di\u011fer taraftan enerji verimlili\u011fi veya yenilenebilir enerji kaynaklar\u0131 ile ilgili firmalar, \u00f6zellikle turizm yat\u0131r\u0131mc\u0131lar\u0131na ula\u015fmakta \u00e7e\u015fitli s\u0131k\u0131nt\u0131lar ya\u015f\u0131yorlar.\u00a0 Bir otelin sahibine, yat\u0131r\u0131mc\u0131s\u0131na ula\u015fmak pek de kolay olmuyor. Son derece ilgililer ancak birebir ula\u015f\u0131p sunum yapmak pek m\u00fcmk\u00fcn de\u011fil.<\/p>\n<p>Otellerin teknik m\u00fcd\u00fcrlerine ula\u015fmak da \u00f6nemli bir konudur. Ancak baz\u0131 teknik m\u00fcd\u00fcrleri enerji verimlili\u011fi teknolojileri ve yenilenebilir enerji sistemleri ile ilgili \u00e7ok bilgili de\u011filler. Bazen de farkl\u0131 firmalar\u0131n farkl\u0131 sunumlar\u0131 bilgi kirlili\u011fi yaratabiliyor. Bazen iki farkl\u0131 \u015feyi k\u0131yaslamak zorunda kalabiliyorlar. Bazen de firmalar\u0131n yaratt\u0131\u011f\u0131 sat\u0131\u015f bask\u0131s\u0131ndan rahats\u0131z olabiliyorlar. Bu \u00e7er\u00e7eveden bak\u0131nca, otellerin yat\u0131r\u0131mc\u0131lar\u0131n\u0131, genel m\u00fcd\u00fcrlerini, teknik m\u00fcd\u00fcrlerini, teknik y\u00f6neticilerini bir arada g\u00f6rebilece\u011finiz bir ortam\u0131 yakalamak pek m\u00fcmk\u00fcn olmuyor.<\/p>\n<p>Di\u011fer taraftan da al\u0131\u015f\u0131lagelen bir ger\u00e7ek var. Bir otelin y\u00fczlerce kalem ihtiyac\u0131 olabiliyor. Bir\u00e7ok tedarik\u00e7i de otel sat\u0131n almac\u0131lar\u0131n aya\u011f\u0131na gidip \u00fcr\u00fcnlerini tan\u0131t\u0131yorlar. Dolay\u0131s\u0131yla otelcilik camias\u0131nda bir hizmeti tan\u0131tmak i\u00e7in tedarik\u00e7ilerin kendilerine gitme al\u0131\u015fkanl\u0131\u011f\u0131 var.<\/p>\n<p>\u0130\u015fte bizler Agoras Fuarc\u0131l\u0131k olarak Antalya\u2019da bu ortam\u0131 yaratabilmek i\u00e7in bu fuar\u0131 d\u00fczenliyoruz. Yenilenebilir Enerji Sistemleri ve Enerji Verimlili\u011fi konusunda faal olan firmalar\u0131, otel yat\u0131r\u0131mc\u0131lar\u0131, otellerin genel m\u00fcd\u00fcrlerini, teknik m\u00fcd\u00fcrlerini, teknik y\u00f6neticilerini, b\u00fcy\u00fck sera yat\u0131r\u0131mc\u0131lar\u0131, b\u00f6lge belediyelerinin y\u00f6neticileri ile bulu\u015fturabilece\u011fimiz bir fuar ortam\u0131 yaratmaya \u00e7al\u0131\u015f\u0131yoruz.<\/p>\n<p>S\u0131rf Antalya\u2019da 850 \u00fczerinde Turizm Bakanl\u0131\u011f\u0131 te\u015fvikli otel oldu\u011funu d\u00fc\u015f\u00fcn\u00fcrsek, 5 y\u0131ld\u0131zl\u0131 bir otelin de ortalama<a href=\"https:\/\/www.enerjigazetesi.ist\/wp-content\/uploads\/2013\/08\/RENSEF-Yenilenebilir-Enerji-Sistemleri-ve-Enerji-Verimlili\u011fi-Fuar\u0131.jpg\"><img loading=\"lazy\" class=\"alignright size-medium wp-image-14250\" title=\"RENSEF-Yenilenebilir Enerji Sistemleri ve Enerji Verimlili\u011fi Fuar\u0131\" src=\"https:\/\/www.enerjigazetesi.ist\/wp-content\/uploads\/2013\/08\/RENSEF-Yenilenebilir-Enerji-Sistemleri-ve-Enerji-Verimlili\u011fi-Fuar\u0131-300x213.jpg\" alt=\"\" width=\"300\" height=\"213\" srcset=\"https:\/\/www.enerjigazetesi.ist\/wp-content\/uploads\/2013\/08\/RENSEF-Yenilenebilir-Enerji-Sistemleri-ve-Enerji-Verimlili\u011fi-Fuar\u0131-300x213.jpg 300w, https:\/\/www.enerjigazetesi.ist\/wp-content\/uploads\/2013\/08\/RENSEF-Yenilenebilir-Enerji-Sistemleri-ve-Enerji-Verimlili\u011fi-Fuar\u0131-500x355.jpg 500w, https:\/\/www.enerjigazetesi.ist\/wp-content\/uploads\/2013\/08\/RENSEF-Yenilenebilir-Enerji-Sistemleri-ve-Enerji-Verimlili\u011fi-Fuar\u0131-70x50.jpg 70w, https:\/\/www.enerjigazetesi.ist\/wp-content\/uploads\/2013\/08\/RENSEF-Yenilenebilir-Enerji-Sistemleri-ve-Enerji-Verimlili\u011fi-Fuar\u0131.jpg 580w\" sizes=\"(max-width: 300px) 100vw, 300px\" \/><\/a> 2,5-3 MW elektrik t\u00fcketimi oldu\u011funu d\u00fc\u015f\u00fcn\u00fcrsek turizm yat\u0131r\u0131mc\u0131lar\u0131na yenilenebilir enerji sistemlerini anlatman\u0131n ne kadar \u00f6nemli oldu\u011funu tahmin edebilirsiniz. \u0130\u015fte RENSEF Fuar\u0131n\u0131 di\u011fer sekt\u00f6r fuarlar\u0131ndan ay\u0131rt eden en \u00f6nemli \u00f6zellik budur.<\/p>\n<p><strong>Yenilenebilir Enerji\u00a0 deyince\u00a0 Antalya\u2019da\u00a0 g\u00fcne\u015f enerjisinin g\u00fcnl\u00fck hayatta\u00a0 kullan\u0131ld\u0131\u011f\u0131 \u00a0\u00a0\u00a0\u00a0\u00a0\u00a0akl\u0131m\u0131za\u00a0 geliyor.\u00a0 G\u00fcne\u015fin yan\u0131s\u0131ra r\u00fczgar , jeotermal, bioat\u0131k gibi\u00a0 yenilenebilir enerji kaynaklar\u0131n\u0131 \u00fcreten firmalar\u0131n RENSEF Fuardaki yerini, da\u011f\u0131l\u0131m\u0131n\u0131 de\u011ferlendir misiniz?<\/strong><\/p>\n<p>Antalya&#8217;da, turizm tesisleri\u00a0\u201c<strong>Enerji Verimlili\u011fi\u201d<\/strong>\u00a0konusunda yolun ba\u015f\u0131nda. Turizm tesislerinde elektrik maliyetleri alternatif enerjiler konusunda yat\u0131r\u0131mc\u0131lar\u0131 aray\u0131\u015fa s\u00fcr\u00fckl\u00fcyor.<\/p>\n<p><strong>G\u00fcne\u015f Enerjisi<\/strong>\u00a0g\u00fcndemde\u2026 Hatta g\u00fcne\u015f enerjisinde Antalya&#8217;n\u0131n Avrupa ba\u015fkenti olma iddias\u0131 dilleniyor. Serac\u0131l\u0131k sekt\u00f6r\u00fcn\u00fcn her y\u0131l \u00fcretti\u011fi milyon ton d\u00fczeyindeki organik bitki at\u0131\u011f\u0131, turizm tesislerinin \u00fcretti\u011fi yiyeceklerin olu\u015fturdu\u011fu\u00a0<strong>biyoat\u0131k, biyogaz<\/strong>\u00a0enerjiye nas\u0131l d\u00f6n\u00fc\u015f\u00fcr aray\u0131\u015flar\u0131 g\u00fcndemde&#8230;<\/p>\n<p>Di\u011fer yandan b\u00f6lgemizde \u00e7ok uygun g\u00f6r\u00fcnmese de\u00a0<strong>R\u00fczg\u00e2r Enerjisi<\/strong>\u00a0bu b\u00f6lgenin yat\u0131r\u0131mc\u0131s\u0131n\u0131n g\u00fcndemine geliyor zaman zaman. Co\u011frafi olarak Antalya&#8217;ya \u00e7ok yak\u0131n olan Afyon, turizm veya tar\u0131m yat\u0131r\u0131mc\u0131s\u0131n\u0131n enerji ihtiya\u00e7lar\u0131 i\u00e7in\u00a0<strong>Jeotermal Enerji\u00a0<\/strong>ile \u00e7\u00f6z\u00fcm olabilir mi sorusu da g\u00fcndemde.<\/p>\n<p>En \u00f6nemli sorulardan birisi de bu b\u00fcy\u00fckl\u00fckteki yat\u0131r\u0131mlar\u0131n nas\u0131l\u00a0<strong>finanse\u00a0<\/strong>edilece\u011fi \u00fczerinedir. &#8220;Yat\u0131r\u0131m\u0131n geri d\u00f6n\u00fc\u015f\u00fc ne zaman ger\u00e7ekle\u015fir? Peki, tedarik\u00e7iler kim? Kimlerle yola \u00e7\u0131kabilir?\u201d Sorular\u0131 da g\u00fcndemde\u2026<\/p>\n<p>Fuar\u0131m\u0131z\u0131n amac\u0131, \u00fclkemizin g\u00fcneyinde turizm ve tar\u0131m yat\u0131r\u0131mc\u0131lar\u0131na, sanayicilere, belediye y\u00f6neticilerine, yenilenebilir enerji sistemleri ve enerji verimlili\u011fini anlatmakt\u0131r.<\/p>\n<p>Bu \u00e7er\u00e7eveden bak\u0131nca, \u00fclkemizde Turizmin ve Tar\u0131m\u0131n ba\u015fkenti, h\u0131zla geli\u015fen Antalya&#8217;da, enerji sekt\u00f6r\u00fcn\u00fcn ulusal ve uluslararas\u0131 oyuncular\u0131n\u0131 verimli ve keyifli bir fuarda bulu\u015fmaya davet ediyoruz.<\/p>\n<p><strong>RENSEF Yenilenebilir Enerji Sistemleri ve Enerji Verimlili\u011fi Fuar\u0131\u2019na kimler kat\u0131labilecek?<\/strong><\/p>\n<p>Fuar\u0131m\u0131z\u0131n ad\u0131n\u0131 ve kapsam\u0131n\u0131 her ne kadar geni\u015f tuttuysak da b\u00f6lgedeki ihtiya\u00e7lar\u0131 g\u00f6z \u00f6n\u00fcne alarak 3 ana konuda firmalar\u0131n yo\u011funlukta olaca\u011f\u0131n\u0131 tahmin ediyoruz. Fotovoltaik yani, g\u00fcne\u015ften elektrik \u00fcretimi konusunda faal olan g\u00fcne\u015f enerjisi sistemleri tedarik\u00e7ilerinin fuara en \u00e7ok ra\u011fbet eden kesim olaca\u011f\u0131n\u0131 d\u00fc\u015f\u00fcn\u00fcyoruz. Fuar\u0131n paralelinde d\u00fczenlenen 2. G\u00fcne\u015f Sempozyumunu da g\u00f6z \u00f6n\u00fcnde tutacak olursak \u201cG\u00fcne\u015f Enerjisinin\u201d daha \u00f6n planda olaca\u011f\u0131n\u0131 tahmin ediyoruz.<\/p>\n<p>\u0130kinci \u00f6nemli konumuz da biyok\u00fctle, biyoat\u0131k. Antalya serac\u0131l\u0131\u011f\u0131n ba\u015fkenti. 100.000 sera \u00fcreticisi y\u0131lda 3.5 milyon ton biyoat\u0131k \u00fcretmektedir. Otellerin \u00fcretti\u011fi yemek at\u0131klar\u0131, golf otellerinin \u00fcrettikleri \u00e7im at\u0131klar\u0131n\u0131 da d\u00fc\u015f\u00fcn\u00fcrsek biyoat\u0131k konusunun Antalya\u2019da gelece\u011fi olan bir konu oldu\u011funu g\u00f6rebiliriz. Dolay\u0131s\u0131yla bir di\u011fer kat\u0131l\u0131mc\u0131 grubunun da biyok\u00fctle enerjisi sistemleri tedarik\u00e7ileri olmas\u0131n\u0131 bekliyoruz.<\/p>\n<p>Antalya\u2019daki otellerin yat\u0131r\u0131mc\u0131lar\u0131n\u0131n enerji verimlili\u011fi konusundaki ihtiya\u00e7lar\u0131 ve aray\u0131\u015flar\u0131n\u0131 g\u00f6z \u00f6n\u00fcnde bulundurunca enerji verimlili\u011fi dan\u0131\u015fmanl\u0131k firmalar\u0131, tedarik\u00e7ileri fuar\u0131n kat\u0131l\u0131mc\u0131lar\u0131 aras\u0131nda olmas\u0131n\u0131 bekliyoruz.<\/p>\n<p>Bunun d\u0131\u015f\u0131nda, R\u00fczg\u00e2r Enerjisi Sistemleri, Jeotermal Enerji Kaynaklar\u0131 Sistemleri tedarik\u00e7ileri i\u00e7in b\u00f6lge \u00e7ok cazip olmasa da bu konulardaki kat\u0131l\u0131mc\u0131lara a\u00e7\u0131k oldu\u011fumuzu bildiriyoruz.<\/p>\n<p>Tabii ki ilgili sekt\u00f6r kurumlar\u0131, dernekleri ve sekt\u00f6rel Bas\u0131n da fuar kat\u0131l\u0131mc\u0131lar\u0131 aras\u0131nda olacakt\u0131r.<\/p>\n<p><strong>Kat\u0131l\u0131mc\u0131lar aras\u0131nda yurtd\u0131\u015f\u0131ndan firmalar da bulunuyor mu?<\/strong><\/p>\n<p>RENSEF\u2019i uluslararas\u0131 d\u00fczeyde organize ediyoruz.\u00a0 Fuar\u0131m\u0131za Almanya ve Yunanistan\u2019dan yo\u011fun ilgi var.\u00a0 Firmalar\u0131 direkt kendileri ya da T\u00fcrk partnerleri ile kat\u0131l\u0131yorlar. RENSEF, yurtd\u0131\u015f\u0131ndaki EPC firmalar\u0131n\u0131n T\u00fcrkiye\u2019deki turizm ve tar\u0131m yat\u0131r\u0131mc\u0131lar\u0131 ile bulu\u015fmalar\u0131 i\u00e7in verimli bir ortam olacak.\u00a0 Yat\u0131r\u0131mlar\u0131 i\u00e7in de ihtiya\u00e7lar\u0131 olan T\u00fcrk partnerleri ile fuar\u0131m\u0131zda tan\u0131\u015facaklar.<\/p>\n<p><strong>Fuar\u0131n yan\u0131 s\u0131ra enerji konusuna y\u00f6nelik ba\u015fka etkinlikler de d\u00fczenlenecek mi? <\/strong><\/p>\n<p>Antalya\u2019da Elektrik M\u00fchendisleri Odas\u0131 Antalya \u015eubesi ve TMMOB Mimarlar Odas\u0131 Antalya \u015eubesi, ortakla\u015fa 2. G\u00fcne\u015f Sempozyumu\u2019nu haz\u0131rl\u0131yorlar. Kendilerine teklif ettik ve bizlerin de deste\u011fi ile sempozyumu fuar\u0131m\u0131z\u0131n paraleline ald\u0131k. B\u00f6ylece her iki organizasyon aras\u0131nda bir sinerji yaratm\u0131\u015f olduk.<\/p>\n<p>\u00dclkemizde, g\u00fcne\u015f enerjisi sekt\u00f6r\u00fcnde tasarlayan, \u00fcreten ve uygulayan t\u00fcm kesimlerin kat\u0131l\u0131m\u0131n\u0131n yan\u0131 s\u0131ra \u00fcniversiteler taraf\u0131ndan \u00fcretilen bilimsel \u00e7al\u0131\u015fmalar\u0131n da payla\u015f\u0131laca\u011f\u0131 II.G\u00fcne\u015f Sempozyumu 31 Ekim-02 Kas\u0131m 2013 tarihlerinde Antalya&#8217;da yap\u0131lacak. Sponsor olmak isteyen firmalar bizimle ileti\u015fime ge\u00e7ebilirler.<\/p>\n<p>Sempozyumun d\u0131\u015f\u0131nda biyok\u00fctle, biyoat\u0131k ve\u00a0 enerji\u00a0 verimlili\u011fi finansman\u0131 konular\u0131nda\u00a0 etkinlik i\u00e7eri\u011fi\u00a0 haz\u0131rl\u0131klar\u0131m\u0131z\u00a0 s\u00fcr\u00fcyor.<\/p>\n<p>Yay\u0131nc\u0131: <a href=\"https:\/\/www.enerjigazetesi.ist\" target=\"_blank\">Enerji Gazetesi<\/a><\/p>","protected":false},"excerpt":{"rendered":"<p>Sorry, this entry is only available in Turkish. For the sake of viewer convenience, the content is shown below in the alternative language. You may click the link to switch the active language.Yenilenebilir Enerji Sistemleri ve Enerji Verimlili\u011fi konular\u0131n\u0131 i\u00e7eren RENSEF Fuar\u0131 31 Ekim\u00a0 &#8211; 03 Kas\u0131m 2013 tarihlerinde Antalya Cam Piramit\u2019te organize edilecek.\u00a0 \u0130lki [&hellip;]<\/p>\n","protected":false},"author":1,"featured_media":14250,"comment_status":"open","ping_status":"open","sticky":false,"template":"","format":"standard","meta":[],"categories":[53,52,49,48,50],"tags":[7742,6646,640,7740,19,63,67,1009,165,12,502,227,13,58,6649,7739,69,133,105,7741,7743],"views":916,"_links":{"self":[{"href":"https:\/\/www.enerjigazetesi.ist\/en\/wp-json\/wp\/v2\/posts\/14249"}],"collection":[{"href":"https:\/\/www.enerjigazetesi.ist\/en\/wp-json\/wp\/v2\/posts"}],"about":[{"href":"https:\/\/www.enerjigazetesi.ist\/en\/wp-json\/wp\/v2\/types\/post"}],"author":[{"embeddable":true,"href":"https:\/\/www.enerjigazetesi.ist\/en\/wp-json\/wp\/v2\/users\/1"}],"replies":[{"embeddable":true,"href":"https:\/\/www.enerjigazetesi.ist\/en\/wp-json\/wp\/v2\/comments?post=14249"}],"version-history":[{"count":17,"href":"https:\/\/www.enerjigazetesi.ist\/en\/wp-json\/wp\/v2\/posts\/14249\/revisions"}],"predecessor-version":[{"id":14267,"href":"https:\/\/www.enerjigazetesi.ist\/en\/wp-json\/wp\/v2\/posts\/14249\/revisions\/14267"}],"wp:featuredmedia":[{"embeddable":true,"href":"https:\/\/www.enerjigazetesi.ist\/en\/wp-json\/wp\/v2\/media\/14250"}],"wp:attachment":[{"href":"https:\/\/www.enerjigazetesi.ist\/en\/wp-json\/wp\/v2\/media?parent=14249"}],"wp:term":[{"taxonomy":"category","embeddable":true,"href":"https:\/\/www.enerjigazetesi.ist\/en\/wp-json\/wp\/v2\/categories?post=14249"},{"taxonomy":"post_tag","embeddable":true,"href":"https:\/\/www.enerjigazetesi.ist\/en\/wp-json\/wp\/v2\/tags?post=14249"}],"curies":[{"name":"wp","href":"https:\/\/api.w.org\/{rel}","templated":true}]}}