{"id":14245,"date":"2013-08-20T09:33:45","date_gmt":"2013-08-20T06:33:45","guid":{"rendered":"https:\/\/www.enerjigazetesi.ist\/?p=14245"},"modified":"2013-08-20T09:34:04","modified_gmt":"2013-08-20T06:34:04","slug":"hasan-koktas-her-yil-2-ataturk-baraji-kadar-kurulu-guc-ekledik","status":"publish","type":"post","link":"https:\/\/www.enerjigazetesi.ist\/en\/hasan-koktas-her-yil-2-ataturk-baraji-kadar-kurulu-guc-ekledik\/","title":{"rendered":"(Turkish) Hasan K\u00f6kta\u015f: Her Y\u0131l 2 Atat\u00fcrk Baraj\u0131 Kadar Kurulu G\u00fc\u00e7 Ekledik"},"content":{"rendered":"<p class=\"qtranxs-available-languages-message qtranxs-available-languages-message-en\">Sorry, this entry is only available in <a href=\"https:\/\/www.enerjigazetesi.ist\/tr\/wp-json\/wp\/v2\/posts\/14245\" class=\"qtranxs-available-language-link qtranxs-available-language-link-tr\" title=\"Turkish\">Turkish<\/a>. For the sake of viewer convenience, the content is shown below in the alternative language. You may click the link to switch the active language.<\/p><p><strong>Enerji Piyasas\u0131 D\u00fczenleme Kurumu (EPDK) Ba\u015fkan\u0131 Hasan K\u00f6kta\u015f, son 5 y\u0131lda her y\u0131l 2 Atat\u00fcrk Baraj\u0131 b\u00fcy\u00fckl\u00fc\u011f\u00fcndeki kurulu g\u00fcc\u00fcn sisteme ilave edildi\u011fini s\u00f6yledi. K\u00f6kta\u015f, Kangal Termik Santrali sat\u0131\u015f ve i\u015fletme hakk\u0131 devir s\u00f6zle\u015fmesi imza t\u00f6reninde yapt\u0131\u011f\u0131 konu\u015fmada, ilk da\u011f\u0131t\u0131m \u00f6zelle\u015ftirilmesinin 2009 y\u0131l\u0131n\u0131n \u015fubat ay\u0131nda yap\u0131ld\u0131\u011f\u0131n\u0131 hat\u0131rlatarak, \u201cBir \u00e7ok kritere ba\u011fl\u0131 olarak yapt\u0131\u011f\u0131m\u0131z de\u011ferlendirmelerde da\u011f\u0131t\u0131m sekt\u00f6r\u00fcn\u00fcn teknik hedefine ula\u015ft\u0131\u011f\u0131n\u0131 ve beklentilerimizi kar\u015f\u0131layaca\u011f\u0131n\u0131 g\u00f6r\u00fcyoruz\u201d dedi.<\/strong><\/p>\n<p>\u00dcretim sekt\u00f6r\u00fcne ait \u00f6zelle\u015ftirmelerin yerli kaynaklardan ba\u015flad\u0131\u011f\u0131n\u0131 kaydeden K\u00f6kta\u015f, \u00fcretim sekt\u00f6r\u00fcnde tam rekabet\u00e7i bir piyasa yap\u0131s\u0131n\u0131 olu\u015fturmay\u0131 hedeflediklerini dile getirdi.<\/p>\n<p>Bunun \u00fcretim fazlas\u0131 olu\u015fturarak o<a href=\"https:\/\/www.enerjigazetesi.ist\/wp-content\/uploads\/2013\/08\/hasan-koktas-her-yil-2-ataturk-baraji-kadar-kurulu-guc-ekledik.jpg\"><img loading=\"lazy\" class=\"alignleft size-medium wp-image-14246\" title=\"hasan-koktas-her-yil-2-ataturk-baraji-kadar-kurulu-guc-ekledik\" src=\"https:\/\/www.enerjigazetesi.ist\/wp-content\/uploads\/2013\/08\/hasan-koktas-her-yil-2-ataturk-baraji-kadar-kurulu-guc-ekledik-300x198.jpg\" alt=\"\" width=\"300\" height=\"198\" srcset=\"https:\/\/www.enerjigazetesi.ist\/wp-content\/uploads\/2013\/08\/hasan-koktas-her-yil-2-ataturk-baraji-kadar-kurulu-guc-ekledik-300x198.jpg 300w, https:\/\/www.enerjigazetesi.ist\/wp-content\/uploads\/2013\/08\/hasan-koktas-her-yil-2-ataturk-baraji-kadar-kurulu-guc-ekledik-75x50.jpg 75w, https:\/\/www.enerjigazetesi.ist\/wp-content\/uploads\/2013\/08\/hasan-koktas-her-yil-2-ataturk-baraji-kadar-kurulu-guc-ekledik.jpg 424w\" sizes=\"(max-width: 300px) 100vw, 300px\" \/><\/a>rtaya \u00e7\u0131kaca\u011f\u0131na i\u015faret eden K\u00f6kta\u015f, \u201cSon 5 y\u0131lda her y\u0131l 2 Atat\u00fcrk Baraj\u0131 b\u00fcy\u00fckl\u00fc\u011f\u00fcnde kurulu g\u00fc\u00e7 sistemi ilave ediyoruz\u201d diye konu\u015ftu.<\/p>\n<p>K\u00f6kta\u015f, rekabet ortam\u0131 sa\u011flaman\u0131n di\u011fer bir yolunun tesislerin kapasiteleri ve \u00fcretim verimli\u011fini art\u0131rmak oldu\u011funa dikkati \u00e7ekerek, \u00fcretim \u00f6zelle\u015ftirmesinden beklenen en \u00f6nemli faydan\u0131n da bu oldu\u011funu s\u00f6yledi. K\u00f6kta\u015f, yerli kaynaklardan azami derecede istifade etmenin \u00f6nemine de de\u011findi.<\/p>\n<p>Konya \u015eeker\u2019in bu \u00f6zelle\u015ftirmede ba\u015far\u0131l\u0131 olaca\u011f\u0131na inand\u0131\u011f\u0131n\u0131 da s\u00f6zlerine ekleyen K\u00f6kta\u015f, \u201cPer\u015fembenin geli\u015fi cumartesiden belli\u201d dedi.<\/p>\n<h2>\u201c\u00dcretim \u00f6zelle\u015ftirmelerine de ivme kazand\u0131raca\u011f\u0131z\u201d<\/h2>\n<p>\u00d6zelle\u015ftirme \u0130daresi Ba\u015fkan Vekili Ahmet Aksu da Kangal Termik santralinin 457 MW\u2019l\u0131k kurulu g\u00fcc\u00fcn\u00fcn E\u00dcA\u015e\u2019\u0131n toplam kurulu g\u00fcc\u00fcn\u00fcn yakla\u015f\u0131k y\u00fczde 2\u2032sine, T\u00fcrkiye\u2019nin kurulu g\u00fcc\u00fcn\u00fcn ise y\u00fczde 0,75\u2032ine kar\u015f\u0131l\u0131k geldi\u011fini ifade etti.<\/p>\n<p>Herhangi bir \u00fclkede yeni bir sekt\u00f6re girmenin kendilerine g\u00f6re en ak\u0131lc\u0131 ve h\u0131zl\u0131 yolunun \u00f6zelle\u015ftirme oldu\u011funun alt\u0131n\u0131 \u00e7izen Aksu, bu \u00e7er\u00e7evede bir \u00e7ok yeni yat\u0131r\u0131mc\u0131y\u0131 de\u011fi\u015fik sekt\u00f6rlere kazand\u0131rma imkan\u0131na sahip olduklar\u0131n\u0131 dile getirdi.<\/p>\n<p>Aksu, devir s\u00fcrecinin \u00f6zelle\u015ftirme y\u00fcksek kurulunun onay tarihinen itibaren 3 ay gibi bir s\u00fcrede tamamland\u0131\u011f\u0131n\u0131 vurgulayarak, bu durumun finans kurulu\u015flar\u0131n\u0131n \u00f6zelle\u015ftirme uygulamalar\u0131na ve Konya \u015eeker\u2019e olan g\u00fcvenini ortaya koydu\u011funu belirtti.<\/p>\n<p>Da\u011f\u0131t\u0131m \u00f6zelle\u015ftirmelerinden sonra \u00fcretim \u00f6zelle\u015ftirmelerinde de belli bir ivme yakalayacaklar\u0131n\u0131 bildiren Aksu, \u201c\u00d6n\u00fcm\u00fczdeki 2-3 y\u0131l i\u00e7erisinde E\u00dcA\u015e\u2019\u0131n 25 bin MW civar\u0131ndaki kurulu kapasitesinden 16 bin MW\u2019l\u0131k k\u0131s\u0131m\u0131n\u0131n \u00f6zelle\u015ftirme prosed\u00fcr\u00fcn\u00fc y\u00fcr\u00fctece\u011fiz\u201d dedi.<\/p>\n<p>Kaynak: <a href=\"http:\/\/enerjienstitusu.com\/2013\/08\/20\/hasan-koktas-her-yil-2-ataturk-baraji-kadar-kurulu-guc-ekledik\/\" target=\"_blank\">Enerji Enstit\u00fcs\u00fc<\/a><\/p>","protected":false},"excerpt":{"rendered":"<p>Sorry, this entry is only available in Turkish. For the sake of viewer convenience, the content is shown below in the alternative language. You may click the link to switch the active language.Enerji Piyasas\u0131 D\u00fczenleme Kurumu (EPDK) Ba\u015fkan\u0131 Hasan K\u00f6kta\u015f, son 5 y\u0131lda her y\u0131l 2 Atat\u00fcrk Baraj\u0131 b\u00fcy\u00fckl\u00fc\u011f\u00fcndeki kurulu g\u00fcc\u00fcn sisteme ilave edildi\u011fini s\u00f6yledi. [&hellip;]<\/p>\n","protected":false},"author":1,"featured_media":14246,"comment_status":"open","ping_status":"open","sticky":false,"template":"","format":"standard","meta":[],"categories":[53],"tags":[63,67,1009,1046,165,750,2989,7225,1248,7738],"views":783,"_links":{"self":[{"href":"https:\/\/www.enerjigazetesi.ist\/en\/wp-json\/wp\/v2\/posts\/14245"}],"collection":[{"href":"https:\/\/www.enerjigazetesi.ist\/en\/wp-json\/wp\/v2\/posts"}],"about":[{"href":"https:\/\/www.enerjigazetesi.ist\/en\/wp-json\/wp\/v2\/types\/post"}],"author":[{"embeddable":true,"href":"https:\/\/www.enerjigazetesi.ist\/en\/wp-json\/wp\/v2\/users\/1"}],"replies":[{"embeddable":true,"href":"https:\/\/www.enerjigazetesi.ist\/en\/wp-json\/wp\/v2\/comments?post=14245"}],"version-history":[{"count":2,"href":"https:\/\/www.enerjigazetesi.ist\/en\/wp-json\/wp\/v2\/posts\/14245\/revisions"}],"predecessor-version":[{"id":14248,"href":"https:\/\/www.enerjigazetesi.ist\/en\/wp-json\/wp\/v2\/posts\/14245\/revisions\/14248"}],"wp:featuredmedia":[{"embeddable":true,"href":"https:\/\/www.enerjigazetesi.ist\/en\/wp-json\/wp\/v2\/media\/14246"}],"wp:attachment":[{"href":"https:\/\/www.enerjigazetesi.ist\/en\/wp-json\/wp\/v2\/media?parent=14245"}],"wp:term":[{"taxonomy":"category","embeddable":true,"href":"https:\/\/www.enerjigazetesi.ist\/en\/wp-json\/wp\/v2\/categories?post=14245"},{"taxonomy":"post_tag","embeddable":true,"href":"https:\/\/www.enerjigazetesi.ist\/en\/wp-json\/wp\/v2\/tags?post=14245"}],"curies":[{"name":"wp","href":"https:\/\/api.w.org\/{rel}","templated":true}]}}