{"id":142386,"date":"2021-09-20T11:12:56","date_gmt":"2021-09-20T08:12:56","guid":{"rendered":"https:\/\/www.enerjigazetesi.ist\/?p=142386"},"modified":"2021-09-20T11:13:17","modified_gmt":"2021-09-20T08:13:17","slug":"vodafone-turkiye-yuzde-100-yenilenebilir-enerji-hedefine-3-yil-erken-ulasti","status":"publish","type":"post","link":"https:\/\/www.enerjigazetesi.ist\/en\/vodafone-turkiye-yuzde-100-yenilenebilir-enerji-hedefine-3-yil-erken-ulasti\/","title":{"rendered":"(Turkish) &#8217;Vodafone T\u00fcrkiye&#8217; %100 Yenilenebilir Enerji Hedefine 3 Y\u0131l Erken Ula\u015ft\u0131!"},"content":{"rendered":"<p class=\"qtranxs-available-languages-message qtranxs-available-languages-message-en\">Sorry, this entry is only available in <a href=\"https:\/\/www.enerjigazetesi.ist\/tr\/wp-json\/wp\/v2\/posts\/142386\" class=\"qtranxs-available-language-link qtranxs-available-language-link-tr\" title=\"Turkish\">Turkish<\/a>. For the sake of viewer convenience, the content is shown below in the alternative language. You may click the link to switch the active language.<\/p><p><\/p>\n<h2><strong>\u015eebeke ve ofislerinde kulland\u0131\u011f\u0131 elektri\u011fin tamam\u0131n\u0131 yenilenebilir enerji kaynaklar\u0131ndan temin eden Vodafone T\u00fcrkiye, \u00e7evresel s\u00fcrd\u00fcr\u00fclebilirli\u011fe katk\u0131da bulunmak \u00fczere yeni bir kampanya ba\u015flatt\u0131. %100 yenilenebilir enerji hedefine 3 y\u0131l daha erken ula\u015fan Vodafone bir ay boyunca m\u00fc\u015fterilerine ki\u015fisel dijital asistan TOBi\u2019den enerjinin daha verimli kullan\u0131m\u0131 konusunda bilgilendirme yapacak ve \u00e7evresel s\u00fcrd\u00fcr\u00fclebilirlik i\u00e7in birlikte hareket etme \u00e7a\u011fr\u0131s\u0131nda bulunacak. Vodafone, her m\u00fc\u015fterisi i\u00e7in WWF-T\u00fcrkiye\u2019ye ba\u011f\u0131\u015f da yapacak.<\/strong><\/h2>\n<p>\u015eebeke ve ofislerinin tamam\u0131nda <strong>%100 yenilenebilir enerji<\/strong> kullanan ilk ve tek operat\u00f6r olan <strong>Vodafone T\u00fcrkiye,<\/strong> <strong>\u00e7evresel s\u00fcrd\u00fcr\u00fclebilirlik<\/strong> alan\u0131ndaki \u00e7al\u0131\u015fmalar\u0131na aral\u0131ks\u0131z devam ediyor. <img loading=\"lazy\" class=\"alignright wp-image-142388\" src=\"https:\/\/www.enerjigazetesi.ist\/wp-content\/uploads\/2021\/09\/vodafone-turkiye-yuzde-100-yenilenebilir-enerji-hedefine-3-yil-erken-ulasti-2.jpg\" alt=\"\" width=\"320\" height=\"214\" srcset=\"https:\/\/www.enerjigazetesi.ist\/wp-content\/uploads\/2021\/09\/vodafone-turkiye-yuzde-100-yenilenebilir-enerji-hedefine-3-yil-erken-ulasti-2.jpg 550w, https:\/\/www.enerjigazetesi.ist\/wp-content\/uploads\/2021\/09\/vodafone-turkiye-yuzde-100-yenilenebilir-enerji-hedefine-3-yil-erken-ulasti-2-300x200.jpg 300w, https:\/\/www.enerjigazetesi.ist\/wp-content\/uploads\/2021\/09\/vodafone-turkiye-yuzde-100-yenilenebilir-enerji-hedefine-3-yil-erken-ulasti-2-500x334.jpg 500w, https:\/\/www.enerjigazetesi.ist\/wp-content\/uploads\/2021\/09\/vodafone-turkiye-yuzde-100-yenilenebilir-enerji-hedefine-3-yil-erken-ulasti-2-75x50.jpg 75w, https:\/\/www.enerjigazetesi.ist\/wp-content\/uploads\/2021\/09\/vodafone-turkiye-yuzde-100-yenilenebilir-enerji-hedefine-3-yil-erken-ulasti-2-450x300.jpg 450w\" sizes=\"(max-width: 320px) 100vw, 320px\" \/>Nisan ay\u0131nda, t\u00fcm \u015febeke ve ofislerinde kullan\u0131lan <strong>elektri\u011fi yenilenebilir enerji kaynaklar\u0131<\/strong> olan <strong>g\u00fcne\u015ften<\/strong> ve <strong>r\u00fczgardan<\/strong> alarak <strong>%100 yenilenebilir enerji\u00a0<\/strong>hedefine planlanan tarihten <strong>3 y\u0131l daha erken<\/strong> ula\u015ft\u0131\u011f\u0131n\u0131<strong>\u00a0<\/strong>duyuran Vodafone, \u015fimdi de bir ay s\u00fcrecek yeni reklam kampanyas\u0131yla <strong>enerji verimlili\u011fine y\u00f6nelik<\/strong> fark\u0131ndal\u0131k yaratmay\u0131 ve art\u0131rmay\u0131 hedefliyor. \u015eirket bu s\u00fcre\u00e7te, m\u00fc\u015fterilerine <strong>ki\u015fisel dijital asistan<\/strong> <strong>TOBi<\/strong> \u00fczerinden enerjinin daha verimli kullan\u0131m\u0131 konusunda bilgiler vererek \u00e7evresel s\u00fcrd\u00fcr\u00fclebilirlik i\u00e7in birlikte hareket etme konusunda \u00e7a\u011fr\u0131da bulunacak. Vodafone kampanya s\u00fcresince <strong>TOBi<\/strong> kanal\u0131yla <strong>enerji verimlili\u011fi<\/strong> hakk\u0131nda bilgi verdi\u011fi her m\u00fc\u015fteri i\u00e7in <strong>WWF-T\u00fcrkiye (Do\u011fal Hayat\u0131 Koruma Vakf\u0131)\u2019na\u00a0<\/strong>ba\u011f\u0131\u015f da yapacak.<\/p>\n<p><strong>Vodafone T\u00fcrkiye \u0130cra Kurulu Ba\u015fkan Yard\u0131mc\u0131s\u0131 Meltem Bakiler \u015eahin<\/strong><strong>,\u00a0<\/strong><span style=\"text-decoration: underline;\">\u015funlar\u0131 s\u00f6yledi:\u00a0<\/span><\/p>\n<p><em>\u201cAma\u00e7 odakl\u0131 vizyonumuz do\u011frultusunda,<strong>\u00a0iklim de\u011fi\u015fikli\u011fine y\u00f6nelik acil \u00f6nlem al\u0131nmas\u0131<\/strong> ve \u00f6zellikle \u015firketlerin operasyonel performans\u0131ndan kaynakl\u0131 <strong>\u00e7evresel etkilerin<\/strong> en az d\u00fczeye indirilmesi gerekti\u011fine inan\u0131yoruz. Herkes i\u00e7in <strong>daha s\u00fcrd\u00fcr\u00fclebilir bir gelece\u011fe<\/strong> katk\u0131da bulunabilece\u011fimiz konusunda pozitif ve iyimseriz. Grubumuz,\u00a0<strong>k\u00fcresel karbon emisyonu<\/strong>nu 2040\u2019a kadar net s\u0131f\u0131ra d\u00fc\u015f\u00fcrmeyi taahh\u00fct etti. Biz de T\u00fcrkiye\u2019de \u00e7al\u0131\u015fmalar\u0131m\u0131z\u0131 h\u0131zland\u0131rd\u0131k ve gerek \u015febeke gerekse ofislerimizde t\u00fcketti\u011fimiz elektri\u011fi yenilenebilir enerji kaynaklar\u0131ndan sat\u0131n alarak <strong>%100 yenilenebilir enerji\u00a0<\/strong>hedefimize planlanan tarihten<strong> 3 y\u0131l erken<\/strong> ula\u015ft\u0131k. \u015eimdi de bu konuda bir fark\u0131ndal\u0131k kampanyas\u0131 ba\u015flat\u0131yoruz. M\u00fc\u015fterilerimize ki\u015fisel dijital asistan\u0131m\u0131z TOBi \u00fczerinden <strong>yenilenebilir enerji kullan\u0131m\u0131<\/strong> konusunda bilgilendirme yapaca\u011f\u0131z ve<strong> \u00e7evresel s\u00fcrd\u00fcr\u00fclebilirlik<\/strong> i\u00e7in birlikte hareket etme konusunda \u00e7a\u011fr\u0131da bulunaca\u011f\u0131z. Ayr\u0131ca TOBi kanal\u0131yla ula\u015ft\u0131\u011f\u0131m\u0131z her m\u00fc\u015fterimiz i\u00e7in WWF-T\u00fcrkiye\u2019ye ba\u011f\u0131\u015fta bulunaca\u011f\u0131z.\u201d<\/em><\/p>\n<h3><strong>Yenilenebilir enerjiye 5 milyon TL\u2019yi a\u015fk\u0131n yat\u0131r\u0131m<\/strong><\/h3>\n<p>Vodafone T\u00fcrkiye, \u00e7evresel etkisini azaltmak \u00fczere yenilenebilir enerji projelerine yat\u0131r\u0131m yapmay\u0131 s\u00fcrd\u00fcr\u00fcyor. 2019\u2019da Adana\u2019da, 2020 sonunda da \u0130stanbul Esenyurt\u2019taki teknoloji merkezlerinde toplam <strong>5 milyon TL<\/strong>\u2019yi a\u015fk\u0131n yat\u0131r\u0131mla g\u00fcne\u015f enerjisi sistemleri kuran Vodafone, <strong>yenilenebilir enerji yat\u0131r\u0131mlar\u0131<\/strong>na \u00f6n\u00fcm\u00fczdeki 2 y\u0131lda <strong>\u0130zmir, Tuzla<\/strong> ve <strong>Diyarbak\u0131r<\/strong>\u2019daki teknoloji merkezleriyle devam edecek. \u015eirket, toplamda 5 ana teknoloji merkezinde (\u0130stanbul, \u0130zmir, Adana, Tuzla ve Diyarbak\u0131r) hayata ge\u00e7irece\u011fi yenilenebilir enerji yat\u0131r\u0131mlar\u0131yla 2 MW2l\u0131k kurulu g\u00fcce ula\u015fmay\u0131, y\u0131ll\u0131k yakla\u015f\u0131k <strong>3 Gigawatt saat<\/strong> ye\u015fil enerji \u00fcretmeyi ve y\u0131ll\u0131k 1.451 ton <strong>karbon sal\u0131m\u0131n\u0131n<\/strong> \u00f6n\u00fcne ge\u00e7meyi hedefliyor. Vodafone, T\u00fcrkiye genelinde <strong>12<\/strong>\u00a0veri merkezi, <strong>15<\/strong>\u00a0ofis binas\u0131 ve <strong>25<\/strong> binden fazla baz istasyonunda t\u00fcketilen y\u0131ll\u0131k toplam <strong>515 Gigawatt saat<\/strong> elektri\u011fin <strong>%100\u2019\u00fcn\u00fc yenilenebilir enerji kaynaklar\u0131ndan<\/strong> sat\u0131n al\u0131yor.<\/p>","protected":false},"excerpt":{"rendered":"<p>Sorry, this entry is only available in Turkish. For the sake of viewer convenience, the content is shown below in the alternative language. You may click the link to switch the active language. \u015eebeke ve ofislerinde kulland\u0131\u011f\u0131 elektri\u011fin tamam\u0131n\u0131 yenilenebilir enerji kaynaklar\u0131ndan temin eden Vodafone T\u00fcrkiye, \u00e7evresel s\u00fcrd\u00fcr\u00fclebilirli\u011fe katk\u0131da bulunmak \u00fczere yeni bir kampanya ba\u015flatt\u0131. [&hellip;]<\/p>\n","protected":false},"author":1,"featured_media":142389,"comment_status":"open","ping_status":"open","sticky":false,"template":"","format":"standard","meta":[],"categories":[51,53,52,49,50],"tags":[37297,3988,96593,2206,52136,73259,5320,57224,1245,2907],"views":374,"_links":{"self":[{"href":"https:\/\/www.enerjigazetesi.ist\/en\/wp-json\/wp\/v2\/posts\/142386"}],"collection":[{"href":"https:\/\/www.enerjigazetesi.ist\/en\/wp-json\/wp\/v2\/posts"}],"about":[{"href":"https:\/\/www.enerjigazetesi.ist\/en\/wp-json\/wp\/v2\/types\/post"}],"author":[{"embeddable":true,"href":"https:\/\/www.enerjigazetesi.ist\/en\/wp-json\/wp\/v2\/users\/1"}],"replies":[{"embeddable":true,"href":"https:\/\/www.enerjigazetesi.ist\/en\/wp-json\/wp\/v2\/comments?post=142386"}],"version-history":[{"count":0,"href":"https:\/\/www.enerjigazetesi.ist\/en\/wp-json\/wp\/v2\/posts\/142386\/revisions"}],"wp:featuredmedia":[{"embeddable":true,"href":"https:\/\/www.enerjigazetesi.ist\/en\/wp-json\/wp\/v2\/media\/142389"}],"wp:attachment":[{"href":"https:\/\/www.enerjigazetesi.ist\/en\/wp-json\/wp\/v2\/media?parent=142386"}],"wp:term":[{"taxonomy":"category","embeddable":true,"href":"https:\/\/www.enerjigazetesi.ist\/en\/wp-json\/wp\/v2\/categories?post=142386"},{"taxonomy":"post_tag","embeddable":true,"href":"https:\/\/www.enerjigazetesi.ist\/en\/wp-json\/wp\/v2\/tags?post=142386"}],"curies":[{"name":"wp","href":"https:\/\/api.w.org\/{rel}","templated":true}]}}