{"id":14233,"date":"2013-08-20T09:08:39","date_gmt":"2013-08-20T06:08:39","guid":{"rendered":"https:\/\/www.enerjigazetesi.ist\/?p=14233"},"modified":"2013-08-20T09:08:39","modified_gmt":"2013-08-20T06:08:39","slug":"turkiye-siniri-yakinlarinda-bulunan-rimelandaki-petrol-yataklari","status":"publish","type":"post","link":"https:\/\/www.enerjigazetesi.ist\/en\/turkiye-siniri-yakinlarinda-bulunan-rimelandaki-petrol-yataklari\/","title":{"rendered":"(Turkish) T\u00fcrkiye S\u0131n\u0131r\u0131 Yak\u0131nlar\u0131nda Bulunan Rimelan\u2019daki Petrol Yataklar\u0131&#8230;"},"content":{"rendered":"<p class=\"qtranxs-available-languages-message qtranxs-available-languages-message-en\">Sorry, this entry is only available in <a href=\"https:\/\/www.enerjigazetesi.ist\/tr\/wp-json\/wp\/v2\/posts\/14233\" class=\"qtranxs-available-language-link qtranxs-available-language-link-tr\" title=\"Turkish\">Turkish<\/a>. For the sake of viewer convenience, the content is shown below in the alternative language. You may click the link to switch the active language.<\/p><p><strong>Rimelan\u2019daki petrol yataklar\u0131n\u0131 g\u00f6r\u00fcnt\u00fcleyen DHA muhabirine konu\u015fan YPG\u2019liler, K\u00fcrt b\u00f6lgesinin ekonomik olarak aya\u011fa kalkmas\u0131 i\u00e7in petrol yataklar\u0131n\u0131n kendileri i\u00e7in \u00e7ok \u00f6nemli oldu\u011funu, petrol sat\u0131\u015f\u0131 yap\u0131lamad\u0131\u011f\u0131 i\u00e7in t\u00fcm depolar\u0131n doldu\u011funu bu nedenle \u00fcretimin durdu\u011funu s\u00f6ylediler.<\/strong><\/p>\n<p>\u015e\u0131rnak\u2019\u0131n Cizre ile Mardin\u2019in Nusaybin il\u00e7eleri aras\u0131ndaki b\u00f6lgenin kar\u015f\u0131s\u0131ndaki, Suriye\u2019de b\u00fct\u00fcn kesimlerin hedefindeki, Irak\u2019\u0131n Kerk\u00fck b\u00f6lgesi kadar \u00f6nemli olan Rimelan, Til Ko\u00e7er ve Cibis b\u00f6lgelerindeki petrol yataklar\u0131 i\u00e7in b\u00fcy\u00fck bir sava\u015f veriliyor. Suriye petrolunun y\u00fczde 60\u2019\u0131n\u0131 bar\u0131nd\u0131ran bu b\u00f6lgeleri, K\u00fcrt silahl\u0131 gruplar\u0131n\u0131n bu y\u0131l\u0131n May\u0131s ay\u0131nda ele ge\u00e7irmesi \u00fczerine El Kaide ba\u011flant\u0131l\u0131 oldu\u011fu iddia edilen El Nusra cephesini harekete ge\u00e7irdi.<\/p>\n<h2>YPG, El Nusra\u2019ya kapt\u0131rmamak i\u00e7in \u00e7at\u0131\u015f\u0131yor<\/h2>\n<p>\u00d6nce T\u00fcrkiye\u2019nin Ceylanp\u0131nar \u0130l\u00e7esi\u2019nin kar\u015f\u0131s\u0131nda bulunan Rasulayn kasabas\u0131ndaki YPG\u2019lilere sald\u0131ran El Nusra \u00f6rg\u00fct\u00fc, sald\u0131r\u0131lar\u0131n\u0131 geni\u015fleterek K\u00fcrtlerin denetiminde bulunan T\u00fcrkiye s\u0131n\u0131r hatt\u0131ndaki b\u00fct\u00fcn il\u00e7e ve kasabalara y<a href=\"https:\/\/www.enerjigazetesi.ist\/wp-content\/uploads\/2013\/08\/turkiye-siniri-yakinlarinda-bulunan-rimelandaki-petrol-yataklari-goruntulendi.jpg\"><img loading=\"lazy\" class=\"alignright size-medium wp-image-14234\" title=\"turkiye-siniri-yakinlarinda-bulunan-rimelandaki-petrol-yataklari-goruntulendi\" src=\"https:\/\/www.enerjigazetesi.ist\/wp-content\/uploads\/2013\/08\/turkiye-siniri-yakinlarinda-bulunan-rimelandaki-petrol-yataklari-goruntulendi-300x201.jpg\" alt=\"\" width=\"300\" height=\"201\" srcset=\"https:\/\/www.enerjigazetesi.ist\/wp-content\/uploads\/2013\/08\/turkiye-siniri-yakinlarinda-bulunan-rimelandaki-petrol-yataklari-goruntulendi-300x201.jpg 300w, https:\/\/www.enerjigazetesi.ist\/wp-content\/uploads\/2013\/08\/turkiye-siniri-yakinlarinda-bulunan-rimelandaki-petrol-yataklari-goruntulendi-74x50.jpg 74w, https:\/\/www.enerjigazetesi.ist\/wp-content\/uploads\/2013\/08\/turkiye-siniri-yakinlarinda-bulunan-rimelandaki-petrol-yataklari-goruntulendi.jpg 480w\" sizes=\"(max-width: 300px) 100vw, 300px\" \/><\/a>ayd\u0131. K\u00fcrtlerin denetimine ge\u00e7en su, petrol ve do\u011falgaz konusunda Suriye\u2019nin en verimli b\u00f6lgeleri olarak g\u00f6r\u00fclen T\u00fcrkiye s\u0131n\u0131r\u0131 yak\u0131nlar\u0131ndaki Rimelan petrol yataklar\u0131 etraf\u0131nda adeta koruma \u00e7emberi olu\u015fturan YPG (Halk Savunma Birlikleri) g\u00fc\u00e7leri ise, El Nusra \u00f6rg\u00fct\u00fcn\u00fc b\u00f6lgeye yakla\u015ft\u0131rmamak i\u00e7in yo\u011fun \u015fekilde \u00e7at\u0131\u015f\u0131yor. El Nusra\u2019n\u0131n YPG\u2019den petrol yataklar\u0131n\u0131 bir ay i\u00e7inde terk etmesini istedi\u011fi, YPG\u2019nin ise buna kar\u015f\u0131 \u00e7\u0131kt\u0131\u011f\u0131 i\u00e7in \u00e7at\u0131\u015fmalar\u0131n yo\u011funla\u015farak s\u00fcrd\u00fc\u011f\u00fc belirtiliyor.<\/p>\n<p>K\u00fcrtlerin yan\u0131s\u0131ra, Arap, S\u00fcryani, Ermeni ve Kildanilerinde ya\u015fad\u0131\u011f\u0131 Rimelan b\u00f6lgesini DHA muhabiri gezerek K\u00fcrtlerin denetimindeki petrol yataklar\u0131n\u0131 g\u00f6r\u00fcnt\u00fcledi. Suriye\u2019nin Kuzey b\u00f6lgesindeki Rimelan Petrol yataklar\u0131n\u0131 korumak amac\u0131yla YPG\u2019nin \u00e7a\u011fr\u0131s\u0131 \u00fczerine y\u00fczlerce ki\u015fi k\u0131sa bir silahl\u0131 e\u011fitim ald\u0131ktan sonra silahlanarak petrol yataklar\u0131n\u0131n etraf\u0131ndaki mevzilere yerle\u015fti.<\/p>\n<p>2 bin kuyunun bulundu\u011fu Rimelan\u2019da daha \u00f6nce g\u00fcnde 400 bin varil ham petrol \u00fcretiliyordu. Rimelan\u2019da \u00e7\u0131kar\u0131lan petrol, boru hatlar\u0131yla Humus ve Banyas kentlerindeki rafinerilere aktar\u0131l\u0131yordu. Rimelan, Til Ko\u00e7er ve Cibis b\u00f6lgelerinden \u00e7\u0131kar\u0131lan petrol\u00fcn art\u0131k Humus ve Banyastaki Rafinelere aktar\u0131lmamas\u0131 nedeniyle b\u00f6lgedeki 400 bin varil alan 7 tank\u0131n dolu olmas\u0131 \u00fczerine petrol \u00fcretimi durdu.<\/p>\n<p>Rimelan ve \u00e7evresinde El Nusra \u00f6rg\u00fct\u00fc ile \u00e7at\u0131\u015fan YPG\u2019liler DHA muhabirine yapt\u0131klar\u0131 a\u00e7\u0131klamada, K\u00fcrtlerin en \u00f6nemli kazan\u0131m\u0131 olan petrol yataklar\u0131n\u0131 asla terk etmeyeceklerini, sonuna kadar savunacaklar\u0131n\u0131 s\u00f6yledi. Irak\u2019taki Kerk\u00fck kadar \u00f6nemli olan Suriye\u2019deki Rimelan petrol yataklar\u0131n\u0131 elinde bulunduran ise b\u00f6lgede s\u00f6z sahibi olacak.<\/p>\n<p>Kaynak: <a href=\"http:\/\/enerjienstitusu.com\/2013\/08\/19\/turkiye-siniri-yakinlarinda-bulunan-rimelandaki-petrol-yataklari-goruntulendi\/\" target=\"_blank\">Enerji Enstit\u00fcs\u00fc<\/a><\/p>","protected":false},"excerpt":{"rendered":"<p>Sorry, this entry is only available in Turkish. For the sake of viewer convenience, the content is shown below in the alternative language. You may click the link to switch the active language.Rimelan\u2019daki petrol yataklar\u0131n\u0131 g\u00f6r\u00fcnt\u00fcleyen DHA muhabirine konu\u015fan YPG\u2019liler, K\u00fcrt b\u00f6lgesinin ekonomik olarak aya\u011fa kalkmas\u0131 i\u00e7in petrol yataklar\u0131n\u0131n kendileri i\u00e7in \u00e7ok \u00f6nemli oldu\u011funu, petrol [&hellip;]<\/p>\n","protected":false},"author":1,"featured_media":14234,"comment_status":"open","ping_status":"open","sticky":false,"template":"","format":"standard","meta":[],"categories":[53,44],"tags":[63,67,1009,165,3380,945,7732,59,4004,7731,7733,7734],"views":1308,"_links":{"self":[{"href":"https:\/\/www.enerjigazetesi.ist\/en\/wp-json\/wp\/v2\/posts\/14233"}],"collection":[{"href":"https:\/\/www.enerjigazetesi.ist\/en\/wp-json\/wp\/v2\/posts"}],"about":[{"href":"https:\/\/www.enerjigazetesi.ist\/en\/wp-json\/wp\/v2\/types\/post"}],"author":[{"embeddable":true,"href":"https:\/\/www.enerjigazetesi.ist\/en\/wp-json\/wp\/v2\/users\/1"}],"replies":[{"embeddable":true,"href":"https:\/\/www.enerjigazetesi.ist\/en\/wp-json\/wp\/v2\/comments?post=14233"}],"version-history":[{"count":2,"href":"https:\/\/www.enerjigazetesi.ist\/en\/wp-json\/wp\/v2\/posts\/14233\/revisions"}],"predecessor-version":[{"id":14236,"href":"https:\/\/www.enerjigazetesi.ist\/en\/wp-json\/wp\/v2\/posts\/14233\/revisions\/14236"}],"wp:featuredmedia":[{"embeddable":true,"href":"https:\/\/www.enerjigazetesi.ist\/en\/wp-json\/wp\/v2\/media\/14234"}],"wp:attachment":[{"href":"https:\/\/www.enerjigazetesi.ist\/en\/wp-json\/wp\/v2\/media?parent=14233"}],"wp:term":[{"taxonomy":"category","embeddable":true,"href":"https:\/\/www.enerjigazetesi.ist\/en\/wp-json\/wp\/v2\/categories?post=14233"},{"taxonomy":"post_tag","embeddable":true,"href":"https:\/\/www.enerjigazetesi.ist\/en\/wp-json\/wp\/v2\/tags?post=14233"}],"curies":[{"name":"wp","href":"https:\/\/api.w.org\/{rel}","templated":true}]}}