{"id":142323,"date":"2021-09-18T17:47:25","date_gmt":"2021-09-18T14:47:25","guid":{"rendered":"https:\/\/www.enerjigazetesi.ist\/?p=142323"},"modified":"2021-09-18T17:47:49","modified_gmt":"2021-09-18T14:47:49","slug":"oedas-calisanlari-orman-temizligi-gerceklestirdi","status":"publish","type":"post","link":"https:\/\/www.enerjigazetesi.ist\/en\/oedas-calisanlari-orman-temizligi-gerceklestirdi\/","title":{"rendered":"(Turkish) &#8217;OEDA\u015e&#8217; \u00c7al\u0131\u015fanlar\u0131 Orman Temizli\u011fi Ger\u00e7ekle\u015ftirdi"},"content":{"rendered":"<p class=\"qtranxs-available-languages-message qtranxs-available-languages-message-en\">Sorry, this entry is only available in <a href=\"https:\/\/www.enerjigazetesi.ist\/tr\/wp-json\/wp\/v2\/posts\/142323\" class=\"qtranxs-available-language-link qtranxs-available-language-link-tr\" title=\"Turkish\">Turkish<\/a>. For the sake of viewer convenience, the content is shown below in the alternative language. You may click the link to switch the active language.<\/p><p><\/p>\n<h2><strong>Elektrik arz\u0131n\u0131n kesintisiz \u015fekilde sa\u011flanmas\u0131n\u0131n yan\u0131 s\u0131ra temiz bir \u00e7evre i\u00e7in de \u00a0projeler \u00a0ger\u00e7ekle\u015ftiren OEDA\u015e\u2019\u0131n 20 g\u00f6n\u00fcll\u00fc \u00e7al\u0131\u015fan\u0131 Bilecik\u2019te yer alan Kent orman\u0131nda temizlik \u00e7al\u0131\u015fmalar\u0131na kat\u0131ld\u0131. \u00c7al\u0131\u015fma sonucu 500 kilograma yak\u0131n 50 po\u015fet dolusu \u00e7\u00f6p temizlendi.<\/strong><\/h2>\n<p><strong>Afyonkarahisar, Bilecik, Eski\u015fehir, K\u00fctahya<\/strong> ve <strong>U\u015fak<\/strong> illerinde elektrik da\u011f\u0131t\u0131m hizmeti veren <strong>Osmangazi Elektrik Da\u011f\u0131t\u0131m Anonim \u015eirketi (OEDA\u015e)<\/strong> temiz bir \u00e7evre i\u00e7in projeler ger\u00e7ekle\u015ftirmeye devam ediyor. Bu kapsamda 20 g\u00f6n\u00fcll\u00fc OEDA\u015e \u00e7al\u0131\u015fan\u0131 ve \u00c7evre ve \u015eehircilik \u0130l <img loading=\"lazy\" class=\"alignright wp-image-142325\" src=\"https:\/\/www.enerjigazetesi.ist\/wp-content\/uploads\/2021\/09\/oedas-calisanlari-orman-temizligi-gerceklestirdi-2.jpg\" alt=\"\" width=\"320\" height=\"221\" srcset=\"https:\/\/www.enerjigazetesi.ist\/wp-content\/uploads\/2021\/09\/oedas-calisanlari-orman-temizligi-gerceklestirdi-2.jpg 550w, https:\/\/www.enerjigazetesi.ist\/wp-content\/uploads\/2021\/09\/oedas-calisanlari-orman-temizligi-gerceklestirdi-2-300x207.jpg 300w, https:\/\/www.enerjigazetesi.ist\/wp-content\/uploads\/2021\/09\/oedas-calisanlari-orman-temizligi-gerceklestirdi-2-500x345.jpg 500w, https:\/\/www.enerjigazetesi.ist\/wp-content\/uploads\/2021\/09\/oedas-calisanlari-orman-temizligi-gerceklestirdi-2-73x50.jpg 73w\" sizes=\"(max-width: 320px) 100vw, 320px\" \/>M\u00fcd\u00fcr\u00fc Mustafa Budak\u2019\u0131n kat\u0131l\u0131m\u0131 ile Bilecik\u2019te yer alan Kent orman\u0131nda<strong> \u00e7\u00f6p toplama etkinli\u011fi<\/strong> ger\u00e7ekle\u015ftirirken, g\u00fcn\u00fcn sonunda <strong>500 kilograma<\/strong> yak\u0131n <strong>50 po\u015fet<\/strong> dolusu \u00e7\u00f6p toplanm\u0131\u015f oldu.<\/p>\n<p><strong>OEDA\u015e Bilecik \u0130l M\u00fcd\u00fcr\u00fc Hac\u0131 Kadir Aykut<\/strong>,<em> \u201cElektrik da\u011f\u0131t\u0131m hizmetini kar\u015f\u0131laman\u0131n yan\u0131 s\u0131ra, gelecek nesillere temiz bir \u00e7evre b\u0131rakmak amac\u0131yla \u00e7al\u0131\u015fmalar ger\u00e7ekle\u015ftiriyoruz. At\u0131lm\u0131\u015f bir k\u00fc\u00e7\u00fck cam \u015fi\u015fe dahi ormanlar\u0131m\u0131zda \u00e7ok \u00fcz\u00fcc\u00fc kazalar\u0131n ya\u015fanmas\u0131na neden olabiliyor. Bu ger\u00e7eklikten yola \u00e7\u0131karak Bilecik ilimizde ger\u00e7ekle\u015ftirdi\u011fimiz orman temizleme etkinli\u011fimiz ile daha temiz bir \u00e7evreyi ama\u00e7lad\u0131k. Bu g\u00fczel proje i\u00e7in \u00f6ncelikle Bilecik \u00c7evre ve \u015eehircilik \u0130l M\u00fcd\u00fcr\u00fcm\u00fcz Mustafa Budak\u2019a ve ekibine katk\u0131lar\u0131ndan dolay\u0131, di\u011fer kat\u0131l\u0131mc\u0131lara ve \u00e7al\u0131\u015fma arkada\u015flar\u0131ma te\u015fekk\u00fcrlerimi sunmak ve \u00f6n\u00fcm\u00fczdeki g\u00fcnlerde bu projenin geli\u015ferek b\u00fcy\u00fcmesi i\u00e7in \u00e7al\u0131\u015fmalar\u0131m\u0131z\u0131 s\u00fcrd\u00fcrece\u011fimizin m\u00fcjdesini vermek isterim\u201d<\/em> ifadelerini kulland\u0131.<\/p>","protected":false},"excerpt":{"rendered":"<p>Sorry, this entry is only available in Turkish. For the sake of viewer convenience, the content is shown below in the alternative language. You may click the link to switch the active language. Elektrik arz\u0131n\u0131n kesintisiz \u015fekilde sa\u011flanmas\u0131n\u0131n yan\u0131 s\u0131ra temiz bir \u00e7evre i\u00e7in de \u00a0projeler \u00a0ger\u00e7ekle\u015ftiren OEDA\u015e\u2019\u0131n 20 g\u00f6n\u00fcll\u00fc \u00e7al\u0131\u015fan\u0131 Bilecik\u2019te yer alan Kent [&hellip;]<\/p>\n","protected":false},"author":1,"featured_media":142326,"comment_status":"open","ping_status":"open","sticky":false,"template":"","format":"standard","meta":[],"categories":[51,53],"tags":[15016,96572,96571,9749,64659],"views":118,"_links":{"self":[{"href":"https:\/\/www.enerjigazetesi.ist\/en\/wp-json\/wp\/v2\/posts\/142323"}],"collection":[{"href":"https:\/\/www.enerjigazetesi.ist\/en\/wp-json\/wp\/v2\/posts"}],"about":[{"href":"https:\/\/www.enerjigazetesi.ist\/en\/wp-json\/wp\/v2\/types\/post"}],"author":[{"embeddable":true,"href":"https:\/\/www.enerjigazetesi.ist\/en\/wp-json\/wp\/v2\/users\/1"}],"replies":[{"embeddable":true,"href":"https:\/\/www.enerjigazetesi.ist\/en\/wp-json\/wp\/v2\/comments?post=142323"}],"version-history":[{"count":0,"href":"https:\/\/www.enerjigazetesi.ist\/en\/wp-json\/wp\/v2\/posts\/142323\/revisions"}],"wp:featuredmedia":[{"embeddable":true,"href":"https:\/\/www.enerjigazetesi.ist\/en\/wp-json\/wp\/v2\/media\/142326"}],"wp:attachment":[{"href":"https:\/\/www.enerjigazetesi.ist\/en\/wp-json\/wp\/v2\/media?parent=142323"}],"wp:term":[{"taxonomy":"category","embeddable":true,"href":"https:\/\/www.enerjigazetesi.ist\/en\/wp-json\/wp\/v2\/categories?post=142323"},{"taxonomy":"post_tag","embeddable":true,"href":"https:\/\/www.enerjigazetesi.ist\/en\/wp-json\/wp\/v2\/tags?post=142323"}],"curies":[{"name":"wp","href":"https:\/\/api.w.org\/{rel}","templated":true}]}}