{"id":142245,"date":"2021-09-17T03:09:42","date_gmt":"2021-09-17T00:09:42","guid":{"rendered":"https:\/\/www.enerjigazetesi.ist\/?p=142245"},"modified":"2021-09-17T03:10:03","modified_gmt":"2021-09-17T00:10:03","slug":"koc-elektrik-3-mw-kurulu-guce-sahip-hes-kuracak","status":"publish","type":"post","link":"https:\/\/www.enerjigazetesi.ist\/en\/koc-elektrik-3-mw-kurulu-guce-sahip-hes-kuracak\/","title":{"rendered":"(Turkish) &#8217;Ko\u00e7 Elektrik&#8217; 3 MW Kurulu G\u00fcce Sahip HES Kuracak"},"content":{"rendered":"<p class=\"qtranxs-available-languages-message qtranxs-available-languages-message-en\">Sorry, this entry is only available in <a href=\"https:\/\/www.enerjigazetesi.ist\/tr\/wp-json\/wp\/v2\/posts\/142245\" class=\"qtranxs-available-language-link qtranxs-available-language-link-tr\" title=\"Turkish\">Turkish<\/a>. For the sake of viewer convenience, the content is shown below in the alternative language. You may click the link to switch the active language.<\/p><p><\/p>\n<h2>Ko\u00e7 Elektrik, Ad\u0131yaman&#8217;\u0131n G\u00f6lba\u015f\u0131 \u0130l\u00e7esi ve Malatya&#8217;n\u0131n Do\u011fan\u015fehir il\u00e7e s\u0131n\u0131rlar\u0131nda yer alan Kap\u0131 Deresi \u00fczerindeki 3,06 MW kapasiteli Ko\u00e7 Reg\u00fclat\u00f6r\u00fc ve <img loading=\"lazy\" class=\"alignright wp-image-142247\" src=\"https:\/\/www.enerjigazetesi.ist\/wp-content\/uploads\/2021\/09\/koc-elektrik-3-mw-kurulu-guce-sahip-hes-kuracak.jpg\" alt=\"\" width=\"320\" height=\"180\" srcset=\"https:\/\/www.enerjigazetesi.ist\/wp-content\/uploads\/2021\/09\/koc-elektrik-3-mw-kurulu-guce-sahip-hes-kuracak.jpg 773w, https:\/\/www.enerjigazetesi.ist\/wp-content\/uploads\/2021\/09\/koc-elektrik-3-mw-kurulu-guce-sahip-hes-kuracak-300x169.jpg 300w, https:\/\/www.enerjigazetesi.ist\/wp-content\/uploads\/2021\/09\/koc-elektrik-3-mw-kurulu-guce-sahip-hes-kuracak-768x432.jpg 768w, https:\/\/www.enerjigazetesi.ist\/wp-content\/uploads\/2021\/09\/koc-elektrik-3-mw-kurulu-guce-sahip-hes-kuracak-500x281.jpg 500w, https:\/\/www.enerjigazetesi.ist\/wp-content\/uploads\/2021\/09\/koc-elektrik-3-mw-kurulu-guce-sahip-hes-kuracak-80x45.jpg 80w\" sizes=\"(max-width: 320px) 100vw, 320px\" \/>Hidroelektrik Santrali (HES) kurarak i\u015fletecek.<\/h2>\n<p>\u0130\u015fletilebilir ekonomik \u00f6mr\u00fc <strong>50 y\u0131l<\/strong> olan<strong> Ko\u00e7 Reg\u00fclat\u00f6r\u00fc ve HES Projesi<\/strong>&#8216;nin yat\u0131r\u0131m bedeli <strong>44,5 milyon lira<\/strong> olup <strong>nehir tipi santral<\/strong> olmas\u0131 ve <strong>enerji \u00fcretiminde<\/strong> kullan\u0131lacak sular\u0131n reg\u00fclat\u00f6rle \u00e7evrilmesinden \u00f6t\u00fcr\u00fc depolamaya ihtiya\u00e7 duyulmayacak olup tesiste y\u0131lda ortalama <strong>12,978 GWh\/y\u0131l<\/strong> enerji \u00fcretimi ger\u00e7ekle\u015fecek.<\/p>\n<p><strong>Enterkonnekte sisteme ba\u011flan\u0131larak<\/strong> iletilecek olan enerji i\u00e7in <strong>12 km 34,5 kV<\/strong> bir <strong>Enerji Nakil Hatt\u0131<\/strong> yap\u0131lacak.<\/p>","protected":false},"excerpt":{"rendered":"<p>Sorry, this entry is only available in Turkish. For the sake of viewer convenience, the content is shown below in the alternative language. You may click the link to switch the active language. Ko\u00e7 Elektrik, Ad\u0131yaman&#8217;\u0131n G\u00f6lba\u015f\u0131 \u0130l\u00e7esi ve Malatya&#8217;n\u0131n Do\u011fan\u015fehir il\u00e7e s\u0131n\u0131rlar\u0131nda yer alan Kap\u0131 Deresi \u00fczerindeki 3,06 MW kapasiteli Ko\u00e7 Reg\u00fclat\u00f6r\u00fc ve Hidroelektrik [&hellip;]<\/p>\n","protected":false},"author":1,"featured_media":142247,"comment_status":"open","ping_status":"open","sticky":false,"template":"","format":"standard","meta":[],"categories":[51,53,47],"tags":[3115,96518,5070,96519,96517,96520,8525,3489,842],"views":686,"_links":{"self":[{"href":"https:\/\/www.enerjigazetesi.ist\/en\/wp-json\/wp\/v2\/posts\/142245"}],"collection":[{"href":"https:\/\/www.enerjigazetesi.ist\/en\/wp-json\/wp\/v2\/posts"}],"about":[{"href":"https:\/\/www.enerjigazetesi.ist\/en\/wp-json\/wp\/v2\/types\/post"}],"author":[{"embeddable":true,"href":"https:\/\/www.enerjigazetesi.ist\/en\/wp-json\/wp\/v2\/users\/1"}],"replies":[{"embeddable":true,"href":"https:\/\/www.enerjigazetesi.ist\/en\/wp-json\/wp\/v2\/comments?post=142245"}],"version-history":[{"count":0,"href":"https:\/\/www.enerjigazetesi.ist\/en\/wp-json\/wp\/v2\/posts\/142245\/revisions"}],"wp:featuredmedia":[{"embeddable":true,"href":"https:\/\/www.enerjigazetesi.ist\/en\/wp-json\/wp\/v2\/media\/142247"}],"wp:attachment":[{"href":"https:\/\/www.enerjigazetesi.ist\/en\/wp-json\/wp\/v2\/media?parent=142245"}],"wp:term":[{"taxonomy":"category","embeddable":true,"href":"https:\/\/www.enerjigazetesi.ist\/en\/wp-json\/wp\/v2\/categories?post=142245"},{"taxonomy":"post_tag","embeddable":true,"href":"https:\/\/www.enerjigazetesi.ist\/en\/wp-json\/wp\/v2\/tags?post=142245"}],"curies":[{"name":"wp","href":"https:\/\/api.w.org\/{rel}","templated":true}]}}