{"id":142166,"date":"2021-09-15T09:27:41","date_gmt":"2021-09-15T06:27:41","guid":{"rendered":"https:\/\/www.enerjigazetesi.ist\/?p=142166"},"modified":"2021-09-15T09:28:50","modified_gmt":"2021-09-15T06:28:50","slug":"karbon-zirvesi-nde-uzmanlar-bir-araya-geliyor","status":"publish","type":"post","link":"https:\/\/www.enerjigazetesi.ist\/en\/karbon-zirvesi-nde-uzmanlar-bir-araya-geliyor\/","title":{"rendered":"(Turkish) Karbon Zirvesi\u2019nde Uzmanlar Bir Araya Geliyor!"},"content":{"rendered":"<p class=\"qtranxs-available-languages-message qtranxs-available-languages-message-en\">Sorry, this entry is only available in <a href=\"https:\/\/www.enerjigazetesi.ist\/tr\/wp-json\/wp\/v2\/posts\/142166\" class=\"qtranxs-available-language-link qtranxs-available-language-link-tr\" title=\"Turkish\">Turkish<\/a>. For the sake of viewer convenience, the content is shown below in the alternative language. You may click the link to switch the active language.<\/p><p><\/p>\n<h2><strong>\u0130klim de\u011fi\u015fikli\u011fi, karbon ayak izi, at\u0131k y\u00f6netimi ve enerji y\u00f6netimi alan\u0131nda birbirinden \u00f6nemli uzmanlar\u0131 bir araya getiren VII. \u0130stanbul Karbon E-Zirvesi\u2019nde fikirler masaya yat\u0131r\u0131l\u0131yor.<\/strong><\/h2>\n<p>\u00c7evre ve \u015eehircilik Bakanl\u0131\u011f\u0131, \u0130T\u00dc ve S\u00fcrd\u00fcr\u00fclebilir \u00dcretim ve T\u00fcketim Derne\u011fi taraf\u0131ndan d\u00fczenlenecek <strong>\u201c\u0130klim Diren\u00e7li T\u00fcrkiye i\u00e7in Ye\u015fil Toparlanma: At\u0131k ve Enerji Y\u00f6netiminin Rol\u00fc\u201d<\/strong> temal\u0131 VII. <img loading=\"lazy\" class=\"alignright wp-image-142168\" src=\"https:\/\/www.enerjigazetesi.ist\/wp-content\/uploads\/2021\/09\/karbon-zirvesi-nde-uzmanlar-bir-araya-geliyor.jpg\" alt=\"\" width=\"320\" height=\"229\" srcset=\"https:\/\/www.enerjigazetesi.ist\/wp-content\/uploads\/2021\/09\/karbon-zirvesi-nde-uzmanlar-bir-araya-geliyor.jpg 550w, https:\/\/www.enerjigazetesi.ist\/wp-content\/uploads\/2021\/09\/karbon-zirvesi-nde-uzmanlar-bir-araya-geliyor-300x214.jpg 300w, https:\/\/www.enerjigazetesi.ist\/wp-content\/uploads\/2021\/09\/karbon-zirvesi-nde-uzmanlar-bir-araya-geliyor-500x357.jpg 500w, https:\/\/www.enerjigazetesi.ist\/wp-content\/uploads\/2021\/09\/karbon-zirvesi-nde-uzmanlar-bir-araya-geliyor-70x50.jpg 70w\" sizes=\"(max-width: 320px) 100vw, 320px\" \/>\u0130stanbul Karbon E-Zirvesi 28 Eyl\u00fcl\u2019de ger\u00e7ekle\u015ftiriliyor. VII. \u0130stanbul Karbon E-Zirvesi\u2019nde; \u0130klim de\u011fi\u015fikli\u011fi, Karbon Ayak \u0130zi, At\u0131k ve Enerji y\u00f6netimi alanlar\u0131nda birbirinden de\u011ferli uzmanlar fikirlerini payla\u015f\u0131yor. A\u00e7\u0131l\u0131\u015f konu\u015fmalar\u0131 \u0130stanbul Teknik \u00dcniversitesi \u00d6\u011fretim \u00dcyesi \/ S\u00fcrd\u00fcr\u00fclebilir \u00dcretim ve T\u00fcketim Derne\u011fi Ba\u015fkan\u0131<strong> Prof. Dr. Filiz Karaosmano\u011flu<\/strong> ile \u0130stanbul Teknik \u00dcniversitesi Rekt\u00f6r\u00fc <strong>Prof. Dr. \u0130smail Koyuncu<\/strong> taraf\u0131ndan ger\u00e7ekle\u015ftirilecek <strong>\u201c\u0130klim Diren\u00e7li T\u00fcrkiye i\u00e7in Ye\u015fil Toparlanma: At\u0131k ve Enerji Y\u00f6netiminin Rol\u00fc\u201d<\/strong> temal\u0131 VII. \u0130stanbul Karbon E-Zirve\u2019nin konu\u015fmac\u0131lar\u0131 aras\u0131nda birbirinden \u00f6nemli isimler yer al\u0131yor. \u00c7evre ve \u015eehircilik Bakan Yard\u0131mc\u0131s\u0131 ve T\u00fcrkiye \u0130klim De\u011fi\u015fikli\u011fi Ba\u015fm\u00fczakerecisi\u00a0 \u00a0Prof. Dr. Mehmet Emin Birp\u0131nar\u2019\u0131n da kat\u0131l\u0131m\u0131n\u0131n beklendi\u011fi E-Zirve\u2019de konu\u015fmac\u0131 isimler ve konu ba\u015fl\u0131klar\u0131n\u0131n ayr\u0131nt\u0131lar\u0131 da zengin i\u00e7erik hakk\u0131nda ipu\u00e7lar\u0131 veriyor:<\/p>\n<h3><strong>Zirve\u2019deki Konu ba\u015fl\u0131klar\u0131 ise \u015f\u00f6yle:\u00a0<\/strong><\/h3>\n<p>&#8211; Ye\u015fil Finansman<\/p>\n<p>&#8211; Karbon Ticareti<\/p>\n<p>&#8211; Ye\u015fil Mutabakat Eylem Plan\u0131 2021<\/p>\n<p>&#8211; \u0130klim Krizi ile M\u00fccadele<\/p>\n<p>&#8211; Enerji ve \u0130klim; At\u0131k ve \u0130klim<\/p>\n<p>&#8211; \u0130klim Diren\u00e7li End\u00fcstri<\/p>\n<p>&#8211; \u00dcr\u00fcnlerde Karbon Ayak \u0130zi Azalt\u0131m\u0131 Sekt\u00f6rel Ba\u015far\u0131 \u00d6rnekleri gibi bir\u00e7ok konu ba\u015fl\u0131\u011f\u0131 alt\u0131nda, yetkin konu\u015fmac\u0131lar\u0131n yer alaca\u011f\u0131 i\u015f d\u00fcnyas\u0131 temsiliyetinin y\u00fcksek oldu\u011fu E-Zirve\u2019de, E-Sergi de yap\u0131lacak.<\/p>\n<h3><strong>YEN\u0130 YE\u015e\u0130L YOL: FIRSATLAR VE ZORLUKLAR OTURUMU:\u00a0<\/strong><\/h3>\n<p>Ba\u015fkan: Dr. Kubilay KAVAK ESCARUS (TSKB S\u00fcrd\u00fcr\u00fclebilirlik Dan\u0131\u015fmanl\u0131\u011f\u0131), Genel M\u00fcd\u00fcr<\/p>\n<p>Erhan \u00c7ALI\u015eKAN, T\u00fcrkiye Kalk\u0131nma ve Yat\u0131r\u0131m Bankas\u0131, S\u00fcrd\u00fcr\u00fclebilirlik ve \u00c7evresel Sosyal Etki M\u00fcd\u00fcr\u00fc<\/p>\n<p>Emre O\u011eUZ\u00d6NC\u00dcL, Avrupa \u0130mar ve Kalk\u0131nma Bankas\u0131 (EBRD), Ye\u015fil Ekonomi ve \u0130klim Eylemleri Y\u00f6neticisi<\/p>\n<p>Tulu ERTEM, TSKB, M\u00fchendislik ve Teknik Dan\u0131\u015fmanl\u0131k Grup Y\u00f6neticisi<\/p>\n<h3><strong>KARBON Y\u00d6NET\u0130M\u0130 VE ENERJ\u0130 OTURUMU:<\/strong><\/h3>\n<p>Ba\u015fkan:\u00a0Prof. Dr.\u00a0Filiz KARAOSMANO\u011eLU-\u0130stanbul Teknik \u00dcniversitesi \u00d6\u011fretim \u00dcyesi ve S\u00fcrd\u00fcr\u00fclebilir \u00dcretim ve T\u00fcketim Derne\u011fi Ba\u015fkan\u0131<\/p>\n<p>\u00d6.Fatih KEHA, AYDEM YEN\u0130LENEB\u0130L\u0130R ENERJ\u0130, Genel M\u00fcd\u00fcr<\/p>\n<p>Sel\u00e7uk BOROVALI, DB TARIMSAL ENERJ\u0130, Y\u00f6netim Kurulu Ba\u015fkan\u0131<\/p>\n<p>Tamer EMRE, EP\u0130A\u015e, Piyasa Operasyonlar\u0131 Direkt\u00f6r\u00fc<\/p>\n<p>\u0130hsan Erbil BAY\u00c7\u00d6L, ENERJ\u0130SA \u00dcRET\u0130M, CEO<\/p>\n<p>Enver \u0130LHAN, M\u0130MSAN GRUP, Y\u00f6netim Kurulu Ba\u015fkan\u0131<\/p>\n<p>Sander van ROOTSELAAR, T\u00fcrkAk\u0131m S\u00f6zc\u00fcs\u00fc ve \u0130leti\u015fim Birimi M\u00fcd\u00fcr Yard\u0131mc\u0131s\u0131<\/p>\n<p>\u0130.Sinan AK, ZORLU ENERJ\u0130, CEO<\/p>\n<h3><strong>KARBON Y\u00d6NET\u0130M\u0130 VE END\u00dcSTR\u0130 OTURUMU:<\/strong><\/h3>\n<p>Ba\u015fkan: Dr. \u015eeyma KARAHAN \u00d6ZB\u0130LEN-T\u00dcB\u0130TAK MAM \u00c7evre ve Temiz \u00dcretim Enstit\u00fcs\u00fc, Ba\u015fuzman Ara\u015ft\u0131rmac\u0131<\/p>\n<p>Rami AT\u0130KO\u011eLU, BASF T\u00dcRK K\u0130MYA, Genel M\u00fcd\u00fcr<\/p>\n<p>Hakan MANDALI, BSH T\u00dcRK\u0130YE, Operasyondan Sorumlu \u0130cra Kurulu \u00dcyesi<\/p>\n<p>\u00d6zlem ESEN, EVYAP, AR-GE ve Kalite Direkt\u00f6r\u00fc<\/p>\n<p>Ayd\u0131n D\u0130N\u00c7ER, \u0130MM\u0130B, Koordinat\u00f6r Ba\u015fkan<\/p>\n<p>B\u00fclent U\u011eURLU, ORGAN\u0130K K\u0130MYA, Sa\u011fl\u0131k, Emniyet, \u00c7evre ve Kalite M\u00fcd\u00fcr\u00fc<\/p>\n<p>Volkan BOZAY, T\u00dcRK\u00c7\u0130MENTO, CEO<\/p>\n<p>Leyal ESK\u0130N, UNILEVER T\u00dcRK\u0130YE, Ev Bak\u0131m Kategorisi Ba\u015fkan Yard\u0131mc\u0131s\u0131 ve Y\u00f6netim Kurulu \u00dcyesi<\/p>\n<h3><strong>D\u00dc\u015e\u00dcK KARBON KAHRAMANLARI \u00d6D\u00dcL\u00dc SAH\u0130B\u0130N\u0130 BULACAK\u00a0<\/strong><\/h3>\n<p>Zirvede <strong>S\u00fcrd\u00fcr\u00fclebilir \u00dcretim ve T\u00fcketim Derne\u011fi (S\u00dcT-D)<\/strong> <strong>2021 K\u00fc\u00e7\u00fck Karbon Kahraman\u0131 G\u00f6sterisi<\/strong> ve <strong>S\u00dcT-D D\u00fc\u015f\u00fck Karbon Kahraman\u0131 \u00d6d\u00fcl T\u00f6reni<\/strong> de ger\u00e7ekle\u015ftirilecektir. Program sonunda <strong>D\u00fc\u015f\u00fck Karbon Kahraman\u0131 yar\u0131\u015fmas\u0131<\/strong>nda birinci se\u00e7ilen proje \u00f6d\u00fcllendirilecek.<\/p>\n<p>Kay\u0131t i\u00e7in&#8211;&gt; <a href=\"https:\/\/www.karbonzirvesi.com\/\" target=\"_blank\" rel=\"noopener\"><strong>Kay\u0131t | \u0130KZ \u0130stanbul Karbon E-Zirvesi 2021 | 28 Eyl\u00fcl 2021<\/strong><\/a><\/p>","protected":false},"excerpt":{"rendered":"<p>Sorry, this entry is only available in Turkish. For the sake of viewer convenience, the content is shown below in the alternative language. You may click the link to switch the active language. \u0130klim de\u011fi\u015fikli\u011fi, karbon ayak izi, at\u0131k y\u00f6netimi ve enerji y\u00f6netimi alan\u0131nda birbirinden \u00f6nemli uzmanlar\u0131 bir araya getiren VII. \u0130stanbul Karbon E-Zirvesi\u2019nde fikirler [&hellip;]<\/p>\n","protected":false},"author":1,"featured_media":142168,"comment_status":"open","ping_status":"open","sticky":false,"template":"","format":"standard","meta":[],"categories":[51,53,52],"tags":[96040,3119,96458,1999,96459,1426,68741,57125,96039,96036],"views":294,"_links":{"self":[{"href":"https:\/\/www.enerjigazetesi.ist\/en\/wp-json\/wp\/v2\/posts\/142166"}],"collection":[{"href":"https:\/\/www.enerjigazetesi.ist\/en\/wp-json\/wp\/v2\/posts"}],"about":[{"href":"https:\/\/www.enerjigazetesi.ist\/en\/wp-json\/wp\/v2\/types\/post"}],"author":[{"embeddable":true,"href":"https:\/\/www.enerjigazetesi.ist\/en\/wp-json\/wp\/v2\/users\/1"}],"replies":[{"embeddable":true,"href":"https:\/\/www.enerjigazetesi.ist\/en\/wp-json\/wp\/v2\/comments?post=142166"}],"version-history":[{"count":0,"href":"https:\/\/www.enerjigazetesi.ist\/en\/wp-json\/wp\/v2\/posts\/142166\/revisions"}],"wp:featuredmedia":[{"embeddable":true,"href":"https:\/\/www.enerjigazetesi.ist\/en\/wp-json\/wp\/v2\/media\/142168"}],"wp:attachment":[{"href":"https:\/\/www.enerjigazetesi.ist\/en\/wp-json\/wp\/v2\/media?parent=142166"}],"wp:term":[{"taxonomy":"category","embeddable":true,"href":"https:\/\/www.enerjigazetesi.ist\/en\/wp-json\/wp\/v2\/categories?post=142166"},{"taxonomy":"post_tag","embeddable":true,"href":"https:\/\/www.enerjigazetesi.ist\/en\/wp-json\/wp\/v2\/tags?post=142166"}],"curies":[{"name":"wp","href":"https:\/\/api.w.org\/{rel}","templated":true}]}}