{"id":142072,"date":"2021-09-13T14:50:55","date_gmt":"2021-09-13T11:50:55","guid":{"rendered":"https:\/\/www.enerjigazetesi.ist\/?p=142072"},"modified":"2021-09-13T15:00:50","modified_gmt":"2021-09-13T12:00:50","slug":"liseli-gencler-teknofest-elektrikli-arac-yarislarinda-yaristi","status":"publish","type":"post","link":"https:\/\/www.enerjigazetesi.ist\/en\/liseli-gencler-teknofest-elektrikli-arac-yarislarinda-yaristi\/","title":{"rendered":"Liseli Gen\u00e7ler Teknofest Elektrikli Ara\u00e7 Yar\u0131\u015flar\u0131nda Yar\u0131\u015ft\u0131!"},"content":{"rendered":"\n<p>Ge\u00e7ti\u011fimiz y\u0131llarda, pek \u00e7ok ara\u00e7 ve tak\u0131m\u0131n kat\u0131ld\u0131\u011f\u0131 Uluslararas\u0131 Efficiency Challenge Elektrikli Ara\u00e7 Yar\u0131\u015flar\u0131, bu sene lise tak\u0131mlar\u0131n\u0131n da kat\u0131l\u0131m\u0131yla renklendi.<\/p>\n\n\n\n<div class=\"wp-block-image is-style-default\"><figure class=\"alignright size-medium\"><img loading=\"lazy\" width=\"300\" height=\"222\" src=\"https:\/\/www.enerjigazetesi.ist\/wp-content\/uploads\/2021\/09\/liseli-gencler-teknofest-elektrikli-arac-yarislarinda-yaristi-2-300x222.jpg\" alt=\"\" class=\"wp-image-142074\" srcset=\"https:\/\/www.enerjigazetesi.ist\/wp-content\/uploads\/2021\/09\/liseli-gencler-teknofest-elektrikli-arac-yarislarinda-yaristi-2-300x222.jpg 300w, https:\/\/www.enerjigazetesi.ist\/wp-content\/uploads\/2021\/09\/liseli-gencler-teknofest-elektrikli-arac-yarislarinda-yaristi-2-67x50.jpg 67w, https:\/\/www.enerjigazetesi.ist\/wp-content\/uploads\/2021\/09\/liseli-gencler-teknofest-elektrikli-arac-yarislarinda-yaristi-2.jpg 460w\" sizes=\"(max-width: 300px) 100vw, 300px\" \/><\/figure><\/div>\n\n\n\n<p><strong>Teknofest 2021 <\/strong>kapsam\u0131nda ger\u00e7ekle\u015ftirilen yar\u0131\u015flar, TOSFED K\u00f6rfez Yar\u0131\u015f Pistinde Sanayi ve Teknoloji Bakan\u0131 Mustafa Varank, Teknofest Y\u00f6netim Kurulu Ba\u015fkan\u0131 Sel\u00e7uk Bayraktar\u2019\u0131n da kat\u0131l\u0131m\u0131yla 04-05 Eyl\u00fcl 2021 tarihleri aras\u0131nda ger\u00e7ekle\u015fti. 21 lisenin y\u00fcksek tempoyla m\u00fccadele etti\u011fi yar\u0131\u015flarda h\u0131z ya da teknik \u00f6zellikler de\u011fil ara\u00e7lar\u0131n <strong>enerji verimlili\u011fi<\/strong> \u00f6n plana \u00e7\u0131kt\u0131.<\/p>\n\n\n\n<p>\u015eirket olarak sponsor olduklar\u0131 Ankara Atat\u00fcrk Anadolu Lisesi tak\u0131m\u0131na desteklerini g\u00f6stermek i\u00e7in yar\u0131\u015f alan\u0131nda bulunan, teknoloji ve i\u015f d\u00fcnyas\u0131n\u0131n ba\u015far\u0131l\u0131 isimlerinden Dr. R. Erdem Erkul:<\/p>\n\n\n\n<p><em>\u201cHer biri buraya gelebilmek i\u00e7in aylard\u0131r canla ba\u015fla \u00e7al\u0131\u015fan 21 tak\u0131m\u0131n ba\u015far\u0131s\u0131na \u015fahit olduk. Yani, asl\u0131nda bu yar\u0131\u015f\u0131n 21 kazanan\u0131 var. Gen\u00e7ler teknik bilgilerini, becerilerini, hayallerini ger\u00e7ekle\u015ftirmek i\u00e7in bir ad\u0131m att\u0131lar ve teknoloji d\u00fcnyas\u0131n\u0131n kap\u0131lar\u0131n\u0131 ya\u015f\u0131tlar\u0131n\u0131n bir ad\u0131m \u00f6tesinde aralad\u0131lar. Yar\u0131\u015fta yer alan t\u00fcm tak\u0131mlar\u0131 tebrik ediyorum. Biz Cerebrum Tech olarak teknik okul olmayan tek lisenin destek\u00e7isi olduk. \u00c7\u00fcnk\u00fc f\u0131rsat verildi\u011finde t\u00fcm gen\u00e7lerin hayalleri i\u00e7in elinden gelenin en iyisini yapaca\u011f\u0131 fikrine olduk\u00e7a ba\u011fl\u0131y\u0131z. Bizlere bu gurur an\u0131n\u0131 ya\u015fatan tak\u0131m\u0131m\u0131z\u0131 da can\u0131 y\u00fcrekten tebrik ediyorum.\u201d<\/em> ifadelerini kulland\u0131.<\/p>\n","protected":false},"excerpt":{"rendered":"<p>Ge\u00e7ti\u011fimiz y\u0131llarda, pek \u00e7ok ara\u00e7 ve tak\u0131m\u0131n kat\u0131ld\u0131\u011f\u0131 Uluslararas\u0131 Efficiency Challenge Elektrikli Ara\u00e7 Yar\u0131\u015flar\u0131, bu sene lise tak\u0131mlar\u0131n\u0131n da kat\u0131l\u0131m\u0131yla renklendi. Teknofest 2021 kapsam\u0131nda ger\u00e7ekle\u015ftirilen yar\u0131\u015flar, TOSFED K\u00f6rfez Yar\u0131\u015f Pistinde Sanayi ve Teknoloji Bakan\u0131 Mustafa Varank, Teknofest Y\u00f6netim Kurulu Ba\u015fkan\u0131 Sel\u00e7uk Bayraktar\u2019\u0131n da kat\u0131l\u0131m\u0131yla 04-05 Eyl\u00fcl 2021 tarihleri aras\u0131nda ger\u00e7ekle\u015fti. 21 lisenin y\u00fcksek tempoyla m\u00fccadele [&hellip;]<\/p>\n","protected":false},"author":1,"featured_media":142076,"comment_status":"open","ping_status":"open","sticky":false,"template":"","format":"standard","meta":[],"categories":[51,53],"tags":[87239,96402,54965,52259,85968,96401,96400,91312],"views":137,"_links":{"self":[{"href":"https:\/\/www.enerjigazetesi.ist\/en\/wp-json\/wp\/v2\/posts\/142072"}],"collection":[{"href":"https:\/\/www.enerjigazetesi.ist\/en\/wp-json\/wp\/v2\/posts"}],"about":[{"href":"https:\/\/www.enerjigazetesi.ist\/en\/wp-json\/wp\/v2\/types\/post"}],"author":[{"embeddable":true,"href":"https:\/\/www.enerjigazetesi.ist\/en\/wp-json\/wp\/v2\/users\/1"}],"replies":[{"embeddable":true,"href":"https:\/\/www.enerjigazetesi.ist\/en\/wp-json\/wp\/v2\/comments?post=142072"}],"version-history":[{"count":4,"href":"https:\/\/www.enerjigazetesi.ist\/en\/wp-json\/wp\/v2\/posts\/142072\/revisions"}],"predecessor-version":[{"id":142080,"href":"https:\/\/www.enerjigazetesi.ist\/en\/wp-json\/wp\/v2\/posts\/142072\/revisions\/142080"}],"wp:featuredmedia":[{"embeddable":true,"href":"https:\/\/www.enerjigazetesi.ist\/en\/wp-json\/wp\/v2\/media\/142076"}],"wp:attachment":[{"href":"https:\/\/www.enerjigazetesi.ist\/en\/wp-json\/wp\/v2\/media?parent=142072"}],"wp:term":[{"taxonomy":"category","embeddable":true,"href":"https:\/\/www.enerjigazetesi.ist\/en\/wp-json\/wp\/v2\/categories?post=142072"},{"taxonomy":"post_tag","embeddable":true,"href":"https:\/\/www.enerjigazetesi.ist\/en\/wp-json\/wp\/v2\/tags?post=142072"}],"curies":[{"name":"wp","href":"https:\/\/api.w.org\/{rel}","templated":true}]}}