{"id":141982,"date":"2021-09-11T22:54:24","date_gmt":"2021-09-11T19:54:24","guid":{"rendered":"https:\/\/www.enerjigazetesi.ist\/?p=141982"},"modified":"2021-09-11T22:56:19","modified_gmt":"2021-09-11T19:56:19","slug":"turkiye-de-elektrikli-araclarin-pazar-payi-yuzde-6-34-e-cikti","status":"publish","type":"post","link":"https:\/\/www.enerjigazetesi.ist\/en\/turkiye-de-elektrikli-araclarin-pazar-payi-yuzde-6-34-e-cikti\/","title":{"rendered":"(Turkish) T\u00fcrkiye&#8217;de Elektrikli Ara\u00e7lar\u0131n Pazar Pay\u0131 % 6,34\u2019e \u00c7\u0131kt\u0131"},"content":{"rendered":"<p class=\"qtranxs-available-languages-message qtranxs-available-languages-message-en\">Sorry, this entry is only available in <a href=\"https:\/\/www.enerjigazetesi.ist\/tr\/wp-json\/wp\/v2\/posts\/141982\" class=\"qtranxs-available-language-link qtranxs-available-language-link-tr\" title=\"Turkish\">Turkish<\/a>. For the sake of viewer convenience, the content is shown below in the alternative language. You may click the link to switch the active language.<\/p><p><\/p>\n<h2>Otomotiv Distrib\u00fct\u00f6rleri Derne\u011fi (ODD) taraf\u0131ndan <img loading=\"lazy\" class=\"alignright wp-image-141985\" src=\"https:\/\/www.enerjigazetesi.ist\/wp-content\/uploads\/2021\/09\/elektrikli-araclarin-pazar-payi-yuzde-6-34-e-cikti.jpg\" alt=\"\" width=\"320\" height=\"214\" srcset=\"https:\/\/www.enerjigazetesi.ist\/wp-content\/uploads\/2021\/09\/elektrikli-araclarin-pazar-payi-yuzde-6-34-e-cikti.jpg 550w, https:\/\/www.enerjigazetesi.ist\/wp-content\/uploads\/2021\/09\/elektrikli-araclarin-pazar-payi-yuzde-6-34-e-cikti-300x200.jpg 300w, https:\/\/www.enerjigazetesi.ist\/wp-content\/uploads\/2021\/09\/elektrikli-araclarin-pazar-payi-yuzde-6-34-e-cikti-500x334.jpg 500w, https:\/\/www.enerjigazetesi.ist\/wp-content\/uploads\/2021\/09\/elektrikli-araclarin-pazar-payi-yuzde-6-34-e-cikti-75x50.jpg 75w, https:\/\/www.enerjigazetesi.ist\/wp-content\/uploads\/2021\/09\/elektrikli-araclarin-pazar-payi-yuzde-6-34-e-cikti-450x300.jpg 450w\" sizes=\"(max-width: 320px) 100vw, 320px\" \/>yay\u0131nlanan verilere g\u00f6re 2021\u2019in ilk 8 ayl\u0131k d\u00f6neminde T\u00fcrkiye otomobil ve hafif ticari ara\u00e7 pazar\u0131nda 501.004 adetlik toplam sat\u0131\u015f ger\u00e7ekle\u015fti.<\/h2>\n<p>Sat\u0131\u015flar\u0131n <strong>1.196 adedi<\/strong> tam elektrikli, <strong>30.488<\/strong> adedi ise hibrit otomobillerden meydana geldi. Sat\u0131\u015f rakamlar\u0131ndaki tam elektrikli ara\u00e7lar\u0131n pazar pay\u0131 <strong>% 0,24,<\/strong> hibrit ara\u00e7lar\u0131n pazar pay\u0131 ise <strong>% 6,1<\/strong>\u2019e y\u00fckseldi. Elektrikli ara\u00e7lar\u0131n toplam pazar pay\u0131 ise <strong>% 6,43<\/strong>\u2019e \u00e7\u0131kt\u0131.<\/p>\n<p>2020 y\u0131l\u0131n\u0131n ilk <strong>8 ayl\u0131k<\/strong> d\u00f6neminde ise<strong> 1.036 adet<\/strong> elektrikli, <strong>37.658 adet<\/strong> de<strong> hibrit otomobil<\/strong> sat\u0131l\u0131rken 2013 y\u0131l\u0131ndan g\u00fcn\u00fcm\u00fcze sat\u0131\u015f\u0131 yap\u0131lan tam elektrikli ara\u00e7 sat\u0131\u015f say\u0131s\u0131<strong> 4.235<\/strong>&#8216;e, hibrit otomobil say\u0131s\u0131 ise <strong>121.465<\/strong> adede \u00e7\u0131kt\u0131.<\/p>","protected":false},"excerpt":{"rendered":"<p>Sorry, this entry is only available in Turkish. For the sake of viewer convenience, the content is shown below in the alternative language. You may click the link to switch the active language. Otomotiv Distrib\u00fct\u00f6rleri Derne\u011fi (ODD) taraf\u0131ndan yay\u0131nlanan verilere g\u00f6re 2021\u2019in ilk 8 ayl\u0131k d\u00f6neminde T\u00fcrkiye otomobil ve hafif ticari ara\u00e7 pazar\u0131nda 501.004 adetlik [&hellip;]<\/p>\n","protected":false},"author":1,"featured_media":141985,"comment_status":"open","ping_status":"open","sticky":false,"template":"","format":"standard","meta":[],"categories":[51,53],"tags":[54965,65077,96370,96369,96368],"views":114,"_links":{"self":[{"href":"https:\/\/www.enerjigazetesi.ist\/en\/wp-json\/wp\/v2\/posts\/141982"}],"collection":[{"href":"https:\/\/www.enerjigazetesi.ist\/en\/wp-json\/wp\/v2\/posts"}],"about":[{"href":"https:\/\/www.enerjigazetesi.ist\/en\/wp-json\/wp\/v2\/types\/post"}],"author":[{"embeddable":true,"href":"https:\/\/www.enerjigazetesi.ist\/en\/wp-json\/wp\/v2\/users\/1"}],"replies":[{"embeddable":true,"href":"https:\/\/www.enerjigazetesi.ist\/en\/wp-json\/wp\/v2\/comments?post=141982"}],"version-history":[{"count":0,"href":"https:\/\/www.enerjigazetesi.ist\/en\/wp-json\/wp\/v2\/posts\/141982\/revisions"}],"wp:featuredmedia":[{"embeddable":true,"href":"https:\/\/www.enerjigazetesi.ist\/en\/wp-json\/wp\/v2\/media\/141985"}],"wp:attachment":[{"href":"https:\/\/www.enerjigazetesi.ist\/en\/wp-json\/wp\/v2\/media?parent=141982"}],"wp:term":[{"taxonomy":"category","embeddable":true,"href":"https:\/\/www.enerjigazetesi.ist\/en\/wp-json\/wp\/v2\/categories?post=141982"},{"taxonomy":"post_tag","embeddable":true,"href":"https:\/\/www.enerjigazetesi.ist\/en\/wp-json\/wp\/v2\/tags?post=141982"}],"curies":[{"name":"wp","href":"https:\/\/api.w.org\/{rel}","templated":true}]}}