{"id":141966,"date":"2021-09-11T21:41:22","date_gmt":"2021-09-11T18:41:22","guid":{"rendered":"https:\/\/www.enerjigazetesi.ist\/?p=141966"},"modified":"2021-09-11T21:44:09","modified_gmt":"2021-09-11T18:44:09","slug":"ali-sami-yen-turk-telekom-stadyumu-enerjisini-gunesten-alacak","status":"publish","type":"post","link":"https:\/\/www.enerjigazetesi.ist\/en\/ali-sami-yen-turk-telekom-stadyumu-enerjisini-gunesten-alacak\/","title":{"rendered":"(Turkish) Ali Sami Yen T\u00fcrk Telekom Stadyumu Enerjisini G\u00fcne\u015ften Alacak"},"content":{"rendered":"<p class=\"qtranxs-available-languages-message qtranxs-available-languages-message-en\">Sorry, this entry is only available in <a href=\"https:\/\/www.enerjigazetesi.ist\/tr\/wp-json\/wp\/v2\/posts\/141966\" class=\"qtranxs-available-language-link qtranxs-available-language-link-tr\" title=\"Turkish\">Turkish<\/a>. For the sake of viewer convenience, the content is shown below in the alternative language. You may click the link to switch the active language.<\/p><p><\/p>\n<h2><strong>Ali Sami Yen Spor Kompleksi T\u00fcrk Telekom Arena Stad\u0131, \u00e7at\u0131s\u0131na kurulacak olan \u00e7at\u0131 \u00fcst\u00fc g\u00fcne\u015f santraliyle kendi <img loading=\"lazy\" class=\"alignright wp-image-141969\" src=\"https:\/\/www.enerjigazetesi.ist\/wp-content\/uploads\/2021\/09\/ali-sami-yen-turk-telekom-stadyumu-enerjisini-gunesten-alacak.jpg\" alt=\"\" width=\"320\" height=\"198\" srcset=\"https:\/\/www.enerjigazetesi.ist\/wp-content\/uploads\/2021\/09\/ali-sami-yen-turk-telekom-stadyumu-enerjisini-gunesten-alacak.jpg 682w, https:\/\/www.enerjigazetesi.ist\/wp-content\/uploads\/2021\/09\/ali-sami-yen-turk-telekom-stadyumu-enerjisini-gunesten-alacak-300x186.jpg 300w, https:\/\/www.enerjigazetesi.ist\/wp-content\/uploads\/2021\/09\/ali-sami-yen-turk-telekom-stadyumu-enerjisini-gunesten-alacak-500x309.jpg 500w, https:\/\/www.enerjigazetesi.ist\/wp-content\/uploads\/2021\/09\/ali-sami-yen-turk-telekom-stadyumu-enerjisini-gunesten-alacak-80x50.jpg 80w\" sizes=\"(max-width: 320px) 100vw, 320px\" \/>enerjisini \u00fcretecek.<\/strong><\/h2>\n<p>Enerjisa, <strong>Ali Sami Yen Spor Kompleksi T\u00fcrk Telekom Stadyumu&#8217;nun<\/strong> \u00e7at\u0131s\u0131na kuraca\u011f\u0131 <strong>4,1 MW<\/strong> kurulu g\u00fc\u00e7te olacak\u00a0<strong>g\u00fcne\u015f enerjisi santrali<\/strong> i\u00e7in <strong>GoodWe\u2019<\/strong>nin <strong>120kW<\/strong> g\u00fcce sahip\u00a0<strong>HT serisi<\/strong> inverterlerini tercih etti.<\/p>\n<p><strong>% 100<\/strong> ye\u015fil enerji kayna\u011f\u0131ndan <strong>enerji \u00fcretimi<\/strong> sa\u011flayacak tesisin ekonomik \u00f6mr\u00fc <strong>25 y\u0131l<\/strong> olup, y\u0131ll\u0131k <strong>3.250 ton CO2 sal\u0131m\u0131n\u0131<\/strong> engellenerek <strong>200 binden fazla a\u011fac\u0131n<\/strong> temizleyebildi\u011fi kadar <strong>karbon sal\u0131m\u0131n\u0131n<\/strong> \u00f6n\u00fcne de ge\u00e7ilecek.<\/p>","protected":false},"excerpt":{"rendered":"<p>Sorry, this entry is only available in Turkish. For the sake of viewer convenience, the content is shown below in the alternative language. You may click the link to switch the active language. Ali Sami Yen Spor Kompleksi T\u00fcrk Telekom Arena Stad\u0131, \u00e7at\u0131s\u0131na kurulacak olan \u00e7at\u0131 \u00fcst\u00fc g\u00fcne\u015f santraliyle kendi enerjisini \u00fcretecek. Enerjisa, Ali Sami [&hellip;]<\/p>\n","protected":false},"author":1,"featured_media":141969,"comment_status":"open","ping_status":"open","sticky":false,"template":"","format":"standard","meta":[],"categories":[51,53,49],"tags":[96363,45408,87188,79095,47294,36334,6854,54979],"views":648,"_links":{"self":[{"href":"https:\/\/www.enerjigazetesi.ist\/en\/wp-json\/wp\/v2\/posts\/141966"}],"collection":[{"href":"https:\/\/www.enerjigazetesi.ist\/en\/wp-json\/wp\/v2\/posts"}],"about":[{"href":"https:\/\/www.enerjigazetesi.ist\/en\/wp-json\/wp\/v2\/types\/post"}],"author":[{"embeddable":true,"href":"https:\/\/www.enerjigazetesi.ist\/en\/wp-json\/wp\/v2\/users\/1"}],"replies":[{"embeddable":true,"href":"https:\/\/www.enerjigazetesi.ist\/en\/wp-json\/wp\/v2\/comments?post=141966"}],"version-history":[{"count":0,"href":"https:\/\/www.enerjigazetesi.ist\/en\/wp-json\/wp\/v2\/posts\/141966\/revisions"}],"wp:featuredmedia":[{"embeddable":true,"href":"https:\/\/www.enerjigazetesi.ist\/en\/wp-json\/wp\/v2\/media\/141969"}],"wp:attachment":[{"href":"https:\/\/www.enerjigazetesi.ist\/en\/wp-json\/wp\/v2\/media?parent=141966"}],"wp:term":[{"taxonomy":"category","embeddable":true,"href":"https:\/\/www.enerjigazetesi.ist\/en\/wp-json\/wp\/v2\/categories?post=141966"},{"taxonomy":"post_tag","embeddable":true,"href":"https:\/\/www.enerjigazetesi.ist\/en\/wp-json\/wp\/v2\/tags?post=141966"}],"curies":[{"name":"wp","href":"https:\/\/api.w.org\/{rel}","templated":true}]}}