{"id":141939,"date":"2021-09-11T14:02:44","date_gmt":"2021-09-11T11:02:44","guid":{"rendered":"https:\/\/www.enerjigazetesi.ist\/?p=141939"},"modified":"2021-09-11T14:03:22","modified_gmt":"2021-09-11T11:03:22","slug":"iaa-mobility-fuari-nda-elektrikli-araclar-sergilendi","status":"publish","type":"post","link":"https:\/\/www.enerjigazetesi.ist\/en\/iaa-mobility-fuari-nda-elektrikli-araclar-sergilendi\/","title":{"rendered":"(Turkish) IAA Mobility Fuar\u0131&#8217;nda Elektrikli Ara\u00e7lar Sergilendi&#8230;"},"content":{"rendered":"<p class=\"qtranxs-available-languages-message qtranxs-available-languages-message-en\">Sorry, this entry is only available in <a href=\"https:\/\/www.enerjigazetesi.ist\/tr\/wp-json\/wp\/v2\/posts\/141939\" class=\"qtranxs-available-language-link qtranxs-available-language-link-tr\" title=\"Turkish\">Turkish<\/a>. For the sake of viewer convenience, the content is shown below in the alternative language. You may click the link to switch the active language.<\/p><p><\/p>\n<h2>M\u00fcnih\u2019te d\u00fczenlenen 2021 Uluslararas\u0131 IAA Mobility Fuar\u0131&#8217;na d\u00fcnyan\u0131n lider otomobil \u00fcreticileri kat\u0131l\u0131m sa\u011flad\u0131.<\/h2>\n<p><strong>S\u0131f\u0131r<\/strong> veya <strong>d\u00fc\u015f\u00fck emisyonlu otomobiller<\/strong> i\u00e7in tasarlanan <strong>Elect teknolojisi<\/strong>ni de i\u00e7eren baz\u0131 lastiklerin \u00f6ne \u00e7\u0131kt\u0131\u011f\u0131 fuarda Pirelli\u2019nin Cinturato P7 lastikleri de BMW 320e hibrit ve 3 Series modellerinin donan\u0131m\u0131 olarak sergileniyor.<\/p>\n<h3><strong><img loading=\"lazy\" class=\"alignright wp-image-141942\" src=\"https:\/\/www.enerjigazetesi.ist\/wp-content\/uploads\/2021\/09\/iaa-mobility-fuari-nda-elektrikli-araclar-sergilendi-1.jpg\" alt=\"\" width=\"320\" height=\"214\" srcset=\"https:\/\/www.enerjigazetesi.ist\/wp-content\/uploads\/2021\/09\/iaa-mobility-fuari-nda-elektrikli-araclar-sergilendi-1.jpg 550w, https:\/\/www.enerjigazetesi.ist\/wp-content\/uploads\/2021\/09\/iaa-mobility-fuari-nda-elektrikli-araclar-sergilendi-1-300x200.jpg 300w, https:\/\/www.enerjigazetesi.ist\/wp-content\/uploads\/2021\/09\/iaa-mobility-fuari-nda-elektrikli-araclar-sergilendi-1-500x334.jpg 500w, https:\/\/www.enerjigazetesi.ist\/wp-content\/uploads\/2021\/09\/iaa-mobility-fuari-nda-elektrikli-araclar-sergilendi-1-75x50.jpg 75w, https:\/\/www.enerjigazetesi.ist\/wp-content\/uploads\/2021\/09\/iaa-mobility-fuari-nda-elektrikli-araclar-sergilendi-1-450x300.jpg 450w\" sizes=\"(max-width: 320px) 100vw, 320px\" \/>EN YEN\u0130 OTOMOB\u0130L MODELLER\u0130 P\u0130RELL\u0130 LAST\u0130KLER\u0130 DONANIM OLARAK TERC\u0130H ETT\u0130<\/strong><\/h3>\n<p>Elect i\u015faretli P Zero, Pirelli\u2019nin motor sporlar\u0131ndaki deneyimini Elect teknolojisiyle birle\u015ftiren Ultra Y\u00fcksek Performansl\u0131 (UHP) lasti\u011fidir. M\u00fcnih\u2019teki fuarda sergilenen Porsche Taycan, Ford Mustang Mach-E GT, Polestar 1, BMW iX ve yeni Mercedes-Benz EQE bu teknolojili lastiklerin donan\u0131m olarak se\u00e7ildi\u011fi modeller aras\u0131nda yer al\u0131yor. <strong>P Zero Elect<\/strong> ayr\u0131ca konsept otomobil Audi Grandsphere Concept ve Mercedes-Benz Concept EQG ile yeni Mercedes-Benz EQB ve Ford Mustang Mach-E 4X modellerinde de kullan\u0131l\u0131yor.<\/p>\n<p>Scorpion ailesinin <strong>SUV<\/strong> ve <strong>crossover ara\u00e7lar<\/strong> i\u00e7in tasarlanan versiyonlar\u0131 da M\u00fcnih\u2019te Volkswagen ID.4 GTX ve ID.5 GTX, Volvo XC90 \u015farj edilebilir hibrit ve Jaguar EV400 AWD ile Mercedes-Benz EQCc 400 4matic AMG Line modellerinde sergileniyor.<\/p>","protected":false},"excerpt":{"rendered":"<p>Sorry, this entry is only available in Turkish. For the sake of viewer convenience, the content is shown below in the alternative language. You may click the link to switch the active language. M\u00fcnih\u2019te d\u00fczenlenen 2021 Uluslararas\u0131 IAA Mobility Fuar\u0131&#8217;na d\u00fcnyan\u0131n lider otomobil \u00fcreticileri kat\u0131l\u0131m sa\u011flad\u0131. S\u0131f\u0131r veya d\u00fc\u015f\u00fck emisyonlu otomobiller i\u00e7in tasarlanan Elect teknolojisini [&hellip;]<\/p>\n","protected":false},"author":1,"featured_media":141943,"comment_status":"open","ping_status":"open","sticky":false,"template":"","format":"standard","meta":[],"categories":[51,53],"tags":[96345,54965,96344,96343,96341,96346,96340,96342,96339],"views":92,"_links":{"self":[{"href":"https:\/\/www.enerjigazetesi.ist\/en\/wp-json\/wp\/v2\/posts\/141939"}],"collection":[{"href":"https:\/\/www.enerjigazetesi.ist\/en\/wp-json\/wp\/v2\/posts"}],"about":[{"href":"https:\/\/www.enerjigazetesi.ist\/en\/wp-json\/wp\/v2\/types\/post"}],"author":[{"embeddable":true,"href":"https:\/\/www.enerjigazetesi.ist\/en\/wp-json\/wp\/v2\/users\/1"}],"replies":[{"embeddable":true,"href":"https:\/\/www.enerjigazetesi.ist\/en\/wp-json\/wp\/v2\/comments?post=141939"}],"version-history":[{"count":0,"href":"https:\/\/www.enerjigazetesi.ist\/en\/wp-json\/wp\/v2\/posts\/141939\/revisions"}],"wp:featuredmedia":[{"embeddable":true,"href":"https:\/\/www.enerjigazetesi.ist\/en\/wp-json\/wp\/v2\/media\/141943"}],"wp:attachment":[{"href":"https:\/\/www.enerjigazetesi.ist\/en\/wp-json\/wp\/v2\/media?parent=141939"}],"wp:term":[{"taxonomy":"category","embeddable":true,"href":"https:\/\/www.enerjigazetesi.ist\/en\/wp-json\/wp\/v2\/categories?post=141939"},{"taxonomy":"post_tag","embeddable":true,"href":"https:\/\/www.enerjigazetesi.ist\/en\/wp-json\/wp\/v2\/tags?post=141939"}],"curies":[{"name":"wp","href":"https:\/\/api.w.org\/{rel}","templated":true}]}}