{"id":141791,"date":"2021-09-09T11:32:10","date_gmt":"2021-09-09T08:32:10","guid":{"rendered":"https:\/\/www.enerjigazetesi.ist\/?p=141791"},"modified":"2021-09-09T11:32:10","modified_gmt":"2021-09-09T08:32:10","slug":"cocuklar-18-ve-25-eylul-de-acik-havada-arter-in-arka-bahce-atolyeleri-nde","status":"publish","type":"post","link":"https:\/\/www.enerjigazetesi.ist\/en\/cocuklar-18-ve-25-eylul-de-acik-havada-arter-in-arka-bahce-atolyeleri-nde\/","title":{"rendered":"(Turkish) \u00c7ocuklar, 18 ve 25 Eyl\u00fcl&#8217;de A\u00e7\u0131k Havada Arter&#8217;\u0131n Arka Bah\u00e7e At\u00f6lyeleri&#8217;nde&#8230;"},"content":{"rendered":"<p class=\"qtranxs-available-languages-message qtranxs-available-languages-message-en\">Sorry, this entry is only available in <a href=\"https:\/\/www.enerjigazetesi.ist\/tr\/wp-json\/wp\/v2\/posts\/141791\" class=\"qtranxs-available-language-link qtranxs-available-language-link-tr\" title=\"Turkish\">Turkish<\/a>. For the sake of viewer convenience, the content is shown below in the alternative language. You may click the link to switch the active language.<\/p><p><\/p>\n<h2><strong>Arter \u00d6\u011frenme Program\u0131\u2019n\u0131n fiziksel ortamda d\u00fczenledi\u011fi etkinlikler, uzun bir aran\u0131n ard\u0131ndan gerekli sa\u011fl\u0131k \u00f6nlemleriyle yeniden ba\u015fl\u0131yor! Arter\u2019in arka bah\u00e7esinde, a\u00e7\u0131k havada farkl\u0131 ya\u015f gruplar\u0131na y\u00f6nelik ger\u00e7ekle\u015fecek \u00e7ocuk at\u00f6lyelerinde kat\u0131l\u0131mc\u0131lar, \u00e7a\u011fda\u015f sanat\u0131 ke\u015ffedip yorumlarken \u00e7e\u015fitli malzeme ve \u00fcretim ara\u00e7lar\u0131yla da yarat\u0131c\u0131 s\u00fcre\u00e7leri deneyimleyecekler. \u201cSergi Dedektifleri Arka Bah\u00e7ede!\u201d ba\u015fl\u0131kl\u0131 at\u00f6lye 18 Eyl\u00fcl Cumartesi g\u00fcn\u00fc saat 14:00\u2019te, \u201cArka Bah\u00e7ede Perk\u00fcsyon At\u00f6lyesi\u201d ba\u015fl\u0131kl\u0131 etkinlik ise 25 Eyl\u00fcl Cumartesi g\u00fcn\u00fc 14:00\u2019te ger\u00e7ekle\u015fecek. S\u0131n\u0131rl\u0131 say\u0131da kat\u0131l\u0131mc\u0131yla ger\u00e7ekle\u015fecek at\u00f6lyelerin biletleri Arter\u2019den temin edilebilir; 0212 708 58 01 numaral\u0131 telefondan veya <a href=\"mailto:biletler@arter.org.tr\">biletler@arter.org.tr<\/a>\u00a0mail adresi \u00fczerinden rezervasyon yapt\u0131r\u0131labilir.<\/strong><\/h2>\n<p>Ziyaret\u00e7ilerini gerekli sa\u011fl\u0131k \u00f6nlemleriyle a\u011f\u0131rlamaya devam eden<strong> Arter<\/strong>\u2019in \u00e7evrimi\u00e7i ortamda d\u00fczenlenen etkinliklerinin yan\u0131nda, fiziksel ortamdaki etkinlikleri de yeniden ba\u015fl\u0131yor. Herkesin yarat\u0131c\u0131 s\u00fcrecin par\u00e7as\u0131 olabilece\u011fi bir ortam\u0131 m\u00fcmk\u00fcn k\u0131lmay\u0131 ama\u00e7layan <strong>\u00e7ocuk at\u00f6lyeleri<\/strong>, <strong>Arter<\/strong>\u2019in g\u00fcncel <img loading=\"lazy\" class=\"alignright wp-image-141795\" src=\"https:\/\/www.enerjigazetesi.ist\/wp-content\/uploads\/2021\/09\/cocuklar-18-ve-25-eylul-de-acik-havada-arter-in-arka-bahce-atolyeleri-nde-1.jpg\" alt=\"\" width=\"320\" height=\"195\" srcset=\"https:\/\/www.enerjigazetesi.ist\/wp-content\/uploads\/2021\/09\/cocuklar-18-ve-25-eylul-de-acik-havada-arter-in-arka-bahce-atolyeleri-nde-1.jpg 550w, https:\/\/www.enerjigazetesi.ist\/wp-content\/uploads\/2021\/09\/cocuklar-18-ve-25-eylul-de-acik-havada-arter-in-arka-bahce-atolyeleri-nde-1-300x183.jpg 300w, https:\/\/www.enerjigazetesi.ist\/wp-content\/uploads\/2021\/09\/cocuklar-18-ve-25-eylul-de-acik-havada-arter-in-arka-bahce-atolyeleri-nde-1-500x305.jpg 500w, https:\/\/www.enerjigazetesi.ist\/wp-content\/uploads\/2021\/09\/cocuklar-18-ve-25-eylul-de-acik-havada-arter-in-arka-bahce-atolyeleri-nde-1-80x50.jpg 80w\" sizes=\"(max-width: 320px) 100vw, 320px\" \/>sergilerinden hareketle \u015fekilleniyor ve her \u00e7ocu\u011fun kendi bak\u0131\u015f a\u00e7\u0131s\u0131n\u0131 payla\u015fmas\u0131na \u00f6zen g\u00f6steriyor.<\/p>\n<p><strong>Arter<\/strong>\u2019in arka bah\u00e7e alan\u0131nda d\u00fczenlenen \u00e7ocuk at\u00f6lyeleri, <strong>18 Eyl\u00fcl 2021 Cumartesi <\/strong>g\u00fcn\u00fc saat <strong>14:00<\/strong>\u2019te ger\u00e7ekle\u015fecek <strong>\u201cSergi Dedektifleri Arka Bah\u00e7ede!\u201d <\/strong>ba\u015fl\u0131kl\u0131 at\u00f6lye \u00e7al\u0131\u015fmas\u0131yla ba\u015flayacak. 7\u201311 ya\u015f aral\u0131\u011f\u0131ndaki \u00e7ocuklar\u0131, sanat eserlerine bir dedektifin b\u00fcy\u00fctecinden bakmaya davet eden <strong>at\u00f6lyede kat\u0131l\u0131mc\u0131lar<\/strong>, <strong>Arter<\/strong>\u2019in arka bah\u00e7esinde \u00fcretecekleri <strong>hayali b\u00fcy\u00fcte\u00e7ler<\/strong> ve<strong> soru kartlar\u0131 e\u015fli\u011finde<\/strong> sergilerde yer alan <strong>yap\u0131tlar\u0131 ke\u015ffe<\/strong> \u00e7\u0131kacak.<\/p>\n<p><strong>25 Eyl\u00fcl 2021 Cumartesi <\/strong>g\u00fcn\u00fc <strong>14:00<\/strong>\u2019te ger\u00e7ekle\u015fecek <strong>\u201cArka Bah\u00e7ede Perk\u00fcsyon At\u00f6lyesi\u201d<\/strong>nde ise \u00e7ocuklar, <em>\u201cBir sanat yap\u0131t\u0131 konu\u015fabilseydi bize neler anlat\u0131rd\u0131? Hik\u00e2yesi ne olurdu? Nas\u0131l bir ses \u00e7\u0131kar\u0131rd\u0131?\u201d<\/em> gibi sorular\u0131n pe\u015fine d\u00fc\u015fecek. <strong>Amy Salsgiver<\/strong> ile <strong>Nihal Saruhanl\u0131\u2019<\/strong>n\u0131n y\u00fcr\u00fct\u00fcc\u00fcl\u00fc\u011f\u00fcnde d\u00fczenlenen at\u00f6lyede 8\u201311 ya\u015f aral\u0131\u011f\u0131ndaki \u00e7ocuklar, <strong>Arter<\/strong>\u2019de sergilenen yap\u0131tlardan yola \u00e7\u0131karak m\u00fczik yapacak. Kat\u0131l\u0131mc\u0131lar\u0131n, hayal ettikleri hik\u00e2yeler etraf\u0131nda bedenleri ve enstr\u00fcmanlar\u0131 arac\u0131l\u0131\u011f\u0131yla bir perk\u00fcsyon orkestras\u0131 olu\u015fturacaklar\u0131 at\u00f6lyede \u00e7ocuklar, <strong>Arter<\/strong> sergilerindeki yap\u0131tlara ses verecek.<\/p>\n<p>Kat\u0131l\u0131m\u0131n, her etkinlik i\u00e7in<strong> 12 \u00e7ocuk ile s\u0131n\u0131rl\u0131<\/strong> oldu\u011fu at\u00f6lyelerin biletleri<strong> Arter<\/strong>\u2019den temin edilebilir; <strong>0212 708 58 01 <\/strong>numaral\u0131 telefondan veya <a href=\"mailto:biletler@arter.org.tr\">biletler@arter.org.tr<\/a> adresi \u00fczerinden rezervasyon yapt\u0131r\u0131labilir. At\u00f6lyeye kat\u0131lan \u00e7ocuklar\u0131n bir yeti\u015fkin e\u015flik\u00e7isi ise, etkinlik g\u00fcn\u00fcnde <strong>Arter<\/strong> sergilerini g\u00fcn boyu \u00fccretsiz ziyaret edebilir.<\/p>\n<p><strong>Arter<\/strong> Kurumsal Sponsoru <strong>T\u00fcpra\u015f\u2019\u0131n<\/strong> de\u011ferli deste\u011fiyle, t\u00fcm sergilere giri\u015f <strong>24 ya\u015f alt\u0131 izleyiciler i\u00e7in<\/strong> her g\u00fcn; Per\u015fembe g\u00fcnleri ise her ya\u015ftan izleyici i\u00e7in \u00fccretsiz. <strong>Arter Beraber<\/strong> <strong>\u00fcyeleri<\/strong> ise sergileri y\u0131l boyunca \u00fccretsiz ziyaret etmenin yan\u0131 s\u0131ra farkl\u0131 ayr\u0131cal\u0131klardan faydalan\u0131yor. <strong>Arter<\/strong> binas\u0131n\u0131n <strong>K\u00fct\u00fcphane, Kitabevi, Bistro by Divan<\/strong>, arka bahc\u0327e alanlar\u0131na ve <strong>Galeri 0\u2019da<\/strong> yer alan <strong>sergiye giri\u015f<\/strong> i\u00e7in bilet gerekmiyor. Ula\u015f\u0131m Sponsorlar\u0131 <strong>Ford Otosan<\/strong> ve <strong>Otokar\u2019\u0131n<\/strong> deste\u011fi sayesinde <strong>Taksim\u2019den<\/strong> ve<strong> Tepeba\u015f\u0131\u2019ndan<\/strong> \u00fccretsiz servis ara\u00e7lar\u0131yla <strong>Arter<\/strong>\u2019e ula\u015f\u0131labiliyor.<\/p>\n<p><strong>Arter<\/strong>\u2019in g\u00fcncel program\u0131na <a href=\"http:\/\/www.arter.org.tr\/\">arter.org.tr<\/a> adresinden; g\u00fcvenli bir ziyaret i\u00e7in <strong>Arter<\/strong>\u2019de al\u0131nan t\u00fcm sa\u011fl\u0131k tedbirleri, ziyaret ve ula\u015f\u0131mla ilgili g\u00fcncel bilgilere ise <a href=\"https:\/\/www.arter.org.tr\/ziyaret\">arter.org.tr\/ziyaret<\/a> adresinden eri\u015filebiliyor.<\/p>","protected":false},"excerpt":{"rendered":"<p>Sorry, this entry is only available in Turkish. For the sake of viewer convenience, the content is shown below in the alternative language. You may click the link to switch the active language. Arter \u00d6\u011frenme Program\u0131\u2019n\u0131n fiziksel ortamda d\u00fczenledi\u011fi etkinlikler, uzun bir aran\u0131n ard\u0131ndan gerekli sa\u011fl\u0131k \u00f6nlemleriyle yeniden ba\u015fl\u0131yor! Arter\u2019in arka bah\u00e7esinde, a\u00e7\u0131k havada farkl\u0131 [&hellip;]<\/p>\n","protected":false},"author":1,"featured_media":141794,"comment_status":"open","ping_status":"open","sticky":false,"template":"","format":"standard","meta":[],"categories":[53],"tags":[96240,96242,96239,95483,90561,94446,94077,96241],"views":214,"_links":{"self":[{"href":"https:\/\/www.enerjigazetesi.ist\/en\/wp-json\/wp\/v2\/posts\/141791"}],"collection":[{"href":"https:\/\/www.enerjigazetesi.ist\/en\/wp-json\/wp\/v2\/posts"}],"about":[{"href":"https:\/\/www.enerjigazetesi.ist\/en\/wp-json\/wp\/v2\/types\/post"}],"author":[{"embeddable":true,"href":"https:\/\/www.enerjigazetesi.ist\/en\/wp-json\/wp\/v2\/users\/1"}],"replies":[{"embeddable":true,"href":"https:\/\/www.enerjigazetesi.ist\/en\/wp-json\/wp\/v2\/comments?post=141791"}],"version-history":[{"count":0,"href":"https:\/\/www.enerjigazetesi.ist\/en\/wp-json\/wp\/v2\/posts\/141791\/revisions"}],"wp:featuredmedia":[{"embeddable":true,"href":"https:\/\/www.enerjigazetesi.ist\/en\/wp-json\/wp\/v2\/media\/141794"}],"wp:attachment":[{"href":"https:\/\/www.enerjigazetesi.ist\/en\/wp-json\/wp\/v2\/media?parent=141791"}],"wp:term":[{"taxonomy":"category","embeddable":true,"href":"https:\/\/www.enerjigazetesi.ist\/en\/wp-json\/wp\/v2\/categories?post=141791"},{"taxonomy":"post_tag","embeddable":true,"href":"https:\/\/www.enerjigazetesi.ist\/en\/wp-json\/wp\/v2\/tags?post=141791"}],"curies":[{"name":"wp","href":"https:\/\/api.w.org\/{rel}","templated":true}]}}