{"id":141781,"date":"2021-09-09T10:57:59","date_gmt":"2021-09-09T07:57:59","guid":{"rendered":"https:\/\/www.enerjigazetesi.ist\/?p=141781"},"modified":"2021-09-09T10:57:59","modified_gmt":"2021-09-09T07:57:59","slug":"odullu-film-soz-senettir-14-eylulde-sadece-kucukciftlik-parkta","status":"publish","type":"post","link":"https:\/\/www.enerjigazetesi.ist\/en\/odullu-film-soz-senettir-14-eylulde-sadece-kucukciftlik-parkta\/","title":{"rendered":"(Turkish) \u00d6d\u00fcll\u00fc Film &#8216;S\u00f6z Senettir&#8217; 14 Eyl\u00fcl&#8217;de Sadece K\u00fc\u00e7\u00fck\u00e7iftlik Park&#8217;ta&#8230;"},"content":{"rendered":"<p class=\"qtranxs-available-languages-message qtranxs-available-languages-message-en\">Sorry, this entry is only available in <a href=\"https:\/\/www.enerjigazetesi.ist\/tr\/wp-json\/wp\/v2\/posts\/141781\" class=\"qtranxs-available-language-link qtranxs-available-language-link-tr\" title=\"Turkish\">Turkish<\/a>. For the sake of viewer convenience, the content is shown below in the alternative language. You may click the link to switch the active language.<\/p><p><\/p>\n<h2><strong>K\u00fc\u00e7\u00fck\u00c7iftlik Park, her hafta Sal\u0131 ak\u015fam\u0131 p\u00fcf\u00fcr p\u00fcf\u00fcr bah\u00e7e ortam\u0131nda sineman\u0131n en be\u011fenilen filmleriyle sinemaseverleri bulu\u015fturmaya devam ediyor. URU organizasyonu ve T\u00fcrk Tuborg A.\u015e.<\/strong><strong>\u2019nin katk\u0131lar\u0131yla ger\u00e7ekle\u015ftirilen K\u00fc\u00e7\u00fck\u00c7iftlik Film Kul\u00fcb\u00fc Sunar: Bah\u00e7e Sinemas\u0131, 14 Eyl\u00fcl 2021 Sal\u0131 ak\u015fam\u0131 Almanya\u2019dan sonra T\u00fcrkiye\u2019de ilk kez ve sadece bir kereye \u00f6zel olarak g\u00f6sterilecek <em>\u201cS\u00f6z Senettir\u201d<\/em> filmine ev sahipli\u011fi yapacak. \u0130lker \u00c7atak\u2019\u0131n, festivallerden \u00f6d\u00fcllerle d\u00f6nen ikinci uzun metraj filmi <em>\u201cS\u00f6z Senettir\u201d<\/em>, muzip, yal\u0131n ve olgun sinema diliyle dikkat \u00e7ekerken izleyicilerin ili\u015fkilere ve kimliklere dair pek \u00e7ok alg\u0131s\u0131n\u0131 sars\u0131yor. Sinemaseverler filmden hemen \u00f6nce ve sonra ise T\u00fcrk DJ ve prod\u00fckt\u00f6r ikilisi Schnell Schnell ile a\u00e7\u0131k havan\u0131n keyfini m\u00fczik e\u015fli\u011finde de \u00e7\u0131karacaklar.<\/strong><\/h2>\n<p><strong>K\u00fc\u00e7\u00fck\u00c7iftlik Film Kul\u00fcb\u00fc Sunar: Bah\u00e7e Sinemas\u0131<\/strong>, <strong>14 Eyl\u00fcl Sal\u0131<\/strong> ak\u015fam\u0131 <strong>\u0130lker \u00c7atak<\/strong>\u2019\u0131n y\u00f6netmen koltu\u011funda oturdu\u011fu ve 3 gencin, izleyiciyi sarsan ili\u015fki d\u00f6ng\u00fcs\u00fcne yer veren <strong><em>\u201cS\u00f6z Senettir\u201d <\/em><\/strong>filmini sinemaseverlere sunacak. 2020 Bavyera Film \u00d6d\u00fclleri\u2019nde En \u0130yi Kad\u0131n Oyuncu, 2019 M\u00fcnih <img loading=\"lazy\" class=\"alignright wp-image-141783\" src=\"https:\/\/www.enerjigazetesi.ist\/wp-content\/uploads\/2021\/09\/odullu-film-soz-senettir-14-eylulde-sadece-kucukciftlik-parkta-2.jpg\" alt=\"\" width=\"290\" height=\"290\" srcset=\"https:\/\/www.enerjigazetesi.ist\/wp-content\/uploads\/2021\/09\/odullu-film-soz-senettir-14-eylulde-sadece-kucukciftlik-parkta-2.jpg 550w, https:\/\/www.enerjigazetesi.ist\/wp-content\/uploads\/2021\/09\/odullu-film-soz-senettir-14-eylulde-sadece-kucukciftlik-parkta-2-150x150.jpg 150w, https:\/\/www.enerjigazetesi.ist\/wp-content\/uploads\/2021\/09\/odullu-film-soz-senettir-14-eylulde-sadece-kucukciftlik-parkta-2-300x300.jpg 300w, https:\/\/www.enerjigazetesi.ist\/wp-content\/uploads\/2021\/09\/odullu-film-soz-senettir-14-eylulde-sadece-kucukciftlik-parkta-2-400x400.jpg 400w, https:\/\/www.enerjigazetesi.ist\/wp-content\/uploads\/2021\/09\/odullu-film-soz-senettir-14-eylulde-sadece-kucukciftlik-parkta-2-50x50.jpg 50w, https:\/\/www.enerjigazetesi.ist\/wp-content\/uploads\/2021\/09\/odullu-film-soz-senettir-14-eylulde-sadece-kucukciftlik-parkta-2-100x100.jpg 100w, https:\/\/www.enerjigazetesi.ist\/wp-content\/uploads\/2021\/09\/odullu-film-soz-senettir-14-eylulde-sadece-kucukciftlik-parkta-2-500x500.jpg 500w\" sizes=\"(max-width: 290px) 100vw, 290px\" \/>Film Festivali\u2019nde ise En \u0130yi Erkek Oyuncu ve En \u0130yi Senaryo \u00f6d\u00fcllerini alan Almanya-Fransa ortak yap\u0131m\u0131 <strong><em>\u201cS\u00f6z Senettir\u201d<\/em><\/strong>, T\u00fcrkiye\u2019de ilk kez ve sadece <strong>Bah\u00e7e Sinemas\u0131<\/strong>\u2019nda g\u00f6sterilecek.<\/p>\n<h3><strong><em>\u201cS\u00f6z Senettir\u201d<\/em><\/strong><strong>,\u00a0\u0130li\u015fkilere ve Kimliklere Dair Pek \u00c7ok Alg\u0131m\u0131z\u0131 Sarsacak!<\/strong><\/h3>\n<p><strong>Kad\u0131n\u0131n pilot, erke\u011fin m\u00fczisyen oldu\u011fu bir \u00e7ift\u2026<\/strong> Marion ve Raphael Almanya\u2019dan u\u00e7a\u011fa atlay\u0131p yaz tatili i\u00e7in T\u00fcrkiye\u2019ye geliyorlar ve yollar\u0131 jigololuk yapan gen\u00e7 Baran\u2019la kesi\u015fiyor. Bundan sonra ili\u015fki \u00fc\u00e7 ki\u015filik bir oyuna d\u00f6n\u00fc\u015f\u00fcyor. Avrupa\u2019ya gitmeyi kafas\u0131na koymu\u015f Baran, Marion\u2019a evlenme teklif ediyor. Hayat\u0131n\u0131 her zaman kontrol alt\u0131nda tutmay\u0131 ba\u015farm\u0131\u015f ama kanser oldu\u011funu \u00f6\u011frendikten sonra her \u015feyi yeniden g\u00f6zden ge\u00e7irmeye ba\u015flayan Marion ise ilk defa bir yabanc\u0131n\u0131n m\u00fcdahalesine izin veriyor ve Baran\u2019\u0131n teklifini kabul ediyor. K\u00e2\u011f\u0131t \u00fcst\u00fcnde tan\u0131d\u0131k gelebilecek bu anla\u015fmal\u0131 evlilik \u00f6yk\u00fcs\u00fc,\u00a0<em>Bir Zamanlar K\u0131z\u0131lderili \u00dclkesinde<\/em>\u00a0filmini Kino 2018\u2019de izledi\u011fimiz <strong>\u0130lker \u00c7atak<\/strong>\u2019\u0131n elinde, ne\u015fesi de eksik olmayan, toplumsal cinsiyet rolleri ve teke\u015fli ili\u015fkilerin \u00e7izdi\u011fi \u00e7emberleri s\u00fcrekli esneten, muzip ve dinamik bir romantik drama d\u00f6n\u00fc\u015f\u00fcyor.\u00a0<strong><em>\u201cS\u00f6z Senettir\u201d,<\/em><\/strong>\u00a0ili\u015fkilere ve kimliklere dair pek \u00e7ok alg\u0131m\u0131z\u0131 sarsabilecek kat\u0131\u015f\u0131ks\u0131z bir enerjiyi dokusuna kat\u0131yor.<\/p>\n<h3><strong>Y\u0131ld\u0131zlar\u0131n Alt\u0131nda Beyazperdenin Keyfini M\u00fczikle \u00c7\u0131karmaya Devam Ediyoruz!<br \/>\n<\/strong><\/h3>\n<p><strong>K\u00fc\u00e7\u00fck\u00c7iftlik Film Kul\u00fcb\u00fc Sunar: Bah\u00e7e Sinemas\u0131<\/strong> kapsam\u0131nda film g\u00f6sterimlerinin yan\u0131 s\u0131ra film konseptine uygun DJ performans\u0131ndan mini konserlere kadar farkl\u0131 i\u00e7erikler de yer al\u0131yor. <strong>14 Eyl\u00fcl Sal\u0131<\/strong> ak\u015fam\u0131 sinemaseverler \u00e7imenlerde oturup m\u00fczi\u011fin keyfini \u00e7\u0131kartmaya T\u00fcrk DJ ve prod\u00fckt\u00f6r ikilisi Schnell Schnell ile ba\u015flayacak. Hem filmden \u00f6nce hem de filmden sonra DJ kabininde yer alacak olan Do\u011fu Civicik ve Ozan Korkmaz ikilisi, kolektif olarak aktif ve en \u00fcst d\u00fczeyde elektronik m\u00fczik yaratmaya \u00e7al\u0131\u015f\u0131rken 2016 y\u0131l\u0131nda m\u00fczikal kariyerlerini birle\u015ftirerek geleceklerini yeniden yazd\u0131lar ve Schnell Schnell do\u011fdu. Farkl\u0131 janralarda yapt\u0131klar\u0131 i\u015fbirlikleri, yerli ve yabanc\u0131 bir \u00e7ok \u00f6nemli sanat\u00e7\u0131 ile yer ald\u0131klar\u0131 sahneler ve d\u00fczenli olarak 2017 y\u0131l\u0131ndan beri Radio FG 93.8\u2019de yay\u0131nlad\u0131klar\u0131\u00a0 Schnell Schnell Radio Show ile seslerini duyuruyorlar. \u00dcrettikleri ve remix\u2019ledikleri par\u00e7alar, Vesvese Records (TR), Eskimo Recordings (BE) ve Ostra Discos (POR) gibi plak \u015firketleri arac\u0131l\u0131\u011f\u0131yla yay\u0131nland\u0131. 2020 y\u0131l\u0131nda kendi plak \u015firketleri SCHNLL\u2019yi kurdular ve ilk alb\u00fcmleri <em>\u201cThe Grit\u201d<\/em>i yay\u0131nlad\u0131lar.<\/p>\n<p>Kap\u0131 a\u00e7\u0131l\u0131\u015f saati <strong>18.30<\/strong>, film ba\u015flama saati ise <strong>21.00<\/strong> olan etkinliklerin biletleri online olarak <strong><a href=\"https:\/\/www.biletix.com\/etkinlik-grup\/273901900\/TURKIYE\/tr\">Biletix<\/a><\/strong>\u2019ten temin edilebiliyor.<\/p>\n<h3><strong>T\u00fcm Hijyen \u00d6nlemleri Al\u0131nd\u0131<\/strong><\/h3>\n<p>Pandeminin ba\u015f\u0131ndan itibaren ald\u0131\u011f\u0131 koronavir\u00fcs tedbirlerini hassasiyetle uygulamaya devam eden <strong>K\u00fc\u00e7\u00fck\u00c7iftlik Park<\/strong>, sinema tutkunlar\u0131n\u0131 pandemi \u015fartlar\u0131na uygun olarak s\u0131n\u0131rl\u0131 say\u0131da kapasiteyle a\u011f\u0131rl\u0131yor. Online biletleme sisteminin kullan\u0131ld\u0131\u011f\u0131 ve HES kodu zorunlulu\u011funun oldu\u011fu etkinliklerde misafirlerin ate\u015f \u00f6l\u00e7\u00fcm\u00fc sa\u011fl\u0131k g\u00f6revlileri taraf\u0131ndan yap\u0131l\u0131rken, ortak alanlar\u0131n hijyeni en \u00fcst d\u00fczeyde sa\u011flan\u0131yor. Misafirler <strong>K\u00fc\u00e7\u00fck\u00c7iftlik Park<\/strong>\u2019a <strong>06 Eyl\u00fcl 2021<\/strong> itibar\u0131yla hayata ge\u00e7en y\u00f6netmelik gere\u011fi <strong>PCR testi<\/strong> veya <strong>a\u015f\u0131 kart\u0131 ibraz\u0131yla<\/strong> giri\u015f yap\u0131labilecek.<\/p>","protected":false},"excerpt":{"rendered":"<p>Sorry, this entry is only available in Turkish. For the sake of viewer convenience, the content is shown below in the alternative language. You may click the link to switch the active language. K\u00fc\u00e7\u00fck\u00c7iftlik Park, her hafta Sal\u0131 ak\u015fam\u0131 p\u00fcf\u00fcr p\u00fcf\u00fcr bah\u00e7e ortam\u0131nda sineman\u0131n en be\u011fenilen filmleriyle sinemaseverleri bulu\u015fturmaya devam ediyor. URU organizasyonu ve T\u00fcrk [&hellip;]<\/p>\n","protected":false},"author":1,"featured_media":141784,"comment_status":"open","ping_status":"open","sticky":false,"template":"","format":"standard","meta":[],"categories":[53,4],"tags":[96229,96231,96230,96228,96232,96227],"views":180,"_links":{"self":[{"href":"https:\/\/www.enerjigazetesi.ist\/en\/wp-json\/wp\/v2\/posts\/141781"}],"collection":[{"href":"https:\/\/www.enerjigazetesi.ist\/en\/wp-json\/wp\/v2\/posts"}],"about":[{"href":"https:\/\/www.enerjigazetesi.ist\/en\/wp-json\/wp\/v2\/types\/post"}],"author":[{"embeddable":true,"href":"https:\/\/www.enerjigazetesi.ist\/en\/wp-json\/wp\/v2\/users\/1"}],"replies":[{"embeddable":true,"href":"https:\/\/www.enerjigazetesi.ist\/en\/wp-json\/wp\/v2\/comments?post=141781"}],"version-history":[{"count":0,"href":"https:\/\/www.enerjigazetesi.ist\/en\/wp-json\/wp\/v2\/posts\/141781\/revisions"}],"wp:featuredmedia":[{"embeddable":true,"href":"https:\/\/www.enerjigazetesi.ist\/en\/wp-json\/wp\/v2\/media\/141784"}],"wp:attachment":[{"href":"https:\/\/www.enerjigazetesi.ist\/en\/wp-json\/wp\/v2\/media?parent=141781"}],"wp:term":[{"taxonomy":"category","embeddable":true,"href":"https:\/\/www.enerjigazetesi.ist\/en\/wp-json\/wp\/v2\/categories?post=141781"},{"taxonomy":"post_tag","embeddable":true,"href":"https:\/\/www.enerjigazetesi.ist\/en\/wp-json\/wp\/v2\/tags?post=141781"}],"curies":[{"name":"wp","href":"https:\/\/api.w.org\/{rel}","templated":true}]}}