{"id":141712,"date":"2021-09-07T17:38:50","date_gmt":"2021-09-07T14:38:50","guid":{"rendered":"https:\/\/www.enerjigazetesi.ist\/?p=141712"},"modified":"2021-09-07T17:38:50","modified_gmt":"2021-09-07T14:38:50","slug":"cevdetiyedeki-ges-9-000-konutun-tuketimine-denk-enerji-uretiyor","status":"publish","type":"post","link":"https:\/\/www.enerjigazetesi.ist\/en\/cevdetiyedeki-ges-9-000-konutun-tuketimine-denk-enerji-uretiyor\/","title":{"rendered":"(Turkish) Cevdetiye&#8217;deki GES 9.000 Konutun T\u00fcketimine Denk Enerji \u00dcretiyor"},"content":{"rendered":"<p class=\"qtranxs-available-languages-message qtranxs-available-languages-message-en\">Sorry, this entry is only available in <a href=\"https:\/\/www.enerjigazetesi.ist\/tr\/wp-json\/wp\/v2\/posts\/141712\" class=\"qtranxs-available-language-link qtranxs-available-language-link-tr\" title=\"Turkish\">Turkish<\/a>. For the sake of viewer convenience, the content is shown below in the alternative language. You may click the link to switch the active language.<\/p><p><\/p>\n<h2><strong>Osmaniye Cevdetiye&#8217;de 1 y\u0131l \u00f6nce devreye al\u0131nan 3.640 fotovoltaik panelden meydana gelen g\u00fcne\u015f santrali ile yakla\u015f\u0131k 9.000 konutun g\u00fcnl\u00fck enerji ihtiyac\u0131na denk<img loading=\"lazy\" class=\"alignright wp-image-141715\" src=\"https:\/\/www.enerjigazetesi.ist\/wp-content\/uploads\/2021\/09\/cevdetiyedeki-ges-9-000-konutun-tuketimine-denk-enerji-uretiyor.jpg\" alt=\"\" width=\"320\" height=\"214\" srcset=\"https:\/\/www.enerjigazetesi.ist\/wp-content\/uploads\/2021\/09\/cevdetiyedeki-ges-9-000-konutun-tuketimine-denk-enerji-uretiyor.jpg 550w, https:\/\/www.enerjigazetesi.ist\/wp-content\/uploads\/2021\/09\/cevdetiyedeki-ges-9-000-konutun-tuketimine-denk-enerji-uretiyor-300x200.jpg 300w, https:\/\/www.enerjigazetesi.ist\/wp-content\/uploads\/2021\/09\/cevdetiyedeki-ges-9-000-konutun-tuketimine-denk-enerji-uretiyor-500x334.jpg 500w, https:\/\/www.enerjigazetesi.ist\/wp-content\/uploads\/2021\/09\/cevdetiyedeki-ges-9-000-konutun-tuketimine-denk-enerji-uretiyor-75x50.jpg 75w, https:\/\/www.enerjigazetesi.ist\/wp-content\/uploads\/2021\/09\/cevdetiyedeki-ges-9-000-konutun-tuketimine-denk-enerji-uretiyor-450x300.jpg 450w\" sizes=\"(max-width: 320px) 100vw, 320px\" \/> \u00fcretim yap\u0131l\u0131yor.<\/strong><\/h2>\n<p><strong>\u0130l \u00d6zel \u0130daresi<\/strong>&#8216;nce\u00a0<strong>20.000 m2<\/strong> alanda yer alan <strong>g\u00fcne\u015f enerji santrali enerji sat\u0131\u015f\u0131ndan<\/strong> elde edilen yakla\u015f\u0131k <strong>200 bin liral\u0131k<\/strong> ayl\u0131k kazan\u00e7, \u0130l \u00d6zel \u0130daresi&#8217;nin kasas\u0131ndan kentteki di\u011fer<strong> kalk\u0131nma projeleri<\/strong> ve yat\u0131r\u0131mlar i\u00e7in kullan\u0131l\u0131yor.<\/p>\n<p>Osmaniye Valisi <strong>Erdin\u00e7 Y\u0131lmaz<\/strong> yapt\u0131\u011f\u0131 a\u00e7\u0131klamada, <em>\u201cOsmaniye&#8217;mize yak\u0131\u015facak ve <strong>enerji \u00fcretim<\/strong> <strong>kapasitemizi art\u0131racak<\/strong> bir projeyi hayata ge\u00e7irdik. \u0130limizin enerji ihtiyac\u0131na \u00f6nemli bir katk\u0131 sa\u011fl\u0131yoruz. Bu projeyle hem kentimizin enerji ihtiyac\u0131n\u0131n \u00f6nemli bir k\u0131sm\u0131n\u0131 kar\u015f\u0131layaca\u011f\u0131z hem de elde edilen<strong> maddi de\u011ferle<\/strong> kentimize yara\u015f\u0131r projeleri tek tek hayata ge\u00e7irece\u011fiz.\u201d<\/em> ifadelerini kulland\u0131.<\/p>","protected":false},"excerpt":{"rendered":"<p>Sorry, this entry is only available in Turkish. For the sake of viewer convenience, the content is shown below in the alternative language. You may click the link to switch the active language. Osmaniye Cevdetiye&#8217;de 1 y\u0131l \u00f6nce devreye al\u0131nan 3.640 fotovoltaik panelden meydana gelen g\u00fcne\u015f santrali ile yakla\u015f\u0131k 9.000 konutun g\u00fcnl\u00fck enerji ihtiyac\u0131na denk [&hellip;]<\/p>\n","protected":false},"author":1,"featured_media":141715,"comment_status":"open","ping_status":"open","sticky":false,"template":"","format":"standard","meta":[],"categories":[51,53,49],"tags":[96166,5070,23416,36334,4190,84469],"views":206,"_links":{"self":[{"href":"https:\/\/www.enerjigazetesi.ist\/en\/wp-json\/wp\/v2\/posts\/141712"}],"collection":[{"href":"https:\/\/www.enerjigazetesi.ist\/en\/wp-json\/wp\/v2\/posts"}],"about":[{"href":"https:\/\/www.enerjigazetesi.ist\/en\/wp-json\/wp\/v2\/types\/post"}],"author":[{"embeddable":true,"href":"https:\/\/www.enerjigazetesi.ist\/en\/wp-json\/wp\/v2\/users\/1"}],"replies":[{"embeddable":true,"href":"https:\/\/www.enerjigazetesi.ist\/en\/wp-json\/wp\/v2\/comments?post=141712"}],"version-history":[{"count":0,"href":"https:\/\/www.enerjigazetesi.ist\/en\/wp-json\/wp\/v2\/posts\/141712\/revisions"}],"wp:featuredmedia":[{"embeddable":true,"href":"https:\/\/www.enerjigazetesi.ist\/en\/wp-json\/wp\/v2\/media\/141715"}],"wp:attachment":[{"href":"https:\/\/www.enerjigazetesi.ist\/en\/wp-json\/wp\/v2\/media?parent=141712"}],"wp:term":[{"taxonomy":"category","embeddable":true,"href":"https:\/\/www.enerjigazetesi.ist\/en\/wp-json\/wp\/v2\/categories?post=141712"},{"taxonomy":"post_tag","embeddable":true,"href":"https:\/\/www.enerjigazetesi.ist\/en\/wp-json\/wp\/v2\/tags?post=141712"}],"curies":[{"name":"wp","href":"https:\/\/api.w.org\/{rel}","templated":true}]}}