{"id":141663,"date":"2021-09-07T13:39:35","date_gmt":"2021-09-07T10:39:35","guid":{"rendered":"https:\/\/www.enerjigazetesi.ist\/?p=141663"},"modified":"2021-09-07T14:25:59","modified_gmt":"2021-09-07T11:25:59","slug":"artweeksakaretler-sanatsever-ve-koleksiyonerleri-eserlerle-bulusturuyor","status":"publish","type":"post","link":"https:\/\/www.enerjigazetesi.ist\/en\/artweeksakaretler-sanatsever-ve-koleksiyonerleri-eserlerle-bulusturuyor\/","title":{"rendered":"(Turkish) &#8217;Artweeks@Akaretler&#8217;de Tan\u0131nm\u0131\u015f Yerli ve Yabanc\u0131 Eserler Sergilenecek"},"content":{"rendered":"<p class=\"qtranxs-available-languages-message qtranxs-available-languages-message-en\">Sorry, this entry is only available in <a href=\"https:\/\/www.enerjigazetesi.ist\/tr\/wp-json\/wp\/v2\/posts\/141663\" class=\"qtranxs-available-language-link qtranxs-available-language-link-tr\" title=\"Turkish\">Turkish<\/a>. For the sake of viewer convenience, the content is shown below in the alternative language. You may click the link to switch the active language.<\/p><p><\/p>\n<h2><strong>Artweeks@Akaretler, sanatseverleri ve koleksiyonerleri, tan\u0131nm\u0131\u015f yerli ve yabanc\u0131 sanat\u00e7\u0131lar\u0131n eserleriyle bir araya getirmek i\u00e7in, 5. Edisyonuna kap\u0131lar\u0131n\u0131 a\u00e7maya haz\u0131rlan\u0131yor.<\/strong><\/h2>\n<p><strong>D\u00fcnyan\u0131n en b\u00fcy\u00fck servet y\u00f6neticisi<\/strong> UBS ana sponsorlu\u011funda, <strong>Bilgili Holding<\/strong> ve <strong>Sabiha Kurtulmu\u015f<\/strong> organizasyonuyla d\u00fczenlenen Artweeks@Akaretler, <strong>08 Eyl\u00fcl 2021 \u00c7ar\u015famba<\/strong> g\u00fcn\u00fc kap\u0131lar\u0131n\u0131 a\u00e7acak.<\/p>\n<p><img loading=\"lazy\" class=\"alignright wp-image-141666\" src=\"https:\/\/www.enerjigazetesi.ist\/wp-content\/uploads\/2021\/09\/artweeksakaretler-sanatsever-ve-koleksiyonerleri-eserlerle-bulusturuyor-2.jpg\" alt=\"\" width=\"320\" height=\"211\" srcset=\"https:\/\/www.enerjigazetesi.ist\/wp-content\/uploads\/2021\/09\/artweeksakaretler-sanatsever-ve-koleksiyonerleri-eserlerle-bulusturuyor-2.jpg 550w, https:\/\/www.enerjigazetesi.ist\/wp-content\/uploads\/2021\/09\/artweeksakaretler-sanatsever-ve-koleksiyonerleri-eserlerle-bulusturuyor-2-300x198.jpg 300w, https:\/\/www.enerjigazetesi.ist\/wp-content\/uploads\/2021\/09\/artweeksakaretler-sanatsever-ve-koleksiyonerleri-eserlerle-bulusturuyor-2-500x330.jpg 500w, https:\/\/www.enerjigazetesi.ist\/wp-content\/uploads\/2021\/09\/artweeksakaretler-sanatsever-ve-koleksiyonerleri-eserlerle-bulusturuyor-2-76x50.jpg 76w\" sizes=\"(max-width: 320px) 100vw, 320px\" \/>Artweeks, <em>tarihi, otantik ve kendine has dokusuyla<\/em><strong> Akaretler S\u0131raevler\u2019in<\/strong> ruhunu her daim yans\u0131tm\u0131\u015ft\u0131r. \u015eimdi ise, <strong>19 Eyl\u00fcl\u2019e<\/strong> kadar \u00e7a\u011fda\u015f <strong>sanat\u0131n e\u015fsiz \u00e7e\u015fitlili\u011fini sanatseverlere<\/strong> sunacak.<\/p>\n<p><strong>Farkl\u0131 disiplinlerden sanat\u00e7\u0131lar\u0131<\/strong> ve k\u0131ymetli eserlerini merkezi bir lokasyonda sanatseverlerle bir araya getiren organizasyon, <strong>Akaretler S\u0131raevler<\/strong>\u2019in<strong> A11, A19, A25-27, A35, A37-39, A55<\/strong> numaral\u0131 binalar\u0131nda \u00fccretsiz ger\u00e7ekle\u015fecek.<\/p>\n<p>Artweeks@Akaretler\u2019de; <strong>A11<\/strong>\u2019de<strong> Zilberman Gallery<\/strong>, A19\u2019da AICA T\u00fcrkiye Ba\u015fkan\u0131 <strong>Sinan Eren Erk<\/strong> k\u00fcrat\u00f6rl\u00fc\u011f\u00fcnde <strong>Yildiz Holding \u00c7a\u011fda\u015f Sanat Koleksiyonu<\/strong>\u2019ndan bir kesit, A25-27\u2019de <strong>Sanatorium,<\/strong> <strong>Mine Sanat, Empire Project, Martch Art Project, artSumer,<\/strong> X-ist, A35\u2019de Vision Art Platform, A37-39\u2019da <strong>Pi Artworks, Merkur, Pilevneli, Ferda Art Platform, Mixer<\/strong>, F2 <strong>Anim House &#8211; Galeri Nev Istanbul<\/strong>, A55\u2019de<strong> \u015eerife Ercant\u00fcrk Bilgili, \u0130dil \u0130lkin, Sanatatak, Krank Art Gallery<\/strong> ve <strong>BB Project<\/strong> yer alacak.<\/p>","protected":false},"excerpt":{"rendered":"<p>Sorry, this entry is only available in Turkish. For the sake of viewer convenience, the content is shown below in the alternative language. You may click the link to switch the active language. Artweeks@Akaretler, sanatseverleri ve koleksiyonerleri, tan\u0131nm\u0131\u015f yerli ve yabanc\u0131 sanat\u00e7\u0131lar\u0131n eserleriyle bir araya getirmek i\u00e7in, 5. Edisyonuna kap\u0131lar\u0131n\u0131 a\u00e7maya haz\u0131rlan\u0131yor. D\u00fcnyan\u0131n en b\u00fcy\u00fck [&hellip;]<\/p>\n","protected":false},"author":1,"featured_media":141667,"comment_status":"open","ping_status":"open","sticky":false,"template":"","format":"standard","meta":[],"categories":[53,4],"tags":[96131,96132,96133,68688,90892,96130],"views":161,"_links":{"self":[{"href":"https:\/\/www.enerjigazetesi.ist\/en\/wp-json\/wp\/v2\/posts\/141663"}],"collection":[{"href":"https:\/\/www.enerjigazetesi.ist\/en\/wp-json\/wp\/v2\/posts"}],"about":[{"href":"https:\/\/www.enerjigazetesi.ist\/en\/wp-json\/wp\/v2\/types\/post"}],"author":[{"embeddable":true,"href":"https:\/\/www.enerjigazetesi.ist\/en\/wp-json\/wp\/v2\/users\/1"}],"replies":[{"embeddable":true,"href":"https:\/\/www.enerjigazetesi.ist\/en\/wp-json\/wp\/v2\/comments?post=141663"}],"version-history":[{"count":0,"href":"https:\/\/www.enerjigazetesi.ist\/en\/wp-json\/wp\/v2\/posts\/141663\/revisions"}],"wp:featuredmedia":[{"embeddable":true,"href":"https:\/\/www.enerjigazetesi.ist\/en\/wp-json\/wp\/v2\/media\/141667"}],"wp:attachment":[{"href":"https:\/\/www.enerjigazetesi.ist\/en\/wp-json\/wp\/v2\/media?parent=141663"}],"wp:term":[{"taxonomy":"category","embeddable":true,"href":"https:\/\/www.enerjigazetesi.ist\/en\/wp-json\/wp\/v2\/categories?post=141663"},{"taxonomy":"post_tag","embeddable":true,"href":"https:\/\/www.enerjigazetesi.ist\/en\/wp-json\/wp\/v2\/tags?post=141663"}],"curies":[{"name":"wp","href":"https:\/\/api.w.org\/{rel}","templated":true}]}}