{"id":141587,"date":"2021-09-05T22:35:31","date_gmt":"2021-09-05T19:35:31","guid":{"rendered":"https:\/\/www.enerjigazetesi.ist\/?p=141587"},"modified":"2021-09-05T22:35:56","modified_gmt":"2021-09-05T19:35:56","slug":"balkon-duvarindan-inovatif-dusuncelere-gunes-paneli-balkon","status":"publish","type":"post","link":"https:\/\/www.enerjigazetesi.ist\/en\/balkon-duvarindan-inovatif-dusuncelere-gunes-paneli-balkon\/","title":{"rendered":"(Turkish) Balkon Duvar\u0131ndan \u0130novatif D\u00fc\u015f\u00fcncelere: G\u00fcne\u015f Paneli Balkon"},"content":{"rendered":"<p class=\"qtranxs-available-languages-message qtranxs-available-languages-message-en\">Sorry, this entry is only available in <a href=\"https:\/\/www.enerjigazetesi.ist\/tr\/wp-json\/wp\/v2\/posts\/141587\" class=\"qtranxs-available-language-link qtranxs-available-language-link-tr\" title=\"Turkish\">Turkish<\/a>. For the sake of viewer convenience, the content is shown below in the alternative language. You may click the link to switch the active language.<\/p><p><\/p>\n<h2>G\u00fcne\u015f Enerjisi Sekt\u00f6r\u00fc&#8217;nde 2013&#8217;ten bu g\u00fcne teknik konularda hizmet vermekte olan Kerem \u00c7illi bir yenili\u011fe daha imzas\u0131n\u0131 att\u0131. Hedefleri aras\u0131nda olan G\u00fcne\u015f enerjisini daha geni\u015f kitlelere yaymak i\u00e7in uygulamal\u0131 olarak ilerleyip balkonlarda daha basit ve uygulamas\u0131 kolay bir sistem geli\u015ftirdi.<\/h2>\n<p>Balkonun duvarlar\u0131n\u0131 k\u0131rarak korkuluk \u015feklinde elektrik \u00fcretmeyi sa\u011flayan ve ayn\u0131 zamanda g\u00fcvenlik a\u00e7\u0131s\u0131ndan sa\u011flam bir sistemi hayata ge\u00e7irdi. G\u00fcne\u015f enerjisinin kullan\u0131m\u0131n\u0131 ve verimlili\u011fini balkon <img loading=\"lazy\" class=\"alignright wp-image-141589\" src=\"https:\/\/www.enerjigazetesi.ist\/wp-content\/uploads\/2021\/09\/balkon-duvarindan-inovatif-dusuncelere-gunes-paneli-balkon-2.jpg\" alt=\"\" width=\"320\" height=\"203\" srcset=\"https:\/\/www.enerjigazetesi.ist\/wp-content\/uploads\/2021\/09\/balkon-duvarindan-inovatif-dusuncelere-gunes-paneli-balkon-2.jpg 562w, https:\/\/www.enerjigazetesi.ist\/wp-content\/uploads\/2021\/09\/balkon-duvarindan-inovatif-dusuncelere-gunes-paneli-balkon-2-300x191.jpg 300w, https:\/\/www.enerjigazetesi.ist\/wp-content\/uploads\/2021\/09\/balkon-duvarindan-inovatif-dusuncelere-gunes-paneli-balkon-2-500x318.jpg 500w, https:\/\/www.enerjigazetesi.ist\/wp-content\/uploads\/2021\/09\/balkon-duvarindan-inovatif-dusuncelere-gunes-paneli-balkon-2-80x50.jpg 80w\" sizes=\"(max-width: 320px) 100vw, 320px\" \/>duvarlar\u0131nda ya\u015fatan Kerem \u00c7\u0130LL\u0130 fark\u0131ndal\u0131k yaratmak amac\u0131yla \u00e7\u0131kt\u0131\u011f\u0131 bu yolda ba\u015far\u0131y\u0131 sa\u011flad\u0131. Yeni yap\u0131lacak ya da hali haz\u0131rda yer alan <strong>konut<\/strong> veya <strong>i\u015f yerlerinin balkon k\u0131s\u0131mlar\u0131nda<\/strong> kullan\u0131labilecek bu sistem, kullan\u0131m alan\u0131ndan tasarruf ederek elektrik \u00fcretmesiyle birlikte <strong>inovatif d\u00fc\u015f\u00fcnceleri<\/strong> sekt\u00f6re ta\u015f\u0131m\u0131\u015f oldu. Bi\u00e7imlendirilen bu sistem fikri sayesinde \u00fcretilen elektrik enerjisini <strong>mikro invert\u00f6r<\/strong> ile yap\u0131n\u0131n her bir noktas\u0131nda kullanmak m\u00fcmk\u00fcnd\u00fcr.<\/p>\n<p>Yap\u0131m a\u015famas\u0131n\u0131 video ile kay\u0131t alt\u0131na alan Kerem \u00c7\u0130LL\u0130\u2019nin \u00e7evreci d\u00fc\u015f\u00fcncesi<strong> g\u00fcne\u015f enerjisi<\/strong> ile ilgilenen herkese bir \u0131\u015f\u0131k oldu.<\/p>\n<p style=\"text-align: center;\"><iframe loading=\"lazy\" title=\"YouTube video player\" src=\"https:\/\/www.youtube.com\/embed\/PzxAllJiKBE\" width=\"560\" height=\"315\" frameborder=\"0\" allowfullscreen=\"allowfullscreen\"><\/iframe><\/p>\n<h3><strong>Balkonda zahmetsiz ve bedava elektrik \u00fcretmek<\/strong><\/h3>\n<p>Projesinde 2 adet<strong> GTC<\/strong> marka <strong>310Wp<\/strong> <em>\u00e7ift y\u00fczl\u00fc (bifacial)<\/em> g\u00fcne\u015f paneli kullanan Kerem \u00c7\u0130LL\u0130, g\u00fcne\u015f panellerinin <strong>\u00e7ift y\u00fczl\u00fc olmas\u0131n\u0131n<\/strong> ayr\u0131 bir avantaj oldu\u011funun alt\u0131n\u0131 \u00e7izmekte olup yans\u0131yan \u0131\u015f\u0131n\u0131m ile de \u00fcretime katk\u0131 sunmaktad\u0131r.<\/p>\n<p>Projeleriyle her zaman farkl\u0131l\u0131k yakalay\u0131p g\u00fcne\u015f enerjisi i\u00e7in kullan\u0131m alanlar\u0131ndaki fark\u0131ndal\u0131\u011f\u0131 artt\u0131rmay\u0131 ama\u00e7 haline getiren Kerem \u00c7\u0130LL\u0130,<em> mimarlar, m\u00fchendisler, m\u00fcteahhitler, yat\u0131r\u0131mc\u0131lar<\/em> konuyla ilgili olan herkesin, <strong>farkl\u0131 tasar\u0131mlar yap\u0131labilece\u011fini<\/strong> ve bunun \u00e7ok m\u00fcmk\u00fcn oldu\u011funu savunmaktad\u0131r.<\/p>\n<p>Didem KILI\u00c7 \/ Enerji Sistemleri M\u00fchendisi \u2013\u00a0<a href=\"mailto:didem.kilic@enerjigazetesi.ist\" target=\"_blank\" rel=\"noopener\">didem.kilic@enerjigazetesi.ist<\/a><\/p>","protected":false},"excerpt":{"rendered":"<p>Sorry, this entry is only available in Turkish. For the sake of viewer convenience, the content is shown below in the alternative language. You may click the link to switch the active language. G\u00fcne\u015f Enerjisi Sekt\u00f6r\u00fc&#8217;nde 2013&#8217;ten bu g\u00fcne teknik konularda hizmet vermekte olan Kerem \u00c7illi bir yenili\u011fe daha imzas\u0131n\u0131 att\u0131. Hedefleri aras\u0131nda olan G\u00fcne\u015f [&hellip;]<\/p>\n","protected":false},"author":1,"featured_media":141590,"comment_status":"open","ping_status":"open","sticky":false,"template":"","format":"standard","meta":[],"categories":[53,49],"tags":[96084,23311,23416,44919],"views":395,"_links":{"self":[{"href":"https:\/\/www.enerjigazetesi.ist\/en\/wp-json\/wp\/v2\/posts\/141587"}],"collection":[{"href":"https:\/\/www.enerjigazetesi.ist\/en\/wp-json\/wp\/v2\/posts"}],"about":[{"href":"https:\/\/www.enerjigazetesi.ist\/en\/wp-json\/wp\/v2\/types\/post"}],"author":[{"embeddable":true,"href":"https:\/\/www.enerjigazetesi.ist\/en\/wp-json\/wp\/v2\/users\/1"}],"replies":[{"embeddable":true,"href":"https:\/\/www.enerjigazetesi.ist\/en\/wp-json\/wp\/v2\/comments?post=141587"}],"version-history":[{"count":0,"href":"https:\/\/www.enerjigazetesi.ist\/en\/wp-json\/wp\/v2\/posts\/141587\/revisions"}],"wp:featuredmedia":[{"embeddable":true,"href":"https:\/\/www.enerjigazetesi.ist\/en\/wp-json\/wp\/v2\/media\/141590"}],"wp:attachment":[{"href":"https:\/\/www.enerjigazetesi.ist\/en\/wp-json\/wp\/v2\/media?parent=141587"}],"wp:term":[{"taxonomy":"category","embeddable":true,"href":"https:\/\/www.enerjigazetesi.ist\/en\/wp-json\/wp\/v2\/categories?post=141587"},{"taxonomy":"post_tag","embeddable":true,"href":"https:\/\/www.enerjigazetesi.ist\/en\/wp-json\/wp\/v2\/tags?post=141587"}],"curies":[{"name":"wp","href":"https:\/\/api.w.org\/{rel}","templated":true}]}}