{"id":141568,"date":"2021-09-04T23:46:44","date_gmt":"2021-09-04T20:46:44","guid":{"rendered":"https:\/\/www.enerjigazetesi.ist\/?p=141568"},"modified":"2021-09-04T23:47:29","modified_gmt":"2021-09-04T20:47:29","slug":"sedas-calisan-bagliligi-calistayi-duzenledi","status":"publish","type":"post","link":"https:\/\/www.enerjigazetesi.ist\/en\/sedas-calisan-bagliligi-calistayi-duzenledi\/","title":{"rendered":"(Turkish) &#8217;SEDA\u015e&#8217; \u00c7al\u0131\u015fan Ba\u011fl\u0131l\u0131\u011f\u0131 \u00c7al\u0131\u015ftay\u0131 D\u00fczenledi"},"content":{"rendered":"<p class=\"qtranxs-available-languages-message qtranxs-available-languages-message-en\">Sorry, this entry is only available in <a href=\"https:\/\/www.enerjigazetesi.ist\/tr\/wp-json\/wp\/v2\/posts\/141568\" class=\"qtranxs-available-language-link qtranxs-available-language-link-tr\" title=\"Turkish\">Turkish<\/a>. For the sake of viewer convenience, the content is shown below in the alternative language. You may click the link to switch the active language.<\/p><p><\/p>\n<h2>\u00c7al\u0131\u015fan deneyimi ve memnuniyetini oda\u011f\u0131na alan, en b\u00fcy\u00fck yat\u0131r\u0131m\u0131n insana yap\u0131lan yat\u0131r\u0131m oldu\u011fu bilinci ile hareket eden SEDA\u015e taraf\u0131ndan \u00c7al\u0131\u015fan Ba\u011fl\u0131l\u0131\u011f\u0131 \u00c7al\u0131\u015ftay\u0131 d\u00fczenlendi.<\/h2>\n<p><strong><img loading=\"lazy\" class=\"alignright wp-image-141571\" src=\"https:\/\/www.enerjigazetesi.ist\/wp-content\/uploads\/2021\/09\/sedas-calisan-bagliligi-calistayi-duzenledi-2.jpg\" alt=\"\" width=\"320\" height=\"235\" srcset=\"https:\/\/www.enerjigazetesi.ist\/wp-content\/uploads\/2021\/09\/sedas-calisan-bagliligi-calistayi-duzenledi-2.jpg 474w, https:\/\/www.enerjigazetesi.ist\/wp-content\/uploads\/2021\/09\/sedas-calisan-bagliligi-calistayi-duzenledi-2-300x220.jpg 300w, https:\/\/www.enerjigazetesi.ist\/wp-content\/uploads\/2021\/09\/sedas-calisan-bagliligi-calistayi-duzenledi-2-68x50.jpg 68w\" sizes=\"(max-width: 320px) 100vw, 320px\" \/>Sakarya, Kocaeli, Bolu, D\u00fczce<\/strong> ve<strong> Gebze b\u00f6lgelerinden<\/strong> farkl\u0131 pozisyonlarda<strong> 50 kat\u0131l\u0131mc\u0131n\u0131n<\/strong> yer ald\u0131\u011f\u0131 \u00e7al\u0131\u015ftayda, ge\u00e7mi\u015f d\u00f6nem <strong>\u00e7al\u0131\u015fan ba\u011fl\u0131l\u0131\u011f\u0131<\/strong> aksiyon ger\u00e7ekle\u015fmeleri ve<strong> 2020 y\u0131l\u0131 anket sonu\u00e7lar\u0131<\/strong> de\u011ferlendirildi. S<em>EDA\u015e \u0130nsan Kaynaklar\u0131 ve Kurumsal Yetkinlikler Direkt\u00f6rl\u00fc\u011f\u00fc y\u00f6neticilerinin<\/em> kat\u0131l\u0131m sa\u011flad\u0131\u011f\u0131 \u00e7al\u0131\u015ftayda, <strong>anket ara\u015ft\u0131rmas\u0131<\/strong>nda yer alan 5 ana ba\u015fl\u0131kta belirlenmi\u015f olan sonu\u00e7lar\u00a0kat\u0131l\u0131mc\u0131larla payla\u015f\u0131ld\u0131 ve kat\u0131l\u0131mc\u0131lar\u0131n samimi g\u00f6r\u00fc\u015fleri al\u0131nd\u0131.<\/p>\n<p><strong>\u015eeffafl\u0131k<\/strong> ekseninde \u00e7e\u015fitli etkinliklerle devam eden \u00e7al\u0131\u015ftayda daha iyi bir \u00e7al\u0131\u015fma ortam\u0131 olu\u015fturabilmek i\u00e7in <strong>beyin f\u0131rt\u0131nas\u0131<\/strong> yap\u0131larak <strong>konu bazl\u0131 aksiyon planlar\u0131<\/strong>n\u0131 haz\u0131rland\u0131,<strong> grup sunumlar\u0131<\/strong> olu\u015fturuldu. <strong>\u00c7al\u0131\u015fan ba\u011fl\u0131l\u0131\u011f\u0131<\/strong> konusunda etkinlikler yap\u0131lmaya devam edilece\u011fi ve projelerin ger\u00e7ekle\u015fme bilgilendirmelerinin de \u015feffaf bir platformda <strong>t\u00fcm \u00e7al\u0131\u015fanlarla payla\u015f\u0131laca\u011f\u0131<\/strong> aktar\u0131ld\u0131.<\/p>","protected":false},"excerpt":{"rendered":"<p>Sorry, this entry is only available in Turkish. For the sake of viewer convenience, the content is shown below in the alternative language. You may click the link to switch the active language. \u00c7al\u0131\u015fan deneyimi ve memnuniyetini oda\u011f\u0131na alan, en b\u00fcy\u00fck yat\u0131r\u0131m\u0131n insana yap\u0131lan yat\u0131r\u0131m oldu\u011fu bilinci ile hareket eden SEDA\u015e taraf\u0131ndan \u00c7al\u0131\u015fan Ba\u011fl\u0131l\u0131\u011f\u0131 \u00c7al\u0131\u015ftay\u0131 [&hellip;]<\/p>\n","protected":false},"author":1,"featured_media":141570,"comment_status":"open","ping_status":"open","sticky":false,"template":"","format":"standard","meta":[],"categories":[51,53],"tags":[49865,96080,96079,26353,96082,64561,96081],"views":122,"_links":{"self":[{"href":"https:\/\/www.enerjigazetesi.ist\/en\/wp-json\/wp\/v2\/posts\/141568"}],"collection":[{"href":"https:\/\/www.enerjigazetesi.ist\/en\/wp-json\/wp\/v2\/posts"}],"about":[{"href":"https:\/\/www.enerjigazetesi.ist\/en\/wp-json\/wp\/v2\/types\/post"}],"author":[{"embeddable":true,"href":"https:\/\/www.enerjigazetesi.ist\/en\/wp-json\/wp\/v2\/users\/1"}],"replies":[{"embeddable":true,"href":"https:\/\/www.enerjigazetesi.ist\/en\/wp-json\/wp\/v2\/comments?post=141568"}],"version-history":[{"count":0,"href":"https:\/\/www.enerjigazetesi.ist\/en\/wp-json\/wp\/v2\/posts\/141568\/revisions"}],"wp:featuredmedia":[{"embeddable":true,"href":"https:\/\/www.enerjigazetesi.ist\/en\/wp-json\/wp\/v2\/media\/141570"}],"wp:attachment":[{"href":"https:\/\/www.enerjigazetesi.ist\/en\/wp-json\/wp\/v2\/media?parent=141568"}],"wp:term":[{"taxonomy":"category","embeddable":true,"href":"https:\/\/www.enerjigazetesi.ist\/en\/wp-json\/wp\/v2\/categories?post=141568"},{"taxonomy":"post_tag","embeddable":true,"href":"https:\/\/www.enerjigazetesi.ist\/en\/wp-json\/wp\/v2\/tags?post=141568"}],"curies":[{"name":"wp","href":"https:\/\/api.w.org\/{rel}","templated":true}]}}