{"id":141417,"date":"2021-09-02T12:04:55","date_gmt":"2021-09-02T09:04:55","guid":{"rendered":"https:\/\/www.enerjigazetesi.ist\/?p=141417"},"modified":"2021-09-02T12:11:56","modified_gmt":"2021-09-02T09:11:56","slug":"zaman-saatiyle-gereksiz-enerji-kullanimini-ortadan-kaldirmak-mumkun","status":"publish","type":"post","link":"https:\/\/www.enerjigazetesi.ist\/en\/zaman-saatiyle-gereksiz-enerji-kullanimini-ortadan-kaldirmak-mumkun\/","title":{"rendered":"(Turkish) Zaman Saatiyle Gereksiz Enerji Kullan\u0131m\u0131n\u0131 Ortadan Kald\u0131rmak M\u00fcmk\u00fcn"},"content":{"rendered":"<p class=\"qtranxs-available-languages-message qtranxs-available-languages-message-en\">Sorry, this entry is only available in <a href=\"https:\/\/www.enerjigazetesi.ist\/tr\/wp-json\/wp\/v2\/posts\/141417\" class=\"qtranxs-available-language-link qtranxs-available-language-link-tr\" title=\"Turkish\">Turkish<\/a>. For the sake of viewer convenience, the content is shown below in the alternative language. You may click the link to switch the active language.<\/p><p><\/p>\n<h1><strong>Son zamanlarda enerji maliyetlerinin artmas\u0131 ile enerji tasarrufuna y\u00f6nelik bir\u00e7ok uygulamada zaman saati kullan\u0131l\u0131yor. Zaman saatleri ayarlanan programa g\u00f6re bir sistemin veya bir cihaz\u0131n devreye girip \u00e7\u0131kmas\u0131n\u0131 sa\u011flayan kumanda elemanlar\u0131 olup bu \u00f6zellikleri sayesinde gereksiz enerji harcamalar\u0131na ortadan kald\u0131r\u0131yor. Bina, elektrik ve dijital altyap\u0131lar\u0131 i\u00e7in \u00fcr\u00fcn ve sistemler konusunda uzman marka Legrand, zaman saatleri ile enerji tasarrufuna deste\u011fini s\u00fcrd\u00fcr\u00fcyor.<\/strong><\/h1>\n<p><strong>Komple sistem \u00e7\u00f6z\u00fcmleri<\/strong> ile<strong> ticari<\/strong> ve <strong>end\u00fcstriyel yap\u0131lar<\/strong> i\u00e7in fonksiyonel \u00fcr\u00fcnler sunan<img loading=\"lazy\" class=\"alignright wp-image-141419\" src=\"https:\/\/www.enerjigazetesi.ist\/wp-content\/uploads\/2021\/09\/zaman-saatiyle-gereksiz-enerji-kullanimini-ortadan-kaldirmak-mumkun-1.jpg\" alt=\"\" width=\"320\" height=\"262\" srcset=\"https:\/\/www.enerjigazetesi.ist\/wp-content\/uploads\/2021\/09\/zaman-saatiyle-gereksiz-enerji-kullanimini-ortadan-kaldirmak-mumkun-1.jpg 550w, https:\/\/www.enerjigazetesi.ist\/wp-content\/uploads\/2021\/09\/zaman-saatiyle-gereksiz-enerji-kullanimini-ortadan-kaldirmak-mumkun-1-300x246.jpg 300w, https:\/\/www.enerjigazetesi.ist\/wp-content\/uploads\/2021\/09\/zaman-saatiyle-gereksiz-enerji-kullanimini-ortadan-kaldirmak-mumkun-1-488x400.jpg 488w, https:\/\/www.enerjigazetesi.ist\/wp-content\/uploads\/2021\/09\/zaman-saatiyle-gereksiz-enerji-kullanimini-ortadan-kaldirmak-mumkun-1-61x50.jpg 61w, https:\/\/www.enerjigazetesi.ist\/wp-content\/uploads\/2021\/09\/zaman-saatiyle-gereksiz-enerji-kullanimini-ortadan-kaldirmak-mumkun-1-500x410.jpg 500w\" sizes=\"(max-width: 320px) 100vw, 320px\" \/> Legrand\u2019\u0131n zaman saatleri, <strong>enerji tasarrufuna<\/strong> y\u00f6nelik bir\u00e7ok uygulamaya \u00e7\u00f6z\u00fcmler getiriyor. Legrand, <strong>100 saat rezervli<\/strong> otomat tipi analog zaman saatleri,<strong> standart dijital<\/strong> veya <strong>co\u011frafi konum<\/strong> ayarl\u0131 <strong>dijital zaman saatleri<\/strong> ile <strong>gereksiz enerji harcamalar\u0131n\u0131<\/strong> ortadan kald\u0131r\u0131yor.<\/p>\n<p>Legrand dijital zaman saatlerinin <strong>haftal\u0131k<\/strong> ve <strong>astronomik<\/strong> olarak programlanabilen tiplerinin yan\u0131nda y\u0131ll\u0131k olarak programlanabilen modelleri de \u00fcr\u00fcn gam\u0131nda yer al\u0131yor. Rezerv \u00f6zelli\u011fi sayesinde Legrand <strong>zaman saatlerinin, tarih<\/strong> ve <strong>saat ayar\u0131<\/strong>, herhangi bir<strong> enerji kesintisinden etkilenmiyor.<\/strong><\/p>\n<p>Manuel kontrol sunan <strong>Legrand<\/strong> analog zaman saati, <strong>230V AC gerilim<\/strong> ile \u00e7al\u0131\u015fan uygun \u00f6n y\u00fcz\u00fcndeki kumanda t\u0131rna\u011f\u0131 sayesinde de devreyi zaman saatinden <strong>ba\u011f\u0131ms\u0131z \u00e7al\u0131\u015ft\u0131rmay\u0131<\/strong> m\u00fcmk\u00fcn k\u0131l\u0131yor. Legrand\u2019\u0131n <strong>dijital zaman saatlerinde<\/strong> ise <strong>5 y\u0131l<\/strong> rezerv kapasitesi ve otomatik <strong>yaz \/ k\u0131\u015f saat ayar\u0131<\/strong> bulunuyor. T\u00fcrk\u00e7e men\u00fc ile kullan\u0131m kolayl\u0131\u011f\u0131 sunan <strong>dijital zaman saatlerinin<\/strong> ayarlanm\u0131\u015f programlar\u0131n\u0131n, ilave referans ile sat\u0131lan <strong>data anahtar\u0131 arac\u0131l\u0131\u011f\u0131yla<\/strong> ba\u015fka bir <strong>dijital zaman saatine<\/strong> aktar\u0131lmas\u0131 sa\u011flan\u0131yor.<\/p>","protected":false},"excerpt":{"rendered":"<p>Sorry, this entry is only available in Turkish. For the sake of viewer convenience, the content is shown below in the alternative language. You may click the link to switch the active language. Son zamanlarda enerji maliyetlerinin artmas\u0131 ile enerji tasarrufuna y\u00f6nelik bir\u00e7ok uygulamada zaman saati kullan\u0131l\u0131yor. Zaman saatleri ayarlanan programa g\u00f6re bir sistemin veya [&hellip;]<\/p>\n","protected":false},"author":1,"featured_media":141423,"comment_status":"open","ping_status":"open","sticky":false,"template":"","format":"standard","meta":[],"categories":[51,53],"tags":[96016,74816,49436,96015],"views":122,"_links":{"self":[{"href":"https:\/\/www.enerjigazetesi.ist\/en\/wp-json\/wp\/v2\/posts\/141417"}],"collection":[{"href":"https:\/\/www.enerjigazetesi.ist\/en\/wp-json\/wp\/v2\/posts"}],"about":[{"href":"https:\/\/www.enerjigazetesi.ist\/en\/wp-json\/wp\/v2\/types\/post"}],"author":[{"embeddable":true,"href":"https:\/\/www.enerjigazetesi.ist\/en\/wp-json\/wp\/v2\/users\/1"}],"replies":[{"embeddable":true,"href":"https:\/\/www.enerjigazetesi.ist\/en\/wp-json\/wp\/v2\/comments?post=141417"}],"version-history":[{"count":0,"href":"https:\/\/www.enerjigazetesi.ist\/en\/wp-json\/wp\/v2\/posts\/141417\/revisions"}],"wp:featuredmedia":[{"embeddable":true,"href":"https:\/\/www.enerjigazetesi.ist\/en\/wp-json\/wp\/v2\/media\/141423"}],"wp:attachment":[{"href":"https:\/\/www.enerjigazetesi.ist\/en\/wp-json\/wp\/v2\/media?parent=141417"}],"wp:term":[{"taxonomy":"category","embeddable":true,"href":"https:\/\/www.enerjigazetesi.ist\/en\/wp-json\/wp\/v2\/categories?post=141417"},{"taxonomy":"post_tag","embeddable":true,"href":"https:\/\/www.enerjigazetesi.ist\/en\/wp-json\/wp\/v2\/tags?post=141417"}],"curies":[{"name":"wp","href":"https:\/\/api.w.org\/{rel}","templated":true}]}}