{"id":141391,"date":"2021-09-01T14:11:29","date_gmt":"2021-09-01T11:11:29","guid":{"rendered":"https:\/\/www.enerjigazetesi.ist\/?p=141391"},"modified":"2021-09-01T14:11:29","modified_gmt":"2021-09-01T11:11:29","slug":"iklim-kriziyle-mucadelede-soylemden-eyleme-gecme-cagrisi","status":"publish","type":"post","link":"https:\/\/www.enerjigazetesi.ist\/en\/iklim-kriziyle-mucadelede-soylemden-eyleme-gecme-cagrisi\/","title":{"rendered":"(Turkish) \u0130klim Kriziyle M\u00fccadelede S\u00f6ylemden Eyleme Ge\u00e7me \u00c7a\u011fr\u0131s\u0131"},"content":{"rendered":"<p class=\"qtranxs-available-languages-message qtranxs-available-languages-message-en\">Sorry, this entry is only available in <a href=\"https:\/\/www.enerjigazetesi.ist\/tr\/wp-json\/wp\/v2\/posts\/141391\" class=\"qtranxs-available-language-link qtranxs-available-language-link-tr\" title=\"Turkish\">Turkish<\/a>. For the sake of viewer convenience, the content is shown below in the alternative language. You may click the link to switch the active language.<\/p><p><\/p>\n<h2><strong>T\u00dcRKONFED ve CIPE i\u015f birli\u011finde yerel kalk\u0131nma politikalar\u0131 kapsam\u0131nda \u00e7\u00f6z\u00fcm \u00f6nerileri geli\u015ftirilmesi ve fark\u0131ndal\u0131k yarat\u0131lmas\u0131 amac\u0131yla d\u00fczenlenen Yerel Kalk\u0131nma Webinar\u2019lar\u0131n\u0131n sonuncusu \u201c\u0130klim Krizi\u201d temas\u0131yla ger\u00e7ekle\u015fti. \u0130klim krizinin farkl\u0131 \u00e7er\u00e7evelerden ele al\u0131narak, s\u00f6ylemden eyleme ge\u00e7ilmesi i\u00e7in \u00e7a\u011fr\u0131da bulunan kat\u0131l\u0131mc\u0131lar, bunun i\u00e7in yap\u0131lmas\u0131 gerekenleri ve \u00f6ncelikli yol haritalar\u0131n\u0131 da aktard\u0131. <\/strong><\/h2>\n<p><strong>T\u00fcrk Giri\u015fim ve \u0130\u015f D\u00fcnyas\u0131 Konfederasyonu (T\u00dcRKONFED) <\/strong>ve ABD merkezli <strong>Center for International Private Enterprise (CIPE)<\/strong> taraf\u0131ndan <strong>\u201c\u0130\u015f D\u00fcnyas\u0131 i\u00e7in <img loading=\"lazy\" class=\"alignright wp-image-141393\" src=\"https:\/\/www.enerjigazetesi.ist\/wp-content\/uploads\/2021\/09\/iklim-kriziyle-mucadelede-soylemden-eyleme-gecme-cagrisi.png\" alt=\"\" width=\"320\" height=\"183\" srcset=\"https:\/\/www.enerjigazetesi.ist\/wp-content\/uploads\/2021\/09\/iklim-kriziyle-mucadelede-soylemden-eyleme-gecme-cagrisi.png 1039w, https:\/\/www.enerjigazetesi.ist\/wp-content\/uploads\/2021\/09\/iklim-kriziyle-mucadelede-soylemden-eyleme-gecme-cagrisi-300x171.png 300w, https:\/\/www.enerjigazetesi.ist\/wp-content\/uploads\/2021\/09\/iklim-kriziyle-mucadelede-soylemden-eyleme-gecme-cagrisi-768x438.png 768w, https:\/\/www.enerjigazetesi.ist\/wp-content\/uploads\/2021\/09\/iklim-kriziyle-mucadelede-soylemden-eyleme-gecme-cagrisi-1024x584.png 1024w, https:\/\/www.enerjigazetesi.ist\/wp-content\/uploads\/2021\/09\/iklim-kriziyle-mucadelede-soylemden-eyleme-gecme-cagrisi-500x285.png 500w, https:\/\/www.enerjigazetesi.ist\/wp-content\/uploads\/2021\/09\/iklim-kriziyle-mucadelede-soylemden-eyleme-gecme-cagrisi-80x46.png 80w\" sizes=\"(max-width: 320px) 100vw, 320px\" \/>Yerel Kalk\u0131nma Projesi\u201d<\/strong> kapsam\u0131nda d\u00fczenlenen <strong>\u201cYerel Kalk\u0131nma Webinar\u2019lar\u0131\u201d, \u201c\u0130klim Krizi\u201d <\/strong>temal\u0131 etkinlikle tamamland\u0131. <strong>Gazeteci Ilgaz G\u00fcrsoy<\/strong>\u2019un moderat\u00f6rl\u00fc\u011f\u00fcnde ger\u00e7ekle\u015fen etkinli\u011fin a\u00e7\u0131l\u0131\u015f konu\u015fmalar\u0131n\u0131 <strong>T\u00dcRKONFED Y\u00f6netim Kurulu Ba\u015fkan\u0131 Orhan Turan, T\u00dcS\u0130AD Y\u00f6netim Kurulu Ba\u015fkan\u0131 Simone Kaslowski <\/strong>ve <strong>UNDP T\u00fcrkiye Mukim Temsilcisi Louisa Vinton <\/strong>yapt\u0131. Webinar kapsam\u0131nda d\u00fczenlenen panele ise<strong> TEMA Vakf\u0131 Y\u00f6netim Kurulu Ba\u015fkan\u0131 Deniz Ata\u00e7, \u0130T\u00dc U\u00e7ak ve Uzay Bilimleri Fak\u00fcltesi Meteoroloji Y\u00fcksek M\u00fchendisi Prof. Dr. Orhan \u015een <\/strong>ve<strong> Enerji ve \u0130klim Uzman\u0131, \u0130KL\u0130MDER Y\u00f6netim Kurulu Ba\u015fkan\u0131 \u00d6nder Algedik <\/strong>kat\u0131l\u0131m g\u00f6sterdi.<\/p>\n<h3><strong>Orhan Turan: \u201cYeni ekonomik d\u00f6n\u00fc\u015f\u00fcm stratejimiz ye\u015fil d\u00f6n\u00fc\u015f\u00fcm ile uyumlu olmal\u0131\u201d<\/strong><\/h3>\n<p>\u0130klim de\u011fi\u015fikli\u011fini i\u015f d\u00fcnyas\u0131 a\u00e7\u0131s\u0131ndan sadece ekonomik perspektifte de\u011fil insan-\u00e7evre odakl\u0131 bir bak\u0131\u015f a\u00e7\u0131s\u0131yla da ele ald\u0131klar\u0131n\u0131 s\u00f6yleyen <strong>T\u00dcRKONFED Y\u00f6netim Kurulu Ba\u015fkan\u0131 Orhan Turan, <em>\u201c<\/em><\/strong><em>\u00dclkemiz i\u00e7in esas beka meselesi olarak g\u00f6rd\u00fc\u011f\u00fcm\u00fcz iklim de\u011fi\u015fikli\u011finin yaratt\u0131\u011f\u0131 kriz d\u00fcnyam\u0131z\u0131 tehdit ederken, insani bir krize de d\u00f6n\u00fc\u015f\u00fcyor. Ham maddeden i\u015f s\u00fcre\u00e7lerine, \u00fcretimden nihai t\u00fcketiciye uzanan, insan-\u00e7evre odakl\u0131 ye\u015fil ve dijital bir <strong>eko-sistemin kurallar\u0131<\/strong> yaz\u0131l\u0131rken, \u00fclke olarak kaybedecek bir saniyemiz dahi yok. \u00dclkemiz afet kurtarma \u00e7al\u0131\u015fmalar\u0131ndaki etkinli\u011fini, afet \u00f6ncesi haz\u0131rl\u0131k ve \u00f6zellikle iklim krizi \u00e7er\u00e7evesinde b\u00fct\u00fcnc\u00fcl politikalarla geli\u015ftirmek zorunda\u201d dedi. T\u00fcrkiye\u2019nin yeni ekonomik d\u00f6n\u00fc\u015f\u00fcm stratejisinin, ye\u015fil d\u00f6n\u00fc\u015f\u00fcm ile uyumlu olmas\u0131 gerekti\u011fini belirten <strong>Turan<\/strong> \u015f\u00f6yle devam etti; \u201cBu zorunluluk kamunun \u00f6nc\u00fcl\u00fc\u011f\u00fcnde, akademiden sendikalara, STK\u2019lardan i\u015f insanlar\u0131na kadar her bir kurum ve kurulu\u015fa b\u00fcy\u00fck sorumluluk y\u00fckl\u00fcyor. \u2018Yar\u0131n de\u011fil, bug\u00fcn hemen \u015fimdi\u2019 s\u00f6ylem birli\u011finden eylem birli\u011fine ge\u00e7memiz gerekiyor.\u201d<\/em><\/p>\n<h3><strong>Simone Kaslowski: <\/strong><strong>\u201cCOP 26 \u00f6ncesinde Paris Anla\u015fmas\u0131\u2019n\u0131n onaylanmas\u0131 gerekiyor\u201d<\/strong><\/h3>\n<p>Pandemi, afetler ve ekonomide ya\u015fanan darbo\u011fazlar\u0131n kritik tecr\u00fcbeler edindirdi\u011fini ifade eden <strong>T\u00dcS\u0130AD Y\u00f6netim Kurulu Ba\u015fkan\u0131 Simone Kaslowski, <\/strong>iklim de\u011fi\u015fikli\u011finin y\u0131k\u0131c\u0131 etkilerinden kurtulmak i\u00e7in t\u00fcm ilgili politikalar\u0131n zemininde s\u00fcrd\u00fcr\u00fclebilir kalk\u0131nma ve iklim perspektifi olmas\u0131n\u0131n \u00f6nemine vurgu yapt\u0131. T\u00fcrkiye\u2019nin COP 26 \u00f6ncesinde Paris Anla\u015fmas\u0131\u2019n\u0131 onaylamas\u0131 gerekti\u011fine dikkat \u00e7eken <strong>Kaslowski,<em> \u201c<\/em><\/strong><em>\u00d6zellikle en \u00f6nemli ticaret orta\u011f\u0131m\u0131z olan AB\u2019deki geli\u015fmelerin yak\u0131ndan takip edilmesi \u00f6nemlidir. 2050 y\u0131l\u0131 i\u00e7in karbon n\u00f6tr hedefini yans\u0131tan, bilimsel temellere dayal\u0131, \u00f6l\u00e7\u00fclebilir ve uygulanabilir bir yol haritas\u0131 olu\u015fturulmal\u0131 ve kararl\u0131l\u0131kla uygulanmal\u0131d\u0131r. S\u00f6z konusu yol haritas\u0131 sanayinin, enerjinin, ula\u015ft\u0131rman\u0131n, t\u00fcketici tercihlerinin karbon n\u00f6tr ve d\u00f6ng\u00fcsellik prensipleri g\u00f6zetilerek d\u00f6n\u00fc\u015f\u00fcm\u00fcne y\u00f6nelik tedbirler i\u00e7ermelidir. Bunlar\u0131n yan\u0131 s\u0131ra iklim de\u011fi\u015fikli\u011fine uyum da \u00f6nceliklendirilmelidir. Su ve arazi y\u00f6netimi, iyi tar\u0131m uygulamalar\u0131, orman rehabilitasyonu ve orman b\u00fct\u00fcnl\u00fc\u011f\u00fcn\u00fcn sa\u011flanmas\u0131 ile karbon yutak alanlar\u0131n\u0131n korunmas\u0131 gibi kilit politikalara a\u011f\u0131rl\u0131k verilmelidir\u201d<\/em> diye konu\u015ftu.<\/p>\n<h3><strong>Louisa Vinton: \u201cEylemsizli\u011fin bedeli a\u011f\u0131r\u201d<\/strong><\/h3>\n<p>\u201cKaybedecek vaktimiz yok\u201d diyen <strong>UNDP T\u00fcrkiye Mukim Temsilcisi Louisa Vinton<\/strong>, <em>\u201cBu yaz T\u00fcrkiye\u2019de ve d\u00fcnyan\u0131n pek \u00e7ok ba\u015fka yerinde g\u00f6rd\u00fc\u011f\u00fcm\u00fcz ani seller ve orman yang\u0131nlar\u0131, iklim de\u011fi\u015fikli\u011finin insanlar ve gezegen \u00fczerinde yaratt\u0131\u011f\u0131 zarar\u0131n kan\u0131t\u0131. Zaman i\u00e7inde daha s\u0131k ve daha y\u0131k\u0131c\u0131 a\u015f\u0131r\u0131 hava olaylar\u0131na tan\u0131k olaca\u011f\u0131m\u0131z\u0131 tahmin edebiliriz. \u0130\u015fte bu nedenle h\u00fck\u00fcmetlerin ve i\u015fletmelerin emisyonlar\u0131 azaltmak, \u00fcretimi karbondan ar\u0131nd\u0131rmak ve afetleri \u00f6nlemek amac\u0131yla \u00e7ok daha iddial\u0131 politikalar benimsemeleri i\u00e7in acilen eyleme ge\u00e7melerine ihtiyac\u0131m\u0131z var. Eylemsizli\u011fin bedeli, en cesur iklim taahh\u00fcd\u00fcn\u00fcn maliyetinden bile katbekat fazla olacak\u201d<\/em> \u015feklinde konu\u015ftu.<\/p>\n<h3><strong>Deniz Ata\u00e7: \u201c\u0130klim de\u011fi\u015fikli\u011fi sadece bir \u00e7evre sorunu de\u011fil ayn\u0131 zamanda ekonomik, sosyal ve politik bir sorun\u201d<\/strong><\/h3>\n<p>Konu\u015fmalar\u0131n ard\u0131ndan ger\u00e7ekle\u015fen panelde \u201c\u0130klim Krizinde Savunuculuk ve Fark\u0131ndal\u0131k \u00c7al\u0131\u015fmalar\u0131n\u0131n \u00d6nemi\u201dne de\u011finen <strong>TEMA Vakf\u0131 Y\u00f6netim Kurulu Ba\u015fkan\u0131 Deniz Ata\u00e7<\/strong>,<em> \u201cBilimsel \u00e7al\u0131\u015fmalar ve ya\u015fad\u0131\u011f\u0131m\u0131z felaketler iklim de\u011fi\u015fikli\u011finde art\u0131k \u00e7ok kritik bir e\u015fikte oldu\u011fumuzu g\u00f6steriyor. Bilim insanlar\u0131, t\u00fcm karar al\u0131c\u0131lar\u0131 iklim de\u011fi\u015fikli\u011fine dur demek ve bir yandan da ya\u015fam alanlar\u0131m\u0131z\u0131 de\u011fi\u015fen iklime uyumlu hale getirmek i\u00e7in k\u00f6kl\u00fc de\u011fi\u015fiklikler yapmaya \u00e7a\u011f\u0131r\u0131yor. Bug\u00fcn geldi\u011fimiz noktada iklim de\u011fi\u015fikli\u011fi sadece bir \u00e7evre sorunu de\u011fil ayn\u0131 zamanda ekonomik, sosyal ve politik bir sorun. T\u00fcrkiye\u2019ye bakt\u0131\u011f\u0131m\u0131zda ise iklim de\u011fi\u015fikli\u011fi ile m\u00fccadeleye dair b\u00fct\u00fcnc\u00fcl ad\u0131mlar\u0131n at\u0131lamad\u0131\u011f\u0131n\u0131 g\u00f6r\u00fcyoruz. T\u00fcrkiye ayn\u0131 zamanda Paris \u0130klim Anla\u015fmas\u0131\u2019n\u0131 onaylamayan alt\u0131 \u00fclkeden biri. \u0130klim de\u011fi\u015fikli\u011finin en \u00f6nemli nedenlerinden biri olan k\u00f6m\u00fcr madencili\u011fi ve k\u00f6m\u00fcrl\u00fc termik santral yat\u0131r\u0131mlar\u0131na ise devam ediliyor\u201d<\/em> diye konu\u015ftu. Bug\u00fcn kapsaml\u0131 de\u011fi\u015fiklikleri sa\u011flayamazsak yar\u0131n ya\u015famlar\u0131m\u0131z\u0131n \u00e7ok daha zor bir hale gelece\u011fini de vurgulayan<strong> Ata\u00e7<\/strong>, toplumun t\u00fcm kesimlerini iklim politikalar\u0131 s\u00fcre\u00e7lerine d\u00e2hil olmaya \u00e7a\u011f\u0131rd\u0131.<\/p>\n<h3><strong>Prof. Dr. Orhan \u015een: \u201cDere yataklar\u0131 \u0131slah edilip bu b\u00f6lgeler imara kapat\u0131lmal\u0131d\u0131r\u201d<\/strong><\/h3>\n<p><strong>\u0130T\u00dc U\u00e7ak ve Uzay Bilimleri Fak\u00fcltesi Meteoroloji Y\u00fcksek M\u00fchendisi Prof. Dr. Orhan \u015een<\/strong>, d\u00fcnyan\u0131n ortalama s\u0131cakl\u0131\u011f\u0131ndaki bir derecelik art\u0131\u015f\u0131n do\u011fa kaynakl\u0131 afetlerin say\u0131s\u0131n\u0131 y\u00fczde 30 oran\u0131nda art\u0131rd\u0131\u011f\u0131na dikkat \u00e7ekti. Ya\u015fam\u0131n\u0131 bilimsel verilere g\u00f6re planlayamam\u0131\u015f toplumlarda bu olaylar\u0131n tekrar tekrar ya\u015fanmas\u0131n\u0131n ka\u00e7\u0131n\u0131lmaz oldu\u011funu ifade eden <strong>\u015een<\/strong> \u015funlar\u0131 s\u00f6yledi; <em>\u201cArt\u0131k t\u00fcm politika, plan ve programlarda \u2018\u0130klim Risk Y\u00f6netimi\u2019 b\u00fct\u00fcnle\u015fik bir \u015fekilde ele al\u0131nmal\u0131d\u0131r. \u015eehirlerdeki altyap\u0131 ve imar projeleri, artan do\u011fal afetler de g\u00f6z \u00f6n\u00fcnde bulundurularak g\u00fcncel \u015fekilde d\u00fczenlenmelidir. \u0130klim de\u011fi\u015fimlerinin neden oldu\u011fu kurakl\u0131k, orman yang\u0131nlar\u0131 gibi olaylar sonucunda yerle\u015fim yerleri zarar g\u00f6r\u00fcyor ve bir\u00e7o\u011fu ya\u015fanamaz h\u00e2le geliyor. Bu nedenle dere yataklar\u0131 \u0131slah edilip bu b\u00f6lgeler imara kapat\u0131lmal\u0131, heyelan, sel ve \u00e7\u0131\u011f yataklar\u0131ndaki yerle\u015fimler en k\u0131sa zamanda daha uygun yerlere ta\u015f\u0131nmal\u0131d\u0131r. Bu sayede muhtemel riskler ortadan kalkacakt\u0131r. Islah \u00e7al\u0131\u015fmalar\u0131 yap\u0131lan alanlarda da kesinlikle imara izin verilmemelidir.\u201d<\/em><\/p>\n<h3><strong>\u00d6nder Algedik: \u201cYe\u015fil Mutabakat\u2019\u0131n \u00f6tesinde bir d\u00f6n\u00fc\u015f\u00fcm gerekiyor\u201d<\/strong><\/h3>\n<p>\u0130klim krizinde son duruma ve bunun i\u015f d\u00fcnyas\u0131 i\u00e7in anlam\u0131na de\u011finen <strong>Enerji ve \u0130klim Uzman\u0131, \u0130KL\u0130MDER Y\u00f6netim Kurulu Ba\u015fkan\u0131 \u00d6nder Algedik<\/strong>, <em>\u201cH\u00fck\u00fcmetleraras\u0131 \u0130klim De\u011fi\u015fikli\u011fi Paneli\u2019nin (IPCC) son raporu ile iklimin de\u011fi\u015fti\u011fini, daha \u00e7ok de\u011fi\u015fece\u011fini ve bu de\u011fi\u015fikliklerin kal\u0131c\u0131 olaca\u011f\u0131n\u0131 tekrar g\u00f6rd\u00fck. Ya\u015fan\u0131lan son yang\u0131nlar ve su bask\u0131nlar\u0131 haz\u0131rl\u0131ks\u0131z oldu\u011fumuzu ortaya koyarken bu t\u00fcr olaylar\u0131n IPCC\u2019nin bulgular\u0131ndan daha fazla ya\u015fanmas\u0131 tehlikesiyle de kar\u015f\u0131 kar\u015f\u0131yay\u0131z\u201d dedi. \u015eirketlerin Avrupa Ye\u015fil Mutabakat\u0131\u2019n\u0131 izledi\u011fini ve bu d\u00f6n\u00fc\u015f\u00fcme dahil olma arzusunda olduklar\u0131n\u0131 belirten <strong>Algedik<\/strong> \u015f\u00f6yle devam etti; \u201cK\u0131s\u0131tlar\u0131 olan, dar bir ekonomik ve karbon b\u00fct\u00e7esi dahilinde beklenilenden daha h\u0131zl\u0131 bir d\u00f6n\u00fc\u015f\u00fcm art\u0131k masada ve bu, Ye\u015fil Mutabakat\u2019\u0131n \u00f6tesinde bir d\u00f6n\u00fc\u015f\u00fcm gerektiriyor.\u201d<\/em> Algedik ayr\u0131ca bir sunum yaparak i\u015f d\u00fcnyas\u0131 i\u00e7in bir yol haritas\u0131 \u00f6nerdi.<\/p>","protected":false},"excerpt":{"rendered":"<p>Sorry, this entry is only available in Turkish. For the sake of viewer convenience, the content is shown below in the alternative language. You may click the link to switch the active language. T\u00dcRKONFED ve CIPE i\u015f birli\u011finde yerel kalk\u0131nma politikalar\u0131 kapsam\u0131nda \u00e7\u00f6z\u00fcm \u00f6nerileri geli\u015ftirilmesi ve fark\u0131ndal\u0131k yarat\u0131lmas\u0131 amac\u0131yla d\u00fczenlenen Yerel Kalk\u0131nma Webinar\u2019lar\u0131n\u0131n sonuncusu \u201c\u0130klim [&hellip;]<\/p>\n","protected":false},"author":1,"featured_media":141395,"comment_status":"open","ping_status":"open","sticky":false,"template":"","format":"standard","meta":[],"categories":[53,52],"tags":[96010,96009,53809,92872,43668,87028],"views":317,"_links":{"self":[{"href":"https:\/\/www.enerjigazetesi.ist\/en\/wp-json\/wp\/v2\/posts\/141391"}],"collection":[{"href":"https:\/\/www.enerjigazetesi.ist\/en\/wp-json\/wp\/v2\/posts"}],"about":[{"href":"https:\/\/www.enerjigazetesi.ist\/en\/wp-json\/wp\/v2\/types\/post"}],"author":[{"embeddable":true,"href":"https:\/\/www.enerjigazetesi.ist\/en\/wp-json\/wp\/v2\/users\/1"}],"replies":[{"embeddable":true,"href":"https:\/\/www.enerjigazetesi.ist\/en\/wp-json\/wp\/v2\/comments?post=141391"}],"version-history":[{"count":0,"href":"https:\/\/www.enerjigazetesi.ist\/en\/wp-json\/wp\/v2\/posts\/141391\/revisions"}],"wp:featuredmedia":[{"embeddable":true,"href":"https:\/\/www.enerjigazetesi.ist\/en\/wp-json\/wp\/v2\/media\/141395"}],"wp:attachment":[{"href":"https:\/\/www.enerjigazetesi.ist\/en\/wp-json\/wp\/v2\/media?parent=141391"}],"wp:term":[{"taxonomy":"category","embeddable":true,"href":"https:\/\/www.enerjigazetesi.ist\/en\/wp-json\/wp\/v2\/categories?post=141391"},{"taxonomy":"post_tag","embeddable":true,"href":"https:\/\/www.enerjigazetesi.ist\/en\/wp-json\/wp\/v2\/tags?post=141391"}],"curies":[{"name":"wp","href":"https:\/\/api.w.org\/{rel}","templated":true}]}}