{"id":141348,"date":"2021-09-01T09:43:09","date_gmt":"2021-09-01T06:43:09","guid":{"rendered":"https:\/\/www.enerjigazetesi.ist\/?p=141348"},"modified":"2021-09-01T12:36:56","modified_gmt":"2021-09-01T09:36:56","slug":"gunes-yatirimlarinda-finansman-ifadesinin-rafa-kalkma-zamani-gelmedi-mi","status":"publish","type":"post","link":"https:\/\/www.enerjigazetesi.ist\/en\/gunes-yatirimlarinda-finansman-ifadesinin-rafa-kalkma-zamani-gelmedi-mi\/","title":{"rendered":"(Turkish) G\u00fcne\u015f Yat\u0131r\u0131mlar\u0131nda Finansman \u0130fadesinin Raf\u2019a Kalkma Zaman\u0131 Gelmedi mi?"},"content":{"rendered":"<p class=\"qtranxs-available-languages-message qtranxs-available-languages-message-en\">Sorry, this entry is only available in <a href=\"https:\/\/www.enerjigazetesi.ist\/tr\/wp-json\/wp\/v2\/posts\/141348\" class=\"qtranxs-available-language-link qtranxs-available-language-link-tr\" title=\"Turkish\">Turkish<\/a>. For the sake of viewer convenience, the content is shown below in the alternative language. You may click the link to switch the active language.<\/p><p><\/p>\n<h2>Ge\u00e7ti\u011fimiz g\u00fcnler Antalya da bir sponsor taraf\u0131ndan d\u00fczenlenen yemekli davette \u00f6z t\u00fcketim ama\u00e7l\u0131 g\u00fcne\u015f enerjisi yat\u0131r\u0131mc\u0131lar\u0131 ile yap\u0131lan toplant\u0131da, i\u015fletmelerce \u00f6n planda finansman konusunun oldu\u011fu belirtildi.<\/h2>\n<p>Ba\u015ftan bunu s\u00f6ylemek istiyorum, yat\u0131r\u0131mlar\u0131n ertelenmesinde finansman kelimesinin kullan\u0131lmas\u0131 bana <img loading=\"lazy\" class=\"alignright wp-image-141351\" src=\"https:\/\/www.enerjigazetesi.ist\/wp-content\/uploads\/2021\/09\/gunes-yatirimlarinda-finansman-ifadesinin-rafa-kalkma-zamani-gelmedi-mi.jpg\" alt=\"\" width=\"320\" height=\"214\" srcset=\"https:\/\/www.enerjigazetesi.ist\/wp-content\/uploads\/2021\/09\/gunes-yatirimlarinda-finansman-ifadesinin-rafa-kalkma-zamani-gelmedi-mi.jpg 550w, https:\/\/www.enerjigazetesi.ist\/wp-content\/uploads\/2021\/09\/gunes-yatirimlarinda-finansman-ifadesinin-rafa-kalkma-zamani-gelmedi-mi-300x200.jpg 300w, https:\/\/www.enerjigazetesi.ist\/wp-content\/uploads\/2021\/09\/gunes-yatirimlarinda-finansman-ifadesinin-rafa-kalkma-zamani-gelmedi-mi-500x334.jpg 500w, https:\/\/www.enerjigazetesi.ist\/wp-content\/uploads\/2021\/09\/gunes-yatirimlarinda-finansman-ifadesinin-rafa-kalkma-zamani-gelmedi-mi-75x50.jpg 75w, https:\/\/www.enerjigazetesi.ist\/wp-content\/uploads\/2021\/09\/gunes-yatirimlarinda-finansman-ifadesinin-rafa-kalkma-zamani-gelmedi-mi-450x300.jpg 450w\" sizes=\"(max-width: 320px) 100vw, 320px\" \/><strong>iklim krizi<\/strong> ile beraber <strong>itici gelmeye<\/strong> ba\u015flad\u0131.<\/p>\n<p>\u00c7o\u011fu i\u015fletmeler i\u00e7in <strong>finansman<\/strong> belki \u00e7ok \u00f6nemlidir ve maalesef ilk s\u0131rada yer almaktad\u0131r, yaln\u0131z bana g\u00f6re temiz enerjiden kendi elektri\u011fimizi \u00fcretme konusunda <strong>finansman konusu<\/strong> gereksiz bir arg\u00fcmand\u0131r.<\/p>\n<p>G\u00fcne\u015f Enerjisinden kendi elektri\u011fini \u00fcretmek i\u00e7in bizde bir tabir vard\u0131r saat <strong>12<\/strong>\u2019e <strong>5<\/strong> var, ben saat<strong> 12\u2019yi<\/strong> ge\u00e7ti bile diyorum. Yak\u0131nda saat <strong>12\u2019i<\/strong> unuttun saat<strong> 24:01<\/strong> demeye ba\u015flayaca\u011f\u0131z\u2026<\/p>\n<h3>Nedenleri:<\/h3>\n<p><strong>Antalya Organize Sanayi<\/strong>\u2019de <strong>son 12 ayda<\/strong> elektri\u011fe gelen zam <strong>% 58<\/strong>\u2019i bulmu\u015ftur. Bu noktada yat\u0131r\u0131mc\u0131lara g\u00f6re y\u00fcksek banka faizlerinden konu\u015fmak ne kadar do\u011frudur? <strong>Banka faizleri<\/strong> bu rakamlar\u0131n<strong> yar\u0131s\u0131n\u0131n alt\u0131nda<\/strong>. Ben bu y\u0131l i\u00e7inde veya en ge\u00e7 <strong>1 ocak 2022<\/strong>\u2019de <strong>% 15-20<\/strong> aras\u0131nda bir zam daha beklemekteyim. Maalesef bende istemezdim, yaln\u0131z bunlar ger\u00e7ekler.<\/p>\n<p><strong>Ticarethane aboneleri<\/strong>nde kilovat saat birim fiyat\u0131 KDV hari\u00e7<strong> 1,00 TL<\/strong> kap\u0131s\u0131na dayand\u0131. <strong>2022\u2019de<\/strong> bu rakam <strong>\u00fctopik de\u011fil.<\/strong><\/p>\n<h3>2&#8217;inci Neden:<\/h3>\n<p>Ge\u00e7ti\u011fimiz g\u00fcnlerde <strong>G20 toplant\u0131lar\u0131<\/strong>nda h\u00fck\u00fcmetler <strong>iklim krizine kar\u015f\u0131 m\u00fccadele<\/strong> i\u00e7in bir s\u00f6zle\u015fme imzalad\u0131lar. Sonu\u00e7lar\u0131n 2023 y\u0131l\u0131nda elektrik faturalar\u0131m\u0131za bir <strong>karbon vergisi<\/strong> alt\u0131nda yeni bir kalem ile kar\u015f\u0131m\u0131za gelece\u011fini d\u00fc\u015f\u00fcn\u00fcyorum. Bu da ilk a\u015famada <em>kilovat saat ba\u015f\u0131na<\/em> <strong>20 kuru\u015f<\/strong> civar\u0131nda olaca\u011f\u0131n\u0131 d\u00fc\u015f\u00fcnmekteyim.<\/p>\n<p>Yaz\u0131n\u0131n Devam\u0131 \u0130\u00e7in <strong><a href=\"https:\/\/enerjibaba.com\/2021\/08\/26\/gunes-enerjisi-yatirimlarinda-finansman-ifadesi-rafa-kalkmasi-zamani-gelmedi-mi\/\" target=\"_blank\" rel=\"nofollow noopener\">TIKLAYIN&gt;&gt;&gt;<\/a><\/strong><\/p>\n<p>Dipl. Ing. (FH ) Hasan Y\u0130\u011e\u0130T &#8211;\u00a0<a href=\"mailto:hasan@energybaba.com.tr\" target=\"_blank\" rel=\"noopener\">hasan@energybaba.com.tr<\/a><\/p>","protected":false},"excerpt":{"rendered":"<p>Sorry, this entry is only available in Turkish. For the sake of viewer convenience, the content is shown below in the alternative language. You may click the link to switch the active language. Ge\u00e7ti\u011fimiz g\u00fcnler Antalya da bir sponsor taraf\u0131ndan d\u00fczenlenen yemekli davette \u00f6z t\u00fcketim ama\u00e7l\u0131 g\u00fcne\u015f enerjisi yat\u0131r\u0131mc\u0131lar\u0131 ile yap\u0131lan toplant\u0131da, i\u015fletmelerce \u00f6n planda [&hellip;]<\/p>\n","protected":false},"author":1,"featured_media":141351,"comment_status":"open","ping_status":"open","sticky":false,"template":"","format":"standard","meta":[],"categories":[51,53,49],"tags":[95986,53157,95987,95988,7925],"views":232,"_links":{"self":[{"href":"https:\/\/www.enerjigazetesi.ist\/en\/wp-json\/wp\/v2\/posts\/141348"}],"collection":[{"href":"https:\/\/www.enerjigazetesi.ist\/en\/wp-json\/wp\/v2\/posts"}],"about":[{"href":"https:\/\/www.enerjigazetesi.ist\/en\/wp-json\/wp\/v2\/types\/post"}],"author":[{"embeddable":true,"href":"https:\/\/www.enerjigazetesi.ist\/en\/wp-json\/wp\/v2\/users\/1"}],"replies":[{"embeddable":true,"href":"https:\/\/www.enerjigazetesi.ist\/en\/wp-json\/wp\/v2\/comments?post=141348"}],"version-history":[{"count":0,"href":"https:\/\/www.enerjigazetesi.ist\/en\/wp-json\/wp\/v2\/posts\/141348\/revisions"}],"wp:featuredmedia":[{"embeddable":true,"href":"https:\/\/www.enerjigazetesi.ist\/en\/wp-json\/wp\/v2\/media\/141351"}],"wp:attachment":[{"href":"https:\/\/www.enerjigazetesi.ist\/en\/wp-json\/wp\/v2\/media?parent=141348"}],"wp:term":[{"taxonomy":"category","embeddable":true,"href":"https:\/\/www.enerjigazetesi.ist\/en\/wp-json\/wp\/v2\/categories?post=141348"},{"taxonomy":"post_tag","embeddable":true,"href":"https:\/\/www.enerjigazetesi.ist\/en\/wp-json\/wp\/v2\/tags?post=141348"}],"curies":[{"name":"wp","href":"https:\/\/api.w.org\/{rel}","templated":true}]}}