{"id":141302,"date":"2021-08-31T13:37:43","date_gmt":"2021-08-31T10:37:43","guid":{"rendered":"https:\/\/www.enerjigazetesi.ist\/?p=141302"},"modified":"2021-08-31T15:20:22","modified_gmt":"2021-08-31T12:20:22","slug":"arterin-guncel-sergilerine-yonelik-cevrimici-bulusmalar-eylulde-de-suruyor","status":"publish","type":"post","link":"https:\/\/www.enerjigazetesi.ist\/en\/arterin-guncel-sergilerine-yonelik-cevrimici-bulusmalar-eylulde-de-suruyor\/","title":{"rendered":"(Turkish) Arter&#8217;\u0131n G\u00fcncel Sergilerinin \u00c7evrimi\u00e7i Bulu\u015fmalar\u0131 Eyl\u00fcl&#8217;de de S\u00fcr\u00fcyor!"},"content":{"rendered":"<p class=\"qtranxs-available-languages-message qtranxs-available-languages-message-en\">Sorry, this entry is only available in <a href=\"https:\/\/www.enerjigazetesi.ist\/tr\/wp-json\/wp\/v2\/posts\/141302\" class=\"qtranxs-available-language-link qtranxs-available-language-link-tr\" title=\"Turkish\">Turkish<\/a>. For the sake of viewer convenience, the content is shown below in the alternative language. You may click the link to switch the active language.<\/p><p><\/p>\n<h2><strong>Arter\u2019in, g\u00fcncel sergilerine odaklanan \u00e7evrimi\u00e7i rehberli turlar\u0131, Eyl\u00fcl ay\u0131nda da her Pazartesi 19:00\u201320:00 saatleri aras\u0131nda devam ediyor. \u0130lgiyle takip edilen \u00e7evrimi\u00e7i rehberli turlarda Arter\u2019in sergi rehberleri, her hafta farkl\u0131 bir tema etraf\u0131nda bir araya getirdikleri eser se\u00e7kilerini kat\u0131l\u0131mc\u0131larla payla\u015f\u0131yor. S\u0131n\u0131rl\u0131 say\u0131da kat\u0131l\u0131mc\u0131yla, \u00fccretsiz olarak ger\u00e7ekle\u015ftirilen turlara kat\u0131lmak i\u00e7in <a href=\"mailto:turlar@arter.org.tr\">turlar@arter.org.tr<\/a> adresine e-posta g\u00f6ndererek kay\u0131t yapt\u0131rmak yeterli. <\/strong><\/h2>\n<p>Ziyaret\u00e7ilerini gerekli sa\u011fl\u0131k \u00f6nlemleriyle a\u011f\u0131rlamaya devam eden<strong> Arter<\/strong>\u2019in \u00e7evrimi\u00e7i etkinlikleri de s\u00fcr\u00fcyor. Herkesin yarat\u0131c\u0131 s\u00fcrecin par\u00e7as\u0131 olabilece\u011fi bir ortam\u0131 m\u00fcmk\u00fcn k\u0131lmay\u0131 ama\u00e7layan<strong> \u00d6\u011frenme<\/strong> <strong>Program\u0131<\/strong> kapsam\u0131nda d\u00fczenlenen <strong>bu etkinlikler, g\u00fcncel sergileri<\/strong> ve <strong>yap\u0131tlar\u0131 \u00e7evrimi\u00e7i<\/strong> <img loading=\"lazy\" class=\"alignright wp-image-141304\" src=\"https:\/\/www.enerjigazetesi.ist\/wp-content\/uploads\/2021\/08\/arterin-guncel-sergilerine-yonelik-cevrimici-bulusmalar-eylulde-de-suruyor.jpg\" alt=\"\" width=\"320\" height=\"275\" srcset=\"https:\/\/www.enerjigazetesi.ist\/wp-content\/uploads\/2021\/08\/arterin-guncel-sergilerine-yonelik-cevrimici-bulusmalar-eylulde-de-suruyor.jpg 418w, https:\/\/www.enerjigazetesi.ist\/wp-content\/uploads\/2021\/08\/arterin-guncel-sergilerine-yonelik-cevrimici-bulusmalar-eylulde-de-suruyor-300x258.jpg 300w, https:\/\/www.enerjigazetesi.ist\/wp-content\/uploads\/2021\/08\/arterin-guncel-sergilerine-yonelik-cevrimici-bulusmalar-eylulde-de-suruyor-58x50.jpg 58w\" sizes=\"(max-width: 320px) 100vw, 320px\" \/>ortamda kat\u0131l\u0131mc\u0131lar\u0131n yorumuna a\u00e7\u0131yor.<\/p>\n<p><strong>Arter<\/strong>\u2019in, g\u00fcncel sergileri etraf\u0131nda \u015fekillenen <strong>\u00e7evrimi\u00e7i rehberli turlar\u0131,<\/strong> kat\u0131l\u0131mc\u0131lar\u0131n\u0131<strong> sanat etraf\u0131nda d\u00fc\u015f\u00fcnmeye<\/strong> ve <strong>yap\u0131tlar\u0131<\/strong> kendi hayat deneyimleriyle<strong> ili\u015fkilendirerek<\/strong> yorumlamaya te\u015fvik ediyor. Ekranlar arac\u0131l\u0131\u011f\u0131yla bulu\u015fulan bu turlarda, <strong>Arter<\/strong>\u2019in sergi rehberleri her etkinlikte farkl\u0131 temalar etraf\u0131nda bir araya getirdikleri eser se\u00e7kilerini kat\u0131l\u0131mc\u0131lar\u0131n yorumuna a\u00e7\u0131yor.<\/p>\n<p><strong>\u00dccretsiz olarak<\/strong> d\u00fczenlenen \u00e7evrimi\u00e7i rehberli turlar <strong>6, 13, 20 <\/strong>ve <strong>27 Eyl\u00fcl 2021<\/strong> <strong>Pazartesi<\/strong> g\u00fcnleri <strong>19:00\u201320:00 <\/strong>saatleri aras\u0131nda ger\u00e7ekle\u015fecek. <strong>Diyalog<\/strong> ve <strong>tart\u0131\u015fmaya<\/strong> daha fazla zaman tan\u0131mak amac\u0131yla s\u0131n\u0131rl\u0131 say\u0131da kat\u0131l\u0131mc\u0131yla d\u00fczenlenen \u00e7evrimi\u00e7i turlara kat\u0131lmak i\u00e7in etkinlik tarihinden \u00f6nce <strong><a href=\"mailto:turlar@arter.org.tr\">turlar@arter.org.tr<\/a> <\/strong>adresine e-posta g\u00f6ndererek kay\u0131t yapt\u0131rmak gerekiyor.<\/p>\n<p><strong>Arter<\/strong>\u2019in g\u00fcncel program\u0131 i\u00e7in\u00a0<a href=\"http:\/\/www.arter.org.tr\/\" target=\"_blank\" rel=\"noopener\">www.arter.org.tr<\/a> adresini de ziyaret edebilirsiniz.<\/p>","protected":false},"excerpt":{"rendered":"<p>Sorry, this entry is only available in Turkish. For the sake of viewer convenience, the content is shown below in the alternative language. You may click the link to switch the active language. Arter\u2019in, g\u00fcncel sergilerine odaklanan \u00e7evrimi\u00e7i rehberli turlar\u0131, Eyl\u00fcl ay\u0131nda da her Pazartesi 19:00\u201320:00 saatleri aras\u0131nda devam ediyor. \u0130lgiyle takip edilen \u00e7evrimi\u00e7i rehberli [&hellip;]<\/p>\n","protected":false},"author":1,"featured_media":141305,"comment_status":"open","ping_status":"open","sticky":false,"template":"","format":"standard","meta":[],"categories":[53],"tags":[90562,94360,95958,90892,95959],"views":88,"_links":{"self":[{"href":"https:\/\/www.enerjigazetesi.ist\/en\/wp-json\/wp\/v2\/posts\/141302"}],"collection":[{"href":"https:\/\/www.enerjigazetesi.ist\/en\/wp-json\/wp\/v2\/posts"}],"about":[{"href":"https:\/\/www.enerjigazetesi.ist\/en\/wp-json\/wp\/v2\/types\/post"}],"author":[{"embeddable":true,"href":"https:\/\/www.enerjigazetesi.ist\/en\/wp-json\/wp\/v2\/users\/1"}],"replies":[{"embeddable":true,"href":"https:\/\/www.enerjigazetesi.ist\/en\/wp-json\/wp\/v2\/comments?post=141302"}],"version-history":[{"count":0,"href":"https:\/\/www.enerjigazetesi.ist\/en\/wp-json\/wp\/v2\/posts\/141302\/revisions"}],"wp:featuredmedia":[{"embeddable":true,"href":"https:\/\/www.enerjigazetesi.ist\/en\/wp-json\/wp\/v2\/media\/141305"}],"wp:attachment":[{"href":"https:\/\/www.enerjigazetesi.ist\/en\/wp-json\/wp\/v2\/media?parent=141302"}],"wp:term":[{"taxonomy":"category","embeddable":true,"href":"https:\/\/www.enerjigazetesi.ist\/en\/wp-json\/wp\/v2\/categories?post=141302"},{"taxonomy":"post_tag","embeddable":true,"href":"https:\/\/www.enerjigazetesi.ist\/en\/wp-json\/wp\/v2\/tags?post=141302"}],"curies":[{"name":"wp","href":"https:\/\/api.w.org\/{rel}","templated":true}]}}