{"id":141287,"date":"2021-08-31T13:08:14","date_gmt":"2021-08-31T10:08:14","guid":{"rendered":"https:\/\/www.enerjigazetesi.ist\/?p=141287"},"modified":"2021-08-31T13:09:06","modified_gmt":"2021-08-31T10:09:06","slug":"polisiye-filmin-basarili-ornegi-kilit-55-sehirde-216-salonda-gosterimde","status":"publish","type":"post","link":"https:\/\/www.enerjigazetesi.ist\/en\/polisiye-filmin-basarili-ornegi-kilit-55-sehirde-216-salonda-gosterimde\/","title":{"rendered":"(Turkish) Polisiye Filmin Ba\u015far\u0131l\u0131 \u00d6rne\u011fi &#8216;Kilit&#8217;, 55 \u015eehirde 216 Salonda G\u00f6sterimde!"},"content":{"rendered":"<p class=\"qtranxs-available-languages-message qtranxs-available-languages-message-en\">Sorry, this entry is only available in <a href=\"https:\/\/www.enerjigazetesi.ist\/tr\/wp-json\/wp\/v2\/posts\/141287\" class=\"qtranxs-available-language-link qtranxs-available-language-link-tr\" title=\"Turkish\">Turkish<\/a>. For the sake of viewer convenience, the content is shown below in the alternative language. You may click the link to switch the active language.<\/p><p><\/p>\n<h2><strong>Polisiye gizem filmi <em>\u201cKilit\u201d<\/em>, ayn\u0131 sabah farkl\u0131 ko\u011fu\u015flarda on mahk\u00fbmun birden \u00f6l\u00fc bulundu\u011fu bir cezaevinde ya\u015fananlar\u0131n izini s\u00fcren polislerin s\u00fcr\u00fckleyici hik\u00e2yesini beyazperdeye ta\u015f\u0131yor. Ba\u015frollerini Mert F\u0131rat ve Melisa Asl\u0131 Pamuk\u2019un payla\u015ft\u0131\u011f\u0131 <em>\u201cKilit\u201d<\/em>, yerli sinemada eksikli\u011fi hissedilen polisiye t\u00fcrdeki filmlerin ba\u015far\u0131l\u0131 bir \u00f6rne\u011fini sunuyor. S\u0131r dolu cinayetlerin ya\u015fand\u0131\u011f\u0131 filmde cinayet masas\u0131 ba\u015fkomiserini canland\u0131ran Mert F\u0131rat, ilk defa b\u00f6yle bir rolle beyazperdede yer alman\u0131n kendisi i\u00e7in farkl\u0131 bir ser\u00fcven oldu\u011funu dile getiriyor. \u0130lk kez polisiye bir projede yer alman\u0131n heyecan\u0131n\u0131 ifade eden Melisa Asl\u0131 Pamuk da, hayat verdi\u011fi kad\u0131n istihbarat ajan\u0131 rol\u00fcyle dikkat \u00e7ekiyor. Her karakterinin saklad\u0131\u011f\u0131 farkl\u0131 hik\u00e2yeler ve g\u00fc\u00e7l\u00fc alt metniyle \u00f6ne \u00e7\u0131kan <em>\u201cKilit\u201d<\/em>, 55 \u015fehirde 216 sinema salonunda izleyicilerle bulu\u015fuyor. <em>\u201cKilit\u201d<\/em> filmi i\u00e7in sinemalarda sat\u0131lan her biletin belli bir oran\u0131, \u0130htiya\u00e7 Haritas\u0131\u2019n\u0131n Bir Destek Bir Yuva kampanyas\u0131na aktar\u0131lacak.<\/strong><\/h2>\n<p>Cezaevinde ya\u015fanan esrarengiz mahk\u00fbm \u00f6l\u00fcmlerini \u00e7\u00f6zmekle g\u00f6revli polislerin s\u00fcr\u00fckleyici hik\u00e2yesini konu alan<strong> <em>\u201cKilit\u201d<\/em><\/strong>,<strong> \u201cKaranl\u0131k \u015eehir Hik\u00e2yeleri\u201d <\/strong>adl\u0131 serinin ilk filmi olarak izleyicilere adalet, iyilik, <img loading=\"lazy\" class=\"alignright wp-image-141291\" src=\"https:\/\/www.enerjigazetesi.ist\/wp-content\/uploads\/2021\/08\/polisiye-filmin-basarili-ornegi-kilit-55-sehirde-216-salonda-gosterimde-2.jpg\" alt=\"\" width=\"320\" height=\"263\" srcset=\"https:\/\/www.enerjigazetesi.ist\/wp-content\/uploads\/2021\/08\/polisiye-filmin-basarili-ornegi-kilit-55-sehirde-216-salonda-gosterimde-2.jpg 407w, https:\/\/www.enerjigazetesi.ist\/wp-content\/uploads\/2021\/08\/polisiye-filmin-basarili-ornegi-kilit-55-sehirde-216-salonda-gosterimde-2-300x246.jpg 300w, https:\/\/www.enerjigazetesi.ist\/wp-content\/uploads\/2021\/08\/polisiye-filmin-basarili-ornegi-kilit-55-sehirde-216-salonda-gosterimde-2-61x50.jpg 61w\" sizes=\"(max-width: 320px) 100vw, 320px\" \/>empati ve merhamet kavramlar\u0131n\u0131 yeniden sorgulat\u0131yor. Farkl\u0131 hik\u00e2yesi ve anlat\u0131m diliyle dikkat \u00e7eken polisiye gizem filmi<strong> <em>\u201cKilit\u201d<\/em><\/strong>te,<strong> Mert F\u0131rat<\/strong> ve <strong>Melisa Asl\u0131 Pamuk<\/strong>, Cinayet B\u00fcro ba\u015fkomiseri Erol Haktan ve \u0130stihbarat Te\u015fkilat\u0131 g\u00f6revlisi Selin Korkmaz karakterleriyle ba\u015frol\u00fc payla\u015f\u0131yorlar. Filmde ayn\u0131 zamanda, usta oyuncu <strong>Mustafa Alabora <\/strong>ile birlikte <strong>Timur Acar, <\/strong><strong>Asuman Dabak, Tu\u011f\u00e7e Karabacak, Melik Akkaya, Aykut Ta\u015fk\u0131n<\/strong>, <strong>G\u00f6khan Tevek <\/strong>ile <strong>Do\u011fan Ke\u00e7in<\/strong> rol al\u0131yor.<\/p>\n<p>Cezaevinde rutin sabah say\u0131m\u0131n\u0131 yapan Ba\u015fgardiyan Hamza (<strong>Timur Acar<\/strong>) ve ekibi, girdikleri her ko\u011fu\u015fta <strong>birer iki\u015fer cesetle<\/strong> kar\u015f\u0131la\u015f\u0131r. V\u00fccutlar\u0131nda <strong>bo\u011fulma, yaralanma<\/strong> veya <strong>darp izi bulunmayan<\/strong> cesetler i\u00e7in ko\u011fu\u015flardaki di\u011fer mahkumlar\u0131n da hi\u00e7bir a\u00e7\u0131klamas\u0131 yoktur. Olay\u0131n ayd\u0131nlat\u0131lmas\u0131 i\u00e7in <strong>\u0130stihbarat te\u015fkilat\u0131nda<\/strong> g\u00f6revli Selin Korkmaz (<strong>Melisa Asl\u0131 Pamuk<\/strong>) ve Cinayet B\u00fcro\u2019dan Ba\u015fkomiser Erol Haktan (<strong>Mert F\u0131rat<\/strong>) g\u00f6revlendirilir. G\u00f6reve ba\u015flayan ikili, \u00f6l\u00fcmlerin ard\u0131ndaki gizemleri \u00e7\u00f6zmek i\u00e7in att\u0131klar\u0131 her ad\u0131mda \u015foke edici ger\u00e7eklerle y\u00fczle\u015firler.<\/p>\n<p><strong><em>\u201cKilit\u201d<\/em><\/strong>in senaryosunda, \u00e7e\u015fitli projelerde y\u00f6netmenlik, senaristlik ve prod\u00fckt\u00f6rl\u00fck yapan <strong>Adil O\u011fuz Valizade <\/strong>ve <strong>Arif Valizade <\/strong>karde\u015fler ile ba\u015far\u0131l\u0131 polisiye roman yazar\u0131 <strong>Cenk \u00c7al\u0131\u015f\u0131r<\/strong>\u2019\u0131n imzas\u0131 bulunuyor. Y\u00f6netmenli\u011fini <strong>Adil O\u011fuz Valizade<\/strong>\u2019nin, yap\u0131mc\u0131l\u0131\u011f\u0131n\u0131 ise <strong>Arif Valizade<\/strong>\u2019nin \u00fcstlendi\u011fi <strong><em>\u201cKilit\u201d<\/em><\/strong>, <strong>Valizade <\/strong>karde\u015flerin ilk uzun metrajl\u0131 film projesi olma \u00f6zelli\u011fini ta\u015f\u0131yor.<\/p>\n<p>Bir <strong>Dark Town Pictures <\/strong>yap\u0131m\u0131 olan, da\u011f\u0131t\u0131mc\u0131l\u0131\u011f\u0131n\u0131 <strong>CGV Mars Da\u011f\u0131t\u0131m<\/strong>\u2019\u0131n \u00fcstlendi\u011fi <strong><em>\u201cKilit\u201d<\/em><\/strong> sinemalarda!<\/p>","protected":false},"excerpt":{"rendered":"<p>Sorry, this entry is only available in Turkish. For the sake of viewer convenience, the content is shown below in the alternative language. You may click the link to switch the active language. Polisiye gizem filmi \u201cKilit\u201d, ayn\u0131 sabah farkl\u0131 ko\u011fu\u015flarda on mahk\u00fbmun birden \u00f6l\u00fc bulundu\u011fu bir cezaevinde ya\u015fananlar\u0131n izini s\u00fcren polislerin s\u00fcr\u00fckleyici hik\u00e2yesini beyazperdeye [&hellip;]<\/p>\n","protected":false},"author":1,"featured_media":141290,"comment_status":"open","ping_status":"open","sticky":false,"template":"","format":"standard","meta":[],"categories":[53,4],"tags":[95951,95950,61563,95949,61535],"views":190,"_links":{"self":[{"href":"https:\/\/www.enerjigazetesi.ist\/en\/wp-json\/wp\/v2\/posts\/141287"}],"collection":[{"href":"https:\/\/www.enerjigazetesi.ist\/en\/wp-json\/wp\/v2\/posts"}],"about":[{"href":"https:\/\/www.enerjigazetesi.ist\/en\/wp-json\/wp\/v2\/types\/post"}],"author":[{"embeddable":true,"href":"https:\/\/www.enerjigazetesi.ist\/en\/wp-json\/wp\/v2\/users\/1"}],"replies":[{"embeddable":true,"href":"https:\/\/www.enerjigazetesi.ist\/en\/wp-json\/wp\/v2\/comments?post=141287"}],"version-history":[{"count":1,"href":"https:\/\/www.enerjigazetesi.ist\/en\/wp-json\/wp\/v2\/posts\/141287\/revisions"}],"predecessor-version":[{"id":141288,"href":"https:\/\/www.enerjigazetesi.ist\/en\/wp-json\/wp\/v2\/posts\/141287\/revisions\/141288"}],"wp:featuredmedia":[{"embeddable":true,"href":"https:\/\/www.enerjigazetesi.ist\/en\/wp-json\/wp\/v2\/media\/141290"}],"wp:attachment":[{"href":"https:\/\/www.enerjigazetesi.ist\/en\/wp-json\/wp\/v2\/media?parent=141287"}],"wp:term":[{"taxonomy":"category","embeddable":true,"href":"https:\/\/www.enerjigazetesi.ist\/en\/wp-json\/wp\/v2\/categories?post=141287"},{"taxonomy":"post_tag","embeddable":true,"href":"https:\/\/www.enerjigazetesi.ist\/en\/wp-json\/wp\/v2\/tags?post=141287"}],"curies":[{"name":"wp","href":"https:\/\/api.w.org\/{rel}","templated":true}]}}