{"id":141192,"date":"2021-08-29T13:34:37","date_gmt":"2021-08-29T10:34:37","guid":{"rendered":"https:\/\/www.enerjigazetesi.ist\/?p=141192"},"modified":"2021-08-29T13:35:43","modified_gmt":"2021-08-29T10:35:43","slug":"motul-turkiye-deki-yatirimlarini-artirarak-ekiplerini-de-buyutuyor","status":"publish","type":"post","link":"https:\/\/www.enerjigazetesi.ist\/en\/motul-turkiye-deki-yatirimlarini-artirarak-ekiplerini-de-buyutuyor\/","title":{"rendered":"(Turkish) &#8217;Motul&#8217; T\u00fcrkiye\u2019deki Yat\u0131r\u0131mlar\u0131n\u0131 Art\u0131rarak Ekiplerini de B\u00fcy\u00fct\u00fcyor&#8230;"},"content":{"rendered":"<p class=\"qtranxs-available-languages-message qtranxs-available-languages-message-en\">Sorry, this entry is only available in <a href=\"https:\/\/www.enerjigazetesi.ist\/tr\/wp-json\/wp\/v2\/posts\/141192\" class=\"qtranxs-available-language-link qtranxs-available-language-link-tr\" title=\"Turkish\">Turkish<\/a>. For the sake of viewer convenience, the content is shown below in the alternative language. You may click the link to switch the active language.<\/p><p><\/p>\n<h2><strong>D\u00fcnya&#8217;n\u0131n lider madeni ya\u011f \u00fcreticilerinden Motul, T\u00fcrkiye\u2019de b\u00fcy\u00fcmeye devam ediyor. Yat\u0131r\u0131mlar\u0131n\u0131 art\u0131ran ve ekibini b\u00fcy\u00fcten Motul, T\u00fcrkiye\u2019de \u015firketle\u015fti\u011fi 2017 y\u0131l\u0131ndan g\u00fcn\u00fcm\u00fcze hedeflerinin \u00fczerinde bir ba\u015far\u0131 g\u00f6stererek pazar b\u00fcy\u00fckl\u00fc\u011f\u00fcnde emin ad\u0131mlarla ilerleyi\u015fini s\u00fcrd\u00fcr\u00fcyor.<\/strong><\/h2>\n<p>Motul kuruldu\u011fu 1853 senesinden g\u00fcn\u00fcm\u00fcze, <strong>madeni ya\u011f pazar\u0131<\/strong>ndaki uzmanl\u0131\u011f\u0131, tecr\u00fcbesi ve <strong>AR-GE faaliyetleri<\/strong>nin sonucu olarak geli\u015ftirdi\u011fi <strong>otomobil, motosiklet, a\u011f\u0131r vas\u0131ta, marin, <img loading=\"lazy\" class=\"alignright wp-image-141196\" src=\"https:\/\/www.enerjigazetesi.ist\/wp-content\/uploads\/2021\/08\/motul-turkiye-deki-yatirimlari-artirarak-ekiplerini-de-buyutuyor-1.jpg\" alt=\"\" width=\"320\" height=\"214\" srcset=\"https:\/\/www.enerjigazetesi.ist\/wp-content\/uploads\/2021\/08\/motul-turkiye-deki-yatirimlari-artirarak-ekiplerini-de-buyutuyor-1.jpg 550w, https:\/\/www.enerjigazetesi.ist\/wp-content\/uploads\/2021\/08\/motul-turkiye-deki-yatirimlari-artirarak-ekiplerini-de-buyutuyor-1-300x200.jpg 300w, https:\/\/www.enerjigazetesi.ist\/wp-content\/uploads\/2021\/08\/motul-turkiye-deki-yatirimlari-artirarak-ekiplerini-de-buyutuyor-1-500x334.jpg 500w, https:\/\/www.enerjigazetesi.ist\/wp-content\/uploads\/2021\/08\/motul-turkiye-deki-yatirimlari-artirarak-ekiplerini-de-buyutuyor-1-75x50.jpg 75w, https:\/\/www.enerjigazetesi.ist\/wp-content\/uploads\/2021\/08\/motul-turkiye-deki-yatirimlari-artirarak-ekiplerini-de-buyutuyor-1-450x300.jpg 450w\" sizes=\"(max-width: 320px) 100vw, 320px\" \/>powergen<\/strong> ve <strong>end\u00fcstriyel \u00fcr\u00fcnleri<\/strong> ile T\u00fcrkiye\u2019de pazar pay\u0131n\u0131 art\u0131rmaya devam ediyor. Sekt\u00f6r\u00fcn en geni\u015f \u00fcr\u00fcn yelpazelerinden birine sahip olmas\u0131n\u0131n yan\u0131 s\u0131ra m\u00fc\u015fterilerine sundu\u011fu katma de\u011ferli hizmetleri, <strong>Motul\u2019\u00fc<\/strong> rakiplerinin \u00f6n\u00fcne ge\u00e7iriyor. Say\u0131s\u0131<strong> 170\u2019i<\/strong> ge\u00e7en yetkili <strong>Garage Concept servisleri<\/strong> ve \u015fanz\u0131man ya\u011f\u0131 de\u011fi\u015fimi hizmeti sunan 52 Motul EVO noktas\u0131 sayesinde Motul, <strong>ara\u00e7 servis sekt\u00f6r\u00fc<\/strong>nde \u00f6nemli ba\u015far\u0131lara imza at\u0131yor. Motul\u2019\u00fcn yeni hizmeti olan <strong>motor performans<\/strong> ve <strong>temizlik<\/strong> noktalar\u0131<strong> Motul Performance Service<\/strong> ise \u00e7ok yak\u0131nda yetkili noktalarda hizmet vermeye ba\u011flayacak. Motul ayr\u0131ca <strong>MotulTech end\u00fcstriyel ya\u011flar\u0131<\/strong> ve <strong>Powergen segmentlerindeki \u00fcr\u00fcnleri<\/strong> ile de sekt\u00f6r\u00fcnde fark yarat\u0131yor.<\/p>\n<p>Geli\u015ftirdi\u011fi \u00fcst\u00fcn teknolojili madeni ya\u011f serilerinin yan\u0131 s\u0131ra katk\u0131lar, <strong>servis kimyasallar\u0131<\/strong> ve <strong>ara\u00e7 bak\u0131m<\/strong> ve <strong>temizlik \u00fcr\u00fcnlerini<\/strong> de portf\u00f6y\u00fcnde bulunduran Motul\u2019\u00fcn T\u00fcrkiye\u2019de ger\u00e7ekle\u015ftirdi\u011fi ileti\u015fim ve pazarlama faaliyetleri de her ge\u00e7en g\u00fcn art\u0131yor. Sahada bir \u00e7ok etkinlikte ara\u00e7 tutkunlar\u0131 ile bulu\u015fan Motul, dijital d\u00fcnyada yapt\u0131\u011f\u0131 pazarlama faaliyetleri ile \u00f6ne \u00e7\u0131k\u0131yor.<\/p>\n<p>\u0130stanbul\u2019da bulunan yeni genel merkezlerinin a\u00e7\u0131l\u0131\u015f\u0131nda konu\u015fan Motul T\u00fcrkiye ve Orta Do\u011fu Genel M\u00fcd\u00fcr\u00fc Dmirty Bakumenko <span style=\"text-decoration: underline;\">\u015funlar\u0131 s\u00f6yledi:<\/span> <em>\u201cT\u00fcrkiye\u2019ye yat\u0131r\u0131m yapmaya ba\u015flad\u0131\u011f\u0131m\u0131z ilk g\u00fcnden bu yana Motul T\u00fckiye\u2019nin grafi\u011fi devaml\u0131 y\u00fckseldi\u011fi i\u00e7in olduk\u00e7a mutluyuz. \u00d6ncelikle i\u015f ortaklar\u0131m\u0131za ve Motul T\u00fcrkiye ekibine g\u00f6sterdikleri \u00f6zverili \u00e7al\u0131\u015fmalar i\u00e7in te\u015fekk\u00fcr ediyorum. Bug\u00fcn, <strong>Motul T\u00fcrkiye<\/strong>, Motul\u2019\u00fcn global anlamda g\u00f6zbebe\u011fi \u00fclkelerinden biri haline geldi. Ba\u015far\u0131m\u0131z\u0131n s\u0131rr\u0131 elbette \u00f6ncelikle \u00fcr\u00fcnlerimizin <strong>kalitesi, performans\u0131<\/strong> ve <strong>g\u00fcvenirli\u011fi<\/strong>. Do\u011fru \u00fcr\u00fcnler \u00fczerine geli\u015ftirdi\u011fimiz sat\u0131\u015f ve pazarlama yakla\u015f\u0131mlar\u0131m\u0131z\u0131n sayesinde ba\u015far\u0131ya ula\u015ft\u0131k. Tamam\u0131 Avrupa\u2019da \u00fcretilen, <strong>kalitesi<\/strong> ve <strong>\u00fcretici onaylar\u0131<\/strong> ile <strong>bir\u00e7ok testten sonra ara\u00e7 sahipleri<\/strong> ile bulu\u015fturdu\u011fumuz Motul \u00fcr\u00fcnlerinin servisler taraf\u0131ndan g\u00fcn ge\u00e7tik\u00e7e daha \u00e7ok tercih edilmesi pazardaki yerimizi sa\u011flamla\u015ft\u0131r\u0131rken servislerle olan i\u015f birliklerimizin daha da g\u00fc\u00e7l\u00fc olmas\u0131n\u0131 sa\u011fl\u0131yor. <strong>Motul T\u00fcrkiye<\/strong> olarak son <strong>5<\/strong> senede <strong>6 kat<\/strong> b\u00fcy\u00fcd\u00fck. Bu b\u00fcy\u00fcmenin devam edece\u011fine eminim. Do\u011fru \u00fcr\u00fcn stratejisi, <strong>g\u00fc\u00e7l\u00fc \u00fcr\u00fcn tedari\u011fi<\/strong> ve <strong>\u00e7al\u0131\u015fkan sat\u0131\u015f a\u011f\u0131<\/strong> ile ba\u015far\u0131ya ula\u015fmamak i\u00e7in bir sebep yok ve biz Motul T\u00fcrkiye olarak t\u00fcm bu de\u011ferlere sahibiz. Yeni ofisimizin a\u00e7\u0131l\u0131\u015f\u0131nda burada olan herkes bu yolculukta bize e\u015flik etti ve g\u00fcc\u00fcm\u00fcze g\u00fc\u00e7 katt\u0131. <strong>Hepinize Motul markas\u0131na<\/strong> olan g\u00fcveniniz i\u00e7in te\u015fekk\u00fcr ediyorum. Nice ba\u015far\u0131larda beraber olmak dile\u011fi ile&#8230;\u201d<\/em><\/p>","protected":false},"excerpt":{"rendered":"<p>Sorry, this entry is only available in Turkish. For the sake of viewer convenience, the content is shown below in the alternative language. You may click the link to switch the active language. D\u00fcnya&#8217;n\u0131n lider madeni ya\u011f \u00fcreticilerinden Motul, T\u00fcrkiye\u2019de b\u00fcy\u00fcmeye devam ediyor. Yat\u0131r\u0131mlar\u0131n\u0131 art\u0131ran ve ekibini b\u00fcy\u00fcten Motul, T\u00fcrkiye\u2019de \u015firketle\u015fti\u011fi 2017 y\u0131l\u0131ndan g\u00fcn\u00fcm\u00fcze hedeflerinin [&hellip;]<\/p>\n","protected":false},"author":1,"featured_media":141197,"comment_status":"open","ping_status":"open","sticky":false,"template":"","format":"standard","meta":[],"categories":[53,44],"tags":[95887,95885,95889,95886,95888,95884],"views":233,"_links":{"self":[{"href":"https:\/\/www.enerjigazetesi.ist\/en\/wp-json\/wp\/v2\/posts\/141192"}],"collection":[{"href":"https:\/\/www.enerjigazetesi.ist\/en\/wp-json\/wp\/v2\/posts"}],"about":[{"href":"https:\/\/www.enerjigazetesi.ist\/en\/wp-json\/wp\/v2\/types\/post"}],"author":[{"embeddable":true,"href":"https:\/\/www.enerjigazetesi.ist\/en\/wp-json\/wp\/v2\/users\/1"}],"replies":[{"embeddable":true,"href":"https:\/\/www.enerjigazetesi.ist\/en\/wp-json\/wp\/v2\/comments?post=141192"}],"version-history":[{"count":1,"href":"https:\/\/www.enerjigazetesi.ist\/en\/wp-json\/wp\/v2\/posts\/141192\/revisions"}],"predecessor-version":[{"id":141193,"href":"https:\/\/www.enerjigazetesi.ist\/en\/wp-json\/wp\/v2\/posts\/141192\/revisions\/141193"}],"wp:featuredmedia":[{"embeddable":true,"href":"https:\/\/www.enerjigazetesi.ist\/en\/wp-json\/wp\/v2\/media\/141197"}],"wp:attachment":[{"href":"https:\/\/www.enerjigazetesi.ist\/en\/wp-json\/wp\/v2\/media?parent=141192"}],"wp:term":[{"taxonomy":"category","embeddable":true,"href":"https:\/\/www.enerjigazetesi.ist\/en\/wp-json\/wp\/v2\/categories?post=141192"},{"taxonomy":"post_tag","embeddable":true,"href":"https:\/\/www.enerjigazetesi.ist\/en\/wp-json\/wp\/v2\/tags?post=141192"}],"curies":[{"name":"wp","href":"https:\/\/api.w.org\/{rel}","templated":true}]}}