{"id":141171,"date":"2021-08-29T12:45:06","date_gmt":"2021-08-29T09:45:06","guid":{"rendered":"https:\/\/www.enerjigazetesi.ist\/?p=141171"},"modified":"2021-08-29T12:45:06","modified_gmt":"2021-08-29T09:45:06","slug":"iklim-krizine-karsi-yesil-ticaret-onerileri-izmir-is-gunlerinde-konusulacak","status":"publish","type":"post","link":"https:\/\/www.enerjigazetesi.ist\/en\/iklim-krizine-karsi-yesil-ticaret-onerileri-izmir-is-gunlerinde-konusulacak\/","title":{"rendered":"(Turkish) \u0130klim Krizine Kar\u015f\u0131 Ye\u015fil Ticaret \u00d6nerileri &#8216;\u0130zmir \u0130\u015f G\u00fcnleri&#8217;nde Konu\u015fulacak"},"content":{"rendered":"<p class=\"qtranxs-available-languages-message qtranxs-available-languages-message-en\">Sorry, this entry is only available in <a href=\"https:\/\/www.enerjigazetesi.ist\/tr\/wp-json\/wp\/v2\/posts\/141171\" class=\"qtranxs-available-language-link qtranxs-available-language-link-tr\" title=\"Turkish\">Turkish<\/a>. For the sake of viewer convenience, the content is shown below in the alternative language. You may click the link to switch the active language.<\/p><p><\/p>\n<h2>Her y\u0131l kentin ticari f\u0131rsatlar\u0131n\u0131n de\u011ferlendirilmesine katk\u0131 koymak amac\u0131yla \u0130zmir Enternasyonal Fuar\u0131 kapsam\u0131nda d\u00fczenlenen Uluslararas\u0131 \u0130zmir \u0130\u015f G\u00fcnleri, 02-03 Eyl\u00fcl 2021 tarihlerinde \u00e7evrimi\u00e7i olarak yap\u0131lacak. Bu y\u0131l 7\u2019nci kez d\u00fczenlenen \u00a0\u0130zmir \u0130\u015f G\u00fcnleri\u2019nde \u201cTicaret ve Lojistik Ekseninde D\u00f6ng\u00fcsel Ekonomi ve Ye\u015fil Mutabakat\u201d konusu i\u015flenecek.<\/h2>\n<p>2015 y\u0131l\u0131nda T.C. Ekonomi Bakanl\u0131\u011f\u0131 himayesinde ba\u015flayan, 2018 itibar\u0131yla <strong>T.C. Ticaret Bakanl\u0131\u011f\u0131<\/strong> himayesinde devam ettirilen<strong> \u0130zmir \u0130\u015f G\u00fcnleri Toplant\u0131lar\u0131<\/strong> her y\u0131l kentin ticari f\u0131rsatlar\u0131n\u0131n <img loading=\"lazy\" class=\"alignright wp-image-141174\" src=\"https:\/\/www.enerjigazetesi.ist\/wp-content\/uploads\/2021\/08\/iklim-krizine-karsi-yesil-ticaret-onerileri-izmir-is-gunlerinde-konusulacak.jpg\" alt=\"\" width=\"320\" height=\"200\" srcset=\"https:\/\/www.enerjigazetesi.ist\/wp-content\/uploads\/2021\/08\/iklim-krizine-karsi-yesil-ticaret-onerileri-izmir-is-gunlerinde-konusulacak.jpg 550w, https:\/\/www.enerjigazetesi.ist\/wp-content\/uploads\/2021\/08\/iklim-krizine-karsi-yesil-ticaret-onerileri-izmir-is-gunlerinde-konusulacak-300x187.jpg 300w, https:\/\/www.enerjigazetesi.ist\/wp-content\/uploads\/2021\/08\/iklim-krizine-karsi-yesil-ticaret-onerileri-izmir-is-gunlerinde-konusulacak-500x312.jpg 500w, https:\/\/www.enerjigazetesi.ist\/wp-content\/uploads\/2021\/08\/iklim-krizine-karsi-yesil-ticaret-onerileri-izmir-is-gunlerinde-konusulacak-80x50.jpg 80w\" sizes=\"(max-width: 320px) 100vw, 320px\" \/>de\u011ferlendirilmesine katk\u0131 koymak amac\u0131yla d\u00fczenleniyor.<\/p>\n<p>2015 y\u0131l\u0131 itibariyle\u00a0<strong>\u0130zmir Enternasyonal Fuar\u0131<\/strong>\u2019n\u0131n<strong> \u201cgenel ticaret fuar\u0131\u201d<\/strong> konseptinin \u0130\u015f G\u00fcnleri eksenine girmesi ile toplant\u0131lara kat\u0131lan \u00fclkelerin, T\u00fcrk yat\u0131r\u0131mc\u0131lar ile i\u015f f\u0131rsatlar\u0131n\u0131 de\u011ferlendirebilece\u011fi ticari bir platform olu\u015fturuldu.\u00a06 y\u0131lda yakla\u015f\u0131k 100 \u00fclkeden 100\u2019e yak\u0131n konu\u015fmac\u0131, 1.500\u2019\u00fcn \u00fczerinde kat\u0131l\u0131mc\u0131n\u0131n yer ald\u0131\u011f\u0131 <strong>Uluslararas\u0131 \u0130zmir \u0130\u015f G\u00fcnleri<\/strong>\u2019nin konu ba\u015fl\u0131klar\u0131, her y\u0131l d\u00fcnya g\u00fcndeminin gidi\u015fat\u0131na g\u00f6re \u015fekilleniyor.<\/p>\n<h3><strong>\u0130klim krizine k\u00fcresel \u00e7\u00f6z\u00fcmler\u00a0<\/strong><\/h3>\n<p><strong>02-03 Eyl\u00fcl 2021<\/strong> tarihlerinde ger\u00e7ekle\u015ftirilecek <strong>7. \u0130zmir \u0130\u015f G\u00fcnleri<\/strong> ile ilgili tema olarak <strong>\u201cTicaret ve Lojistik Ekseninde D\u00f6ng\u00fcsel Ekonomi ve Ye\u015fil Mutabakat\u201d<\/strong> konusu i\u015flenecek. 7. \u0130zmir \u0130\u015f G\u00fcnleri, \u00a0sanayi politikalar\u0131nda ve ticaretin genelinde yap\u0131lacak d\u00f6n\u00fc\u015f\u00fcmlerin, <strong>iklim krizi<\/strong> ile birlikte daha b\u00fcy\u00fck bir \u00f6nem kazanmas\u0131yla birlikte konuyla ilgili fark\u0131ndal\u0131\u011f\u0131n art\u0131r\u0131lmas\u0131n\u0131 ama\u00e7l\u0131yor. Bu kapsamda yap\u0131lacak toplant\u0131larda sekt\u00f6rlerin ve firmalar\u0131n bilin\u00e7lenmesi ve s\u00fcrd\u00fcr\u00fclebilir politikalar geli\u015ftirmesi \u00f6n g\u00f6r\u00fcl\u00fcyor. <strong>Birle\u015fmi\u015f Milletler (BM)<\/strong> taraf\u0131ndan<strong> \u201ciklim krizi\u201d<\/strong> olarak adland\u0131r\u0131lmaya ba\u015flanan iklim de\u011fi\u015fikli\u011fi sorunu art\u0131k d\u00fcnyan\u0131n pandemiden \u00e7ok daha \u00e7arp\u0131c\u0131 bir \u015fekilde kar\u015f\u0131 kar\u015f\u0131ya kald\u0131\u011f\u0131 k\u00fcresel bir sorun olarak g\u00f6r\u00fcl\u00fcyor. Bu sorun ile ba\u015fa \u00e7\u0131kmak ad\u0131na d\u00fcnyada yeni stratejiler geli\u015ftiriliyor. Bu kapsamda <strong>\u0130zmir \u0130\u015f G\u00fcnleri Toplant\u0131lar\u0131<\/strong>\u2019nda bu y\u0131l <strong>d\u00f6ng\u00fcsel ekonomi, ye\u015fil kalk\u0131nma, iklim de\u011fi\u015fikli\u011fi, AB Ye\u015fil Mutabakat\u0131<\/strong> gibi \u00f6nemli konularla ilgili<strong> k\u00fcresel<\/strong> ve y<strong>erel e\u011filimler<\/strong> hakk\u0131nda fikir al\u0131\u015f veri\u015fi yap\u0131lacak.<\/p>\n<h3><strong>Aral\u0131ks\u0131z olarak devam ediyor<\/strong><\/h3>\n<p><strong>7&#8217;inci \u0130zmir \u0130\u015f G\u00fcnleri,<\/strong> pandeminin yaratt\u0131\u011f\u0131 zorluklara ra\u011fmen <strong>2 senedir<\/strong> t\u00fcm payda\u015flar\u0131n katk\u0131s\u0131yla online olarak ger\u00e7ekle\u015fiyor. Toplant\u0131lar, <em>T. C. Ticaret Bakanl\u0131\u011f\u0131, \u0130zmir B\u00fcy\u00fck\u015fehir Belediyesi, \u0130ZFA\u015e, taraf\u0131ndan \u0130zmir Ticaret Odas\u0131 (\u0130ZTO), Ege B\u00f6lgesi Sanayi Odas\u0131 (EBSO), \u0130zmir Ticaret Borsas\u0131 (\u0130TB), Deniz Ticaret Odas\u0131 \u0130zmir \u015eubesi (\u0130MEAK) ve Ege \u0130hracat\u00e7\u0131 Birlikleri\u2019nin (E\u0130B)<\/em> i\u015fbirli\u011fiyle d\u00fczenleniyor.<\/p>\n<h3><strong>K\u00fcresel ve ortak ak\u0131l<\/strong><\/h3>\n<p>Konusunda uzman konu\u015fmac\u0131lar ve kurum ba\u015fkanlar\u0131n\u0131n yer alaca\u011f\u0131 toplant\u0131lar <strong>2 g\u00fcn boyunca<\/strong> devam edecek. Sekt\u00f6r\u00fcn \u00f6nc\u00fc isimlerinin bir araya gelece\u011fi toplant\u0131larda; son t\u00fcketiciler sekt\u00f6r temsilcileri ile bulu\u015fturarak her sekt\u00f6rden yeniliklerin de\u011ferlendirildi\u011fi genel ticaret platformu olu\u015fturulacak. Oturumlar, ge\u00e7en y\u0131l oldu\u011fu gibi bu y\u0131l da <strong><a href=\"http:\/\/www.izmirisgunleri.com\" target=\"_blank\" rel=\"noopener\">www.izmirisgunleri.com<\/a><\/strong> adresi \u00fczerinden <strong>T\u00fcrk\u00e7e<\/strong> ve <strong>\u0130ngilizce<\/strong> olarak canl\u0131 yay\u0131nlanacak. Oturumlar kapsam\u0131nda ele al\u0131nacak <span style=\"text-decoration: underline;\">konu ba\u015fl\u0131klar\u0131 ise \u015f\u00f6yle:<\/span><\/p>\n<p><em>\u201cI\u0307klim Krizinde Ekonomi, \u0130leti\u015fim, Kentler Aras\u0131 \u0130li\u015fkiler ve \u00dcretimde Yenilik\u00e7i Yakla\u015f\u0131mlar\u201d, \u201cSanayi 5.0 Penceresinden D\u00f6n\u00fc\u015f\u00fcm\u00fcn Dinamikleri\u201d, \u201cTicaretin Gelece\u011fi: G\u00fcncel Geli\u015fmeler\u201d, \u201cI\u0307kl\u0131\u0307m Kr\u0131\u0307z\u0131\u0307nde Tar\u0131m: T\u0131\u0307caret ve Loj\u0131\u0307st\u0131\u0307k Stratej\u0131\u0307ler\u0131\u0307nde Yenilik\u00e7i Yakla\u015f\u0131mlar\u201d, \u201cYe\u015fil Mutabakat Ekseninde D\u0131\u015f Ticaretteki Yeni F\u0131rsat Ve Tehditler, T\u00fcrkiye A\u00e7\u0131s\u0131ndan Bir De\u011ferlendirme\u201d, \u201cPandemi Sonras\u0131 D\u00f6nemde Deniz Ta\u015f\u0131mac\u0131l\u0131\u011f\u0131 ve Yeni Lojistik Stratejileri\u201d<\/em><\/p>\n<h3><strong>2020 y\u0131l\u0131nda ilk kez online olarak ger\u00e7ekle\u015fti<\/strong><\/h3>\n<p><strong>6. Uluslararas\u0131 \u0130zmir \u0130\u015f G\u00fcnleri<\/strong>, 2020 y\u0131l\u0131nda pandemi sebebiyle<strong> ilk kez \u00e7evrimi\u00e7i<\/strong> olarak ger\u00e7ekle\u015fti. Online toplant\u0131larda, <strong>\u201cAkdeniz\u2019de Ticaretin Lojisti\u011fi\u201d<\/strong> \u00e7er\u00e7evesinde Akdeniz kentleri aras\u0131ndaki i\u015f f\u0131rsatlar\u0131 de\u011ferlendirildi. Oturumlarda; <strong>lojistik, tekstil, deniz ta\u015f\u0131mac\u0131l\u0131\u011f\u0131, sanayi, tar\u0131m<\/strong> ve<strong> e-ticaret<\/strong> gibi sekt\u00f6rlerden temsilciler aras\u0131nda, bakan ve bakan yard\u0131mc\u0131lar\u0131 seviyesinde yap\u0131lan g\u00f6r\u00fc\u015fmelerde pandemi sonras\u0131 ticaretin f\u0131rsatlar\u0131 g\u00fcndeme geldi. Kat\u0131l\u0131mc\u0131lar, \u00f6zellikle salg\u0131n ve salg\u0131n sonras\u0131 d\u00f6nemde Akdeniz \u00fclkelerinde \u00fcretim ve t\u00fcketim potansiyellerinde art\u0131\u015f kaydedilmesi beklenen sekt\u00f6r ve \u00fcr\u00fcn gruplar\u0131 hakk\u0131nda bilgi al\u0131\u015f veri\u015finde bulundu. <strong>2 g\u00fcnde<\/strong> ger\u00e7ekle\u015fen<strong> 9 oturuma<\/strong> aralar\u0131nda <em>T.C. Ticaret Bakan\u0131 Ruhsar Pekcan; Fas Sanayi, Ticaret, Ye\u015fil ve Dijital Ekonomi Bakan\u0131 Moulay Hafid Elalamy; \u0130spanya Sanayi, Ticaret ve Turizm Bakan\u0131 Maria Reyes Maroto Illera; \u0130talya D\u0131\u015fi\u015fleri ve Uluslararas\u0131 \u0130\u015fbirli\u011fi Bakan Yard\u0131mc\u0131s\u0131 Manlio Di Stefano; \u0130zmir Valisi Yavuz Selim K\u00f6\u015fger ve \u0130zmir B\u00fcy\u00fck\u015fehir Belediye Ba\u015fkan\u0131 Tun\u00e7 Soyer\u2019in de<\/em> bulundu\u011fu 40\u2019\u0131n \u00fczerinde konu\u015fmac\u0131 kat\u0131ld\u0131. Online olarak ger\u00e7ekle\u015fen oturumlarda <strong>50\u2019ye yak\u0131n<\/strong> konu g\u00fcndeme geldi. Toplant\u0131lar\u0131, <strong>4.000&#8217;in<\/strong> \u00fczerinde izleyici takip etti.<\/p>","protected":false},"excerpt":{"rendered":"<p>Sorry, this entry is only available in Turkish. For the sake of viewer convenience, the content is shown below in the alternative language. You may click the link to switch the active language. Her y\u0131l kentin ticari f\u0131rsatlar\u0131n\u0131n de\u011ferlendirilmesine katk\u0131 koymak amac\u0131yla \u0130zmir Enternasyonal Fuar\u0131 kapsam\u0131nda d\u00fczenlenen Uluslararas\u0131 \u0130zmir \u0130\u015f G\u00fcnleri, 02-03 Eyl\u00fcl 2021 tarihlerinde [&hellip;]<\/p>\n","protected":false},"author":1,"featured_media":141174,"comment_status":"open","ping_status":"open","sticky":false,"template":"","format":"standard","meta":[],"categories":[53,52],"tags":[95874,95870,95871,95869,95873,52510,85492,95867,95872,57125,95868,89051,95866],"views":203,"_links":{"self":[{"href":"https:\/\/www.enerjigazetesi.ist\/en\/wp-json\/wp\/v2\/posts\/141171"}],"collection":[{"href":"https:\/\/www.enerjigazetesi.ist\/en\/wp-json\/wp\/v2\/posts"}],"about":[{"href":"https:\/\/www.enerjigazetesi.ist\/en\/wp-json\/wp\/v2\/types\/post"}],"author":[{"embeddable":true,"href":"https:\/\/www.enerjigazetesi.ist\/en\/wp-json\/wp\/v2\/users\/1"}],"replies":[{"embeddable":true,"href":"https:\/\/www.enerjigazetesi.ist\/en\/wp-json\/wp\/v2\/comments?post=141171"}],"version-history":[{"count":0,"href":"https:\/\/www.enerjigazetesi.ist\/en\/wp-json\/wp\/v2\/posts\/141171\/revisions"}],"wp:featuredmedia":[{"embeddable":true,"href":"https:\/\/www.enerjigazetesi.ist\/en\/wp-json\/wp\/v2\/media\/141174"}],"wp:attachment":[{"href":"https:\/\/www.enerjigazetesi.ist\/en\/wp-json\/wp\/v2\/media?parent=141171"}],"wp:term":[{"taxonomy":"category","embeddable":true,"href":"https:\/\/www.enerjigazetesi.ist\/en\/wp-json\/wp\/v2\/categories?post=141171"},{"taxonomy":"post_tag","embeddable":true,"href":"https:\/\/www.enerjigazetesi.ist\/en\/wp-json\/wp\/v2\/tags?post=141171"}],"curies":[{"name":"wp","href":"https:\/\/api.w.org\/{rel}","templated":true}]}}