{"id":141165,"date":"2021-08-29T12:28:52","date_gmt":"2021-08-29T09:28:52","guid":{"rendered":"https:\/\/www.enerjigazetesi.ist\/?p=141165"},"modified":"2021-08-29T12:30:07","modified_gmt":"2021-08-29T09:30:07","slug":"elektrik-faturalariniz-bu-yuzden-artiyor-olabilir","status":"publish","type":"post","link":"https:\/\/www.enerjigazetesi.ist\/en\/elektrik-faturalariniz-bu-yuzden-artiyor-olabilir\/","title":{"rendered":"(Turkish) Elektrik Faturalar\u0131n\u0131z Bu Y\u00fczden Art\u0131yor Olabilir!"},"content":{"rendered":"<p class=\"qtranxs-available-languages-message qtranxs-available-languages-message-en\">Sorry, this entry is only available in <a href=\"https:\/\/www.enerjigazetesi.ist\/tr\/wp-json\/wp\/v2\/posts\/141165\" class=\"qtranxs-available-language-link qtranxs-available-language-link-tr\" title=\"Turkish\">Turkish<\/a>. For the sake of viewer convenience, the content is shown below in the alternative language. You may click the link to switch the active language.<\/p><p><\/p>\n<h2>Hanelerde mevsimsel olarak tercih edilen elektrikli cihazlar t\u00fcketimlerin artmas\u0131nda rol oynuyor. A\u015f\u0131r\u0131 s\u0131cakl\u0131k nedeniyle so\u011futma sistemlerinin kullan\u0131m\u0131n\u0131 art\u0131ran vatanda\u015flar\u0131n, y\u00fckselen enerji t\u00fcketimi ister istemez faturalar\u0131 da etkiliyor.<\/h2>\n<p><strong>Kullan\u0131lan cihaz say\u0131s\u0131<\/strong>, <strong>kullan\u0131m s\u00fcresi<\/strong> ve <strong>s\u0131kl\u0131\u011f\u0131 artt\u0131k\u00e7a<\/strong> yo\u011fun elektrik t\u00fcketiminin faturalardaki TL kar\u015f\u0131l\u0131\u011f\u0131 da art\u0131yor. Klimalar ise, hanelerde en \u00e7ok elektrik t\u00fcketen cihazlardan birisi <img loading=\"lazy\" class=\"alignright wp-image-141168\" src=\"https:\/\/www.enerjigazetesi.ist\/wp-content\/uploads\/2021\/08\/elektrik-faturalariniz-bu-yuzden-artiyor-olabilir-2.jpg\" alt=\"\" width=\"320\" height=\"222\" srcset=\"https:\/\/www.enerjigazetesi.ist\/wp-content\/uploads\/2021\/08\/elektrik-faturalariniz-bu-yuzden-artiyor-olabilir-2.jpg 550w, https:\/\/www.enerjigazetesi.ist\/wp-content\/uploads\/2021\/08\/elektrik-faturalariniz-bu-yuzden-artiyor-olabilir-2-300x208.jpg 300w, https:\/\/www.enerjigazetesi.ist\/wp-content\/uploads\/2021\/08\/elektrik-faturalariniz-bu-yuzden-artiyor-olabilir-2-500x347.jpg 500w, https:\/\/www.enerjigazetesi.ist\/wp-content\/uploads\/2021\/08\/elektrik-faturalariniz-bu-yuzden-artiyor-olabilir-2-72x50.jpg 72w\" sizes=\"(max-width: 320px) 100vw, 320px\" \/>olarak kar\u015f\u0131m\u0131za \u00e7\u0131k\u0131yor. Vatanda\u015flar, elektrik faturalar\u0131ndan g\u00fcnl\u00fck<strong> ortalama t\u00fcketim de\u011ferlerini<\/strong> g\u00f6rebilece\u011fi gibi bu de\u011ferleri ge\u00e7mi\u015f ay t\u00fcketimleriyle k\u0131yaslayarak, t\u00fcketim art\u0131\u015f ya da azal\u0131\u015flar\u0131n\u0131 ve kulland\u0131klar\u0131 <strong>cihazlar\u0131n t\u00fcketimlerine etkisini de<\/strong> g\u00f6rebiliyorlar.<\/p>\n<p><strong>Limak Enerji<\/strong>\u2019nin haz\u0131rlad\u0131\u011f\u0131 t\u00fcketim istatistiklerine g\u00f6re; en fazla t\u00fcketim yapan cihazlardan biri olan klima kullan\u0131m\u0131ndan kaynakl\u0131<strong> elektrik harcamalar\u0131<\/strong> hane ba\u015f\u0131na, <strong>ayl\u0131k 200 TL<\/strong>\u2019ye kadar <strong>ilave y\u00fck<\/strong> getirebiliyor.<\/p>\n<h3><strong>\u201cKlimalar, evlerde % 60\u2019a yak\u0131n t\u00fcketim art\u0131\u015f\u0131na sebep oluyor\u201d<\/strong><\/h3>\n<p>Meskenlerde klimalar\u0131n <strong>1 ay<\/strong> boyunca <strong>g\u00fcnde 5 saat<\/strong> \u00e7al\u0131\u015ft\u0131r\u0131lmas\u0131, t\u00fcketimlerde yakla\u015f\u0131k<strong> %60<\/strong>\u2019l\u0131k bir art\u0131\u015fa sebep oluyor. A s\u0131n\u0131f\u0131 bir klima <strong>5 saatlik<\/strong> kullan\u0131mda ayl\u0131k ortalama <strong>200 TL\u2019ye<\/strong> kadar ilave y\u00fck getirebiliyor. <strong>A+++<\/strong> enerji s\u0131n\u0131f\u0131 bir klima tercih edildi\u011finde ise bu tutar <strong>90 TL\u2019ye<\/strong> kadar d\u00fc\u015f\u00fcyor.<\/p>\n<h3><strong>En fazla t\u00fcketim yapan elektrikli cihazlar ise \u015f\u00f6yle s\u0131raland\u0131;<\/strong><\/h3>\n<p>Evlerde g\u00fcn i\u00e7erisinde s\u0131k\u00e7a tercih edilen cihazlar\u0131n faturaya yans\u0131mas\u0131 <strong>13<\/strong> ile <strong>51 TL<\/strong> aras\u0131nda de\u011fi\u015fiklik g\u00f6steriyor. En \u00e7ok t\u00fcketim ger\u00e7ekle\u015ftiren<strong> cihazlardan baz\u0131lar\u0131n\u0131n faturalara yans\u0131malar\u0131<\/strong> ise <span style=\"text-decoration: underline;\">\u015fu \u015fekilde;<\/span><\/p>\n<p><strong>&#8211; Kettle<\/strong> olarak bilinen su \u0131s\u0131t\u0131c\u0131s\u0131 haftan\u0131n her g\u00fcn\u00fc 1 saat kullan\u0131ld\u0131\u011f\u0131nda ayl\u0131k olarak 51 TL,<\/p>\n<p><strong>&#8211; Bilgisayar<\/strong>lar ayn\u0131 evde 2 ki\u015finin haftan\u0131n her g\u00fcn\u00fc, 8 saat kullanmas\u0131 sonucunda 41 TL,<\/p>\n<p><strong>&#8211; F\u0131r\u0131n\u0131<\/strong> haftada 3 sefer, g\u00fcnde 1.5 saat kulland\u0131\u011f\u0131nda ayl\u0131k faturaya yans\u0131mas\u0131 41 TL,<\/p>\n<p><strong>&#8211; \u00dct\u00fc<\/strong>y\u00fc haftada 3 sefer \u00e7al\u0131\u015ft\u0131rmak 26 TL,<\/p>\n<p><strong>&#8211; T<\/strong><strong>elevizyon<\/strong>u g\u00fcnde 10 saat a\u00e7\u0131k tutmak 24 TL,<\/p>\n<p><strong>&#8211; E<\/strong><strong>lektrik s\u00fcp\u00fcrgesi<\/strong>ni haftada 4 kez, g\u00fcnde 1 saat kullanman\u0131n faturalara etkisi ayl\u0131k 22 lira,<\/p>\n<p><strong>&#8211; \u00c7<\/strong><strong>ama\u015f\u0131r makinas\u0131n\u0131 <\/strong>g\u00fcnde 2 saat haftada 3 kez kullan\u0131ld\u0131\u011f\u0131nda 17 TL, <strong>\u00e7ama\u015f\u0131r kurutma makinas\u0131n\u0131 <\/strong>ayn\u0131 s\u00fcrelerde kullanmak ise 22 TL,<\/p>\n<p><strong>&#8211; D<\/strong><strong>erin dondurucuyu<\/strong> haftada 7 g\u00fcn 24 saat kullanmak 13 TL, <strong>buzdolab\u0131<\/strong>n\u0131 haftan\u0131n her g\u00fcn\u00fc 24 saat kullanmak ise faturaya <strong>27 TL<\/strong> olarak yans\u0131yor.<\/p>\n<h3><strong>Tasarruf tavsiyeleri <\/strong><\/h3>\n<p>Ortam b\u00fcy\u00fckl\u00fc\u011f\u00fcne uygun <strong>BTU kapasitesi<\/strong>ne sahip, <strong>A+++ enerji s\u0131n\u0131f\u0131<\/strong> bir klima tercih etmek, ortam s\u0131cakl\u0131\u011f\u0131na dikkat etmek ve <strong>klimay\u0131 sabit derecelerde tutmak<\/strong> tasarruf sa\u011fl\u0131yor.<\/p>\n<p>Klimalar\u0131 <strong>24 derece<\/strong> s\u0131cakl\u0131kta tutmak <strong>konforlu bir so\u011futma<\/strong> i\u00e7in yeterli oluyor. Bu de\u011ferin alt\u0131nda yap\u0131lacak fazladan her bir derecelik so\u011futma i\u00e7in <strong>% 6-7 oran\u0131nda<\/strong> elektrik t\u00fcketimi art\u0131yor. S\u0131cakl\u0131\u011f\u0131n y\u00fcksek oldu\u011fu g\u00fcnlerde buzdolab\u0131n\u0131n kapa\u011f\u0131n\u0131n s\u0131k s\u0131k a\u00e7\u0131lmas\u0131 <strong>\u00e7ok fazla enerji t\u00fcketimine<\/strong> neden oluyor ve elektrik faturas\u0131na do\u011frudan yans\u0131yor. <strong>Buzdolab\u0131n\u0131n<\/strong> arkas\u0131ndaki <strong>duvar<\/strong> ile aras\u0131nda en az<strong> 10 cm mesafe b\u0131rakmak<\/strong> hava ak\u0131m\u0131 olu\u015faca\u011f\u0131 i\u00e7in so\u011futucular\u0131n verimlili\u011fini art\u0131r\u0131yor. S\u0131cak g\u00fcnlerde s\u0131k k\u0131yafet de\u011fi\u015ftirme ihtiyac\u0131 ile birlikte <strong>\u00e7ama\u015f\u0131r makinesi kullan\u0131m\u0131<\/strong> da art\u0131\u015f g\u00f6sterdi. \u00c7ama\u015f\u0131rlar\u0131 y\u00fcksek derecelerde y\u0131kamak yerine <strong>30-40 derece<\/strong> veya <strong>so\u011fuk suyla<\/strong> k\u0131sa programda y\u0131kamak faturalarda tasarruf etmeyi sa\u011fl\u0131yor.<\/p>\n<p>T\u00fcketiciler, Limak Enerji\u2019nin <strong>verimlilik<\/strong> ve <strong>tasarruf<\/strong> tavsiyelerini <a href=\"http:\/\/www.limakuludag.com.tr\" target=\"_blank\" rel=\"noopener\">www.limakuludag.com.tr<\/a> adresi \u00fczerindeki <strong>Enerji Dan\u0131\u015fman\u0131m sayfas\u0131ndan<\/strong> \u00f6\u011frenebiliyorlar. Enerji Dan\u0131\u015fman\u0131m sayfas\u0131 ziyaret edilerek, evlerinde kulland\u0131klar\u0131 cihazlar\u0131<strong> adet, cihaz g\u00fcc\u00fc, haftal\u0131k kullan\u0131m s\u00fcresi<\/strong> ve <strong>say\u0131s\u0131n\u0131<\/strong> kendi kullan\u0131m al\u0131\u015fkanl\u0131klar\u0131na g\u00f6re belirlediklerinde olu\u015facak enerji t\u00fcketimini<strong> kWh cinsinden<\/strong> <strong>hesaplayabiliyor<\/strong> ve <strong>faturalar\u0131na etki edecek<\/strong> tutar\u0131 g\u00f6rebiliyorlar.<\/p>","protected":false},"excerpt":{"rendered":"<p>Sorry, this entry is only available in Turkish. For the sake of viewer convenience, the content is shown below in the alternative language. You may click the link to switch the active language. Hanelerde mevsimsel olarak tercih edilen elektrikli cihazlar t\u00fcketimlerin artmas\u0131nda rol oynuyor. A\u015f\u0131r\u0131 s\u0131cakl\u0131k nedeniyle so\u011futma sistemlerinin kullan\u0131m\u0131n\u0131 art\u0131ran vatanda\u015flar\u0131n, y\u00fckselen enerji t\u00fcketimi [&hellip;]<\/p>\n","protected":false},"author":1,"featured_media":141169,"comment_status":"open","ping_status":"open","sticky":false,"template":"","format":"standard","meta":[],"categories":[51,53],"tags":[24454,95864,53114,3804,49436,78787,95865,89202],"views":74,"_links":{"self":[{"href":"https:\/\/www.enerjigazetesi.ist\/en\/wp-json\/wp\/v2\/posts\/141165"}],"collection":[{"href":"https:\/\/www.enerjigazetesi.ist\/en\/wp-json\/wp\/v2\/posts"}],"about":[{"href":"https:\/\/www.enerjigazetesi.ist\/en\/wp-json\/wp\/v2\/types\/post"}],"author":[{"embeddable":true,"href":"https:\/\/www.enerjigazetesi.ist\/en\/wp-json\/wp\/v2\/users\/1"}],"replies":[{"embeddable":true,"href":"https:\/\/www.enerjigazetesi.ist\/en\/wp-json\/wp\/v2\/comments?post=141165"}],"version-history":[{"count":0,"href":"https:\/\/www.enerjigazetesi.ist\/en\/wp-json\/wp\/v2\/posts\/141165\/revisions"}],"wp:featuredmedia":[{"embeddable":true,"href":"https:\/\/www.enerjigazetesi.ist\/en\/wp-json\/wp\/v2\/media\/141169"}],"wp:attachment":[{"href":"https:\/\/www.enerjigazetesi.ist\/en\/wp-json\/wp\/v2\/media?parent=141165"}],"wp:term":[{"taxonomy":"category","embeddable":true,"href":"https:\/\/www.enerjigazetesi.ist\/en\/wp-json\/wp\/v2\/categories?post=141165"},{"taxonomy":"post_tag","embeddable":true,"href":"https:\/\/www.enerjigazetesi.ist\/en\/wp-json\/wp\/v2\/tags?post=141165"}],"curies":[{"name":"wp","href":"https:\/\/api.w.org\/{rel}","templated":true}]}}