{"id":141014,"date":"2021-08-26T12:11:48","date_gmt":"2021-08-26T09:11:48","guid":{"rendered":"https:\/\/www.enerjigazetesi.ist\/?p=141014"},"modified":"2021-08-26T12:11:48","modified_gmt":"2021-08-26T09:11:48","slug":"sulama-icin-kurulan-gunes-sistemiyle-elektrik-gideri-tamamen-sifirlandi","status":"publish","type":"post","link":"https:\/\/www.enerjigazetesi.ist\/en\/sulama-icin-kurulan-gunes-sistemiyle-elektrik-gideri-tamamen-sifirlandi\/","title":{"rendered":"(Turkish) Sulama \u0130\u00e7in Kurulan G\u00fcne\u015f Sistemiyle Elektrik Gideri Tamamen S\u0131f\u0131rland\u0131"},"content":{"rendered":"<p class=\"qtranxs-available-languages-message qtranxs-available-languages-message-en\">Sorry, this entry is only available in <a href=\"https:\/\/www.enerjigazetesi.ist\/tr\/wp-json\/wp\/v2\/posts\/141014\" class=\"qtranxs-available-language-link qtranxs-available-language-link-tr\" title=\"Turkish\">Turkish<\/a>. For the sake of viewer convenience, the content is shown below in the alternative language. You may click the link to switch the active language.<\/p><p><\/p>\n<h2><strong>\u015eanl\u0131urfa\u2019da kendisine ait 300 d\u00f6n\u00fcm arazide tar\u0131m yapan Alaaddin G\u00fcne\u015f, sulama elektri\u011fini kar\u015f\u0131lamak amac\u0131yla g\u00fcne\u015f enerjisi sistemi kurarak, elektrik faturas\u0131ndan tamamen kurtuldu.<\/strong><\/h2>\n<p><strong>Dicle Elektrik<\/strong>, hizmet b\u00f6lgesini olu\u015fturan <strong>G\u00fcneydo\u011fu\u2019nun kadim topraklar\u0131nda<\/strong> hayat bulan tar\u0131m hikayelerini aktarmaya devam ediyor. <strong>Geni\u015f tar\u0131m arazileri<\/strong> ve <strong>sulama ihtiyac\u0131n\u0131n <img loading=\"lazy\" class=\"alignright wp-image-141016\" src=\"https:\/\/www.enerjigazetesi.ist\/wp-content\/uploads\/2021\/08\/sulama-icin-kurulan-gunes-sistemiyle-elektrik-gideri-tamamen-sifirlandi-2.jpg\" alt=\"\" width=\"320\" height=\"213\" srcset=\"https:\/\/www.enerjigazetesi.ist\/wp-content\/uploads\/2021\/08\/sulama-icin-kurulan-gunes-sistemiyle-elektrik-gideri-tamamen-sifirlandi-2.jpg 550w, https:\/\/www.enerjigazetesi.ist\/wp-content\/uploads\/2021\/08\/sulama-icin-kurulan-gunes-sistemiyle-elektrik-gideri-tamamen-sifirlandi-2-300x200.jpg 300w, https:\/\/www.enerjigazetesi.ist\/wp-content\/uploads\/2021\/08\/sulama-icin-kurulan-gunes-sistemiyle-elektrik-gideri-tamamen-sifirlandi-2-500x333.jpg 500w, https:\/\/www.enerjigazetesi.ist\/wp-content\/uploads\/2021\/08\/sulama-icin-kurulan-gunes-sistemiyle-elektrik-gideri-tamamen-sifirlandi-2-75x50.jpg 75w, https:\/\/www.enerjigazetesi.ist\/wp-content\/uploads\/2021\/08\/sulama-icin-kurulan-gunes-sistemiyle-elektrik-gideri-tamamen-sifirlandi-2-450x300.jpg 450w\" sizes=\"(max-width: 320px) 100vw, 320px\" \/>b\u00fcy\u00fckl\u00fc\u011f\u00fcyle<\/strong> \u00f6ne \u00e7\u0131kan <strong>\u015eanl\u0131urfa\u2019<\/strong>n\u0131n <strong>Ak\u00e7akale il\u00e7esine<\/strong> ba\u011fl\u0131 Sak\u00e7a k\u00f6y\u00fcnde \u00e7ift\u00e7ilik yapan <strong>Alaaddin G\u00fcne\u015f<\/strong>, soyad\u0131na yak\u0131\u015f\u0131r \u00f6rnek bir uygulamaya imza att\u0131.<\/p>\n<p><strong>\u015eanl\u0131urfa\u2019da Devlet Su \u0130\u015fleri\u2019ne (DS\u0130)<\/strong> ba\u011fl\u0131 faaliyet g\u00f6steren <strong>Yal\u0131nl\u0131 &#8211; Onortak Sulama Birli\u011fi<\/strong>\u2019ne kay\u0131tl\u0131 olan \u00e7ift\u00e7i Alaaddin G\u00fcne\u015f, kendisine ait <strong>300 d\u00f6n\u00fcm arazide<\/strong> sulama ihtiyac\u0131n\u0131 kar\u015f\u0131lad\u0131\u011f\u0131 yeralt\u0131 suyu i\u00e7in \u015febeke elektri\u011fini kullan\u0131yordu. Ancak \u00e7ift\u00e7i G\u00fcne\u015f, enerji maliyetlerinin artarak s\u00fcrd\u00fcr\u00fclemez hale gelmesi \u00fczerine elektrik ihtiyac\u0131n\u0131 <strong>g\u00fcne\u015f enerjisinden kar\u015f\u0131lamak<\/strong> i\u00e7in aray\u0131\u015fa girdi. G\u00fcne\u015f, sulama yapmak i\u00e7in t\u00fcketti\u011fi elektri\u011fi kar\u015f\u0131lamak amac\u0131yla arazisine<strong> 240 panelden<\/strong> olu\u015fan<strong> g\u00fcne\u015f enerjisi sistemi<\/strong> kurdu.<\/p>\n<p>Sistemle yer alt\u0131ndan g\u00fcnde <strong>2 bin 400 ton su<\/strong> \u00e7\u0131kard\u0131klar\u0131n\u0131 belirten Alaaddin G\u00fcne\u015f, <span style=\"text-decoration: underline;\">\u015fu bilgileri verdi:<\/span> \u201cY\u0131llard\u0131r \u00e7ift\u00e7ilik yap\u0131yorum. Arazilerimiz \u00e7ok geni\u015f. <strong>Sulama ihtiyac\u0131<\/strong> \u00e7ok fazla. <strong>Yeralt\u0131 suyunu \u00e7\u0131karmak<\/strong> ciddi miktarda enerji gerektiriyor.<\/p>\n<p><strong>Y\u00fcksek maliyeti<\/strong> nedeniyle arazimizin yar\u0131s\u0131nda sulama yapam\u0131yorduk. <strong>Topraklar\u0131m\u0131z\u0131 verimli \u015fekilde<\/strong> de\u011ferlendiremiyorduk. Devletten ald\u0131\u011f\u0131m\u0131z <strong>tar\u0131m deste\u011fi<\/strong> <strong>elektrik masraf\u0131na<\/strong> gidiyordu. Hatta <strong>bazen \u00fczerine para bile koymak<\/strong> zorunda kal\u0131yorduk.\u201d<\/p>\n<h3><strong>\u201c370 bin lira yat\u0131r\u0131mla g\u00fcne\u015f enerjisi sistemi kurdum\u201d<\/strong><\/h3>\n<p>Aray\u0131\u015f sonras\u0131 yapt\u0131\u011f\u0131 ara\u015ft\u0131rmada g\u00fcne\u015f enerjisi sistemlerinin b\u00f6lgede bilindi\u011fini ve yayg\u0131nla\u015ft\u0131\u011f\u0131n\u0131 fark etti\u011fini ifade eden \u00e7ift\u00e7i G\u00fcne\u015f, s\u00f6zlerine <span style=\"text-decoration: underline;\">\u015f\u00f6yle devam etti:<\/span><\/p>\n<p><em>\u201c<strong>G\u00fcne\u015f enerjisi sistemini<\/strong> herkes konu\u015fuyordu. \u00d6nce bu sistemi kullananlardan bilgi ald\u0131m. Ba\u015fta Diyarbak\u0131r olmak \u00fczere \u00e7evre illere giderek sistemi ara\u015ft\u0131rd\u0131m. Bu alanda hizmet veren bir firmayla anla\u015ft\u0131k. Ge\u00e7en y\u0131l mart ay\u0131nda araziye <strong>96 kW<\/strong> g\u00fcc\u00fcnde <strong>240<\/strong>\u00a0g\u00fcne\u015f panelinden olu\u015fan g\u00fcne\u015f sistemi kuruldu. Toplam yat\u0131r\u0131m maliyeti <strong>370 bin lira<\/strong> oldu.<\/em><\/p>\n<p><em>DS\u0130 yetkilileriyle yapt\u0131\u011f\u0131m\u0131z g\u00f6r\u00fc\u015fmelerde bu y\u0131l enerji ve sulama maliyetimizde ge\u00e7en y\u0131la g\u00f6re \u00fc\u00e7te iki oran\u0131nda d\u00fc\u015f\u00fc\u015f olaca\u011f\u0131n\u0131 tahmin ediyoruz. Bu arada bizim projemiz \u00e7evredeki di\u011fer \u00e7ift\u00e7ilere \u00f6rnek oldu. Bir \u00e7ok \u00e7ift\u00e7i arkada\u015f\u0131m\u0131z benzer bir aray\u0131\u015fa girdi. Bu sistemlerin b\u00f6lgede yayg\u0131nla\u015fmas\u0131 \u00e7ok faydal\u0131 olacakt\u0131r. Bu sayede \u00e7ift\u00e7ilerimiz <strong>enerji <\/strong>ve<strong> sulama maliyetinden kurtularak<\/strong> verimli tar\u0131m imkan\u0131na kavu\u015fabilir.\u201d<\/em><\/p>\n<h3><strong>Ka\u00e7k\u0131n: \u201cYenilenebilir enerjiye % 50 hibe veriliyor\u201d<\/strong><\/h3>\n<p>Dicle Elektrik Tar\u0131msal Sulama M\u00fcd\u00fcr\u00fc Kemal Ka\u00e7k\u0131n \u015eanl\u0131urfal\u0131 \u00e7ift\u00e7i <strong>Alaaddin G\u00fcne\u015f<\/strong>\u2019i k\u00f6y\u00fcnde ziyaret ederek kurulan sistemi inceledi. Ka\u00e7k\u0131n, artan enerji maliyetlerinin<strong> tar\u0131msal sulamada<\/strong> ciddi bir y\u00fck getirdi\u011fine dikkat \u00e7ekerek<strong> elektrik aboneli\u011fi<\/strong> olsun veya olmas\u0131n<strong> g\u00fcne\u015f enerjisi sistemi<\/strong> ile sulama yapman\u0131n m\u00fcmk\u00fcn oldu\u011funu s\u00f6yledi.<\/p>\n<p>Ka\u00e7k\u0131n \u015fu bilgileri verdi: <em>&#8220;Elektrik aboneli\u011fi olmayanlar i\u00e7in bu sistemi kullanmak \u00e7ok basit. Sulama i\u00e7in kulland\u0131\u011f\u0131n\u0131z pompan\u0131n g\u00fcc\u00fcne g\u00f6re tasarlanm\u0131\u015f bir g\u00fcne\u015f enerji sistemi ile sulama yapabilirsiniz. E\u011fer bir<strong> elektrik aboneli\u011finiz<\/strong> var ise bu konuda ilgili da\u011f\u0131t\u0131m \u015firketine ba\u015fvuru yapman\u0131z gerekiyor. Zira<strong> on-grid<\/strong>, yani <strong>\u015febeke ba\u011flant\u0131l\u0131 g\u00fcne\u015f sistemi<\/strong> kurdu\u011funuzda<strong> mahsupla\u015fma<\/strong> hakk\u0131n\u0131z da bulunmakta. Sistemle \u00fcretilen enerji, ihtiyac\u0131 kar\u015f\u0131lamaz ise eksik k\u0131s\u0131m \u015febekeden \u00e7ekiliyor, t\u00fcketim fazlas\u0131 olursa bu kez \u015febekeye satabiliyorsunuz.\u201d<\/em><\/p>\n<p>Ka\u00e7k\u0131n Tar\u0131m ve Orman Bakanl\u0131\u011f\u0131\u2019n\u0131n her y\u0131l yay\u0131nlad\u0131\u011f\u0131 K\u0131rsal Kalk\u0131nma Yat\u0131r\u0131mlar\u0131n\u0131 Destekleme Tebli\u011fi \u00e7er\u00e7evesinde tar\u0131msal sulamada g\u00fcne\u015f enerjisi hibesi verildi\u011fini belirterek, <em>\u201cDeste\u011fin sadece sulama i\u00e7in oldu\u011fu san\u0131lsa da asl\u0131nda tar\u0131ma y\u00f6nelik geni\u015f bir kapsama alan\u0131 var. <strong>\u0130\u015fleme, paketleme, ambalaj vs tesisler<\/strong> i\u00e7in yenilenebilir enerji kullan\u0131m\u0131 te\u015fvik ediliyor. <strong>R\u00fczgar, g\u00fcne\u015f, jeotermal<\/strong> gibi yenilenebilir kaynaklar\u0131n kullan\u0131lmas\u0131na devlet taraf\u0131ndan <strong>% 50<\/strong> oran\u0131nda destek veriliyor.\u201d<\/em> dedi.<\/p>","protected":false},"excerpt":{"rendered":"<p>Sorry, this entry is only available in Turkish. For the sake of viewer convenience, the content is shown below in the alternative language. You may click the link to switch the active language. \u015eanl\u0131urfa\u2019da kendisine ait 300 d\u00f6n\u00fcm arazide tar\u0131m yapan Alaaddin G\u00fcne\u015f, sulama elektri\u011fini kar\u015f\u0131lamak amac\u0131yla g\u00fcne\u015f enerjisi sistemi kurarak, elektrik faturas\u0131ndan tamamen kurtuldu. [&hellip;]<\/p>\n","protected":false},"author":1,"featured_media":141017,"comment_status":"open","ping_status":"open","sticky":false,"template":"","format":"standard","meta":[],"categories":[51,53,49],"tags":[95714,89004,22950,53157,84424,95716,95713,6854,54979,95715],"views":192,"_links":{"self":[{"href":"https:\/\/www.enerjigazetesi.ist\/en\/wp-json\/wp\/v2\/posts\/141014"}],"collection":[{"href":"https:\/\/www.enerjigazetesi.ist\/en\/wp-json\/wp\/v2\/posts"}],"about":[{"href":"https:\/\/www.enerjigazetesi.ist\/en\/wp-json\/wp\/v2\/types\/post"}],"author":[{"embeddable":true,"href":"https:\/\/www.enerjigazetesi.ist\/en\/wp-json\/wp\/v2\/users\/1"}],"replies":[{"embeddable":true,"href":"https:\/\/www.enerjigazetesi.ist\/en\/wp-json\/wp\/v2\/comments?post=141014"}],"version-history":[{"count":0,"href":"https:\/\/www.enerjigazetesi.ist\/en\/wp-json\/wp\/v2\/posts\/141014\/revisions"}],"wp:featuredmedia":[{"embeddable":true,"href":"https:\/\/www.enerjigazetesi.ist\/en\/wp-json\/wp\/v2\/media\/141017"}],"wp:attachment":[{"href":"https:\/\/www.enerjigazetesi.ist\/en\/wp-json\/wp\/v2\/media?parent=141014"}],"wp:term":[{"taxonomy":"category","embeddable":true,"href":"https:\/\/www.enerjigazetesi.ist\/en\/wp-json\/wp\/v2\/categories?post=141014"},{"taxonomy":"post_tag","embeddable":true,"href":"https:\/\/www.enerjigazetesi.ist\/en\/wp-json\/wp\/v2\/tags?post=141014"}],"curies":[{"name":"wp","href":"https:\/\/api.w.org\/{rel}","templated":true}]}}