{"id":141008,"date":"2021-08-26T11:52:50","date_gmt":"2021-08-26T08:52:50","guid":{"rendered":"https:\/\/www.enerjigazetesi.ist\/?p=141008"},"modified":"2021-08-26T11:53:18","modified_gmt":"2021-08-26T08:53:18","slug":"tatil-bolgeleri-nde-elektrik-tuketimi-rekor-seviyede-yukselis-gosterdi","status":"publish","type":"post","link":"https:\/\/www.enerjigazetesi.ist\/en\/tatil-bolgeleri-nde-elektrik-tuketimi-rekor-seviyede-yukselis-gosterdi\/","title":{"rendered":"(Turkish) &#8217;Tatil B\u00f6lgeleri&#8217;nde Elektrik T\u00fcketimi Rekor Seviyede Y\u00fckseli\u015f G\u00f6sterdi"},"content":{"rendered":"<p class=\"qtranxs-available-languages-message qtranxs-available-languages-message-en\">Sorry, this entry is only available in <a href=\"https:\/\/www.enerjigazetesi.ist\/tr\/wp-json\/wp\/v2\/posts\/141008\" class=\"qtranxs-available-language-link qtranxs-available-language-link-tr\" title=\"Turkish\">Turkish<\/a>. For the sake of viewer convenience, the content is shown below in the alternative language. You may click the link to switch the active language.<\/p><p><\/p>\n<h2><strong>S\u0131cakl\u0131klar\u0131n her ge\u00e7en y\u0131l artmas\u0131yla birlikte elektrik t\u00fcketiminde de art\u0131\u015f ya\u015fand\u0131\u011f\u0131 g\u00f6r\u00fcl\u00fcyor. \u00d6zellikle T\u00fcrkiye\u2019de hem s\u0131cakl\u0131\u011f\u0131n daha y\u00fcksek olmas\u0131ndan, hem de yaz aylar\u0131nda b\u00fcy\u00fck \u015fehirlerden yazl\u0131k b\u00f6lgelere gidenlerin say\u0131s\u0131n\u0131n artmas\u0131 ile birlikte yazl\u0131k b\u00f6lgelerdeki elektrik t\u00fcketiminde k\u0131\u015f aylar\u0131na g\u00f6re ciddi bir art\u0131\u015f g\u00f6r\u00fcl\u00fcyor. Elektrik tedarik\u00e7ileri kar\u015f\u0131la\u015ft\u0131rma internet sitesi encazip.com\u2019un aktard\u0131\u011f\u0131 bilgilere g\u00f6re, Toroslar, Gediz, Aydem ve Akdeniz elektrik da\u011f\u0131t\u0131m b\u00f6lgelerinde yaz aylar\u0131nda elektrik t\u00fcketimi y\u00fckselirken Bo\u011fazi\u00e7i, Ba\u015fkent ve Uluda\u011f elektrik da\u011f\u0131t\u0131m b\u00f6lgelerinde ise d\u00fc\u015f\u00fcyor.<\/strong><\/h2>\n<p>Yaz aylar\u0131nda tatil b\u00f6lgelerinde\u00a0<strong>elektrik t\u00fcketimi\u00a0<\/strong>her y\u0131l di\u011fer aylara g\u00f6re art\u0131\u015f g\u00f6steriyor. S\u0131caklar\u0131n giderek artt\u0131\u011f\u0131 T\u00fcrkiye\u2019de \u00f6zellikle <strong>Ege b\u00f6lgesi<\/strong> ve <strong>g\u00fcney kesimlerde<\/strong> elektrik t\u00fcketimi art\u0131\u015f g\u00f6steriyor. <strong>\u0130stanbul, Ankara<\/strong> gibi b\u00fcy\u00fck \u015fehirlerden yazl\u0131k b\u00f6lgelere gidenlerle birlikte yazl\u0131k <img loading=\"lazy\" class=\"alignright wp-image-141010\" src=\"https:\/\/www.enerjigazetesi.ist\/wp-content\/uploads\/2021\/08\/tatil-bolgeleri-nde-elektrik-tuketimi-rekor-seviyede-yukselis-gosterdi-1.jpg\" alt=\"\" width=\"320\" height=\"214\" srcset=\"https:\/\/www.enerjigazetesi.ist\/wp-content\/uploads\/2021\/08\/tatil-bolgeleri-nde-elektrik-tuketimi-rekor-seviyede-yukselis-gosterdi-1.jpg 550w, https:\/\/www.enerjigazetesi.ist\/wp-content\/uploads\/2021\/08\/tatil-bolgeleri-nde-elektrik-tuketimi-rekor-seviyede-yukselis-gosterdi-1-300x200.jpg 300w, https:\/\/www.enerjigazetesi.ist\/wp-content\/uploads\/2021\/08\/tatil-bolgeleri-nde-elektrik-tuketimi-rekor-seviyede-yukselis-gosterdi-1-500x334.jpg 500w, https:\/\/www.enerjigazetesi.ist\/wp-content\/uploads\/2021\/08\/tatil-bolgeleri-nde-elektrik-tuketimi-rekor-seviyede-yukselis-gosterdi-1-75x50.jpg 75w, https:\/\/www.enerjigazetesi.ist\/wp-content\/uploads\/2021\/08\/tatil-bolgeleri-nde-elektrik-tuketimi-rekor-seviyede-yukselis-gosterdi-1-450x300.jpg 450w\" sizes=\"(max-width: 320px) 100vw, 320px\" \/>b\u00f6lgelerde artan n\u00fcfus <strong>elektrik t\u00fcketimine<\/strong> de yans\u0131yor. Ayr\u0131ca s\u0131cakl\u0131klar\u0131n artmas\u0131yla birlikte <strong>klima, vantilat\u00f6r, buzdolab\u0131, dondurucu<\/strong> gibi <strong>elektronik cihazlar\u0131n<\/strong> daha fazla \u00e7al\u0131\u015fmas\u0131 da <strong>elektrik t\u00fcketiminin artmas\u0131nda<\/strong> rol oynuyor.<\/p>\n<p><strong>E<\/strong><strong>nCazip.Com<\/strong>\u2019un aktard\u0131\u011f\u0131 bilgilere g\u00f6re, <strong>\u0130zmir<\/strong> ve <strong>Manisa\u00a0<\/strong>Gediz b\u00f6lgesinde, <strong>Ayd\u0131n, Denizli<\/strong> ve <strong>Mu\u011fla Aydem b\u00f6lgesi<\/strong>nde,<strong> Antalya, Isparta<\/strong> ve<strong> Burdur<\/strong> ise elektrik da\u011f\u0131t\u0131m\u0131nda <strong>Akdeniz da\u011f\u0131t\u0131m b\u00f6lgesinde<\/strong> yer al\u0131yor. <strong>Gediz, Aydem<\/strong> ve <strong>Akdeniz<\/strong> elektrik da\u011f\u0131t\u0131m b\u00f6lgelerinde <strong>yaz aylar\u0131nda elektrik t\u00fcketimi<\/strong> y\u00fckseliyor. Yaz aylar\u0131nda s\u0131cakl\u0131klar\u0131n genellikle \u00fclke ortalamas\u0131n\u0131n \u00fczerinde oldu\u011fu Toroslar b\u00f6lgesindeki art\u0131\u015f da dikkat \u00e7ekiyor. B\u00fcy\u00fck\u015fehirleri kapsayan <strong>Bo\u011fazi\u00e7i, Anadolu Yakas\u0131, Ba\u015fkent<\/strong> ve <strong>Uluda\u011f elektrik da\u011f\u0131t\u0131m b\u00f6lgelerinde<\/strong> t\u00fcketimin d\u00fc\u015ft\u00fc\u011f\u00fc ya da art\u0131\u015f\u0131n ortalaman\u0131n alt\u0131nda kald\u0131\u011f\u0131 g\u00f6r\u00fcl\u00fcyor.<\/p>\n<h3><strong>Mu\u011fla, Ayd\u0131n, Denizli ve Akdeniz B\u00f6lgesi\u2019nde t\u00fcketim y\u00fckseliyor<\/strong><\/h3>\n<p><strong>EnCazip.Com<\/strong> taraf\u0131ndan derlenen <strong>Enerji Piyasas\u0131 D\u00fczenleme Kurumu<\/strong>\u2019nun<strong> (EPDK)<\/strong> ge\u00e7mi\u015f d\u00f6nem elektrik t\u00fcketim raporlar\u0131na g\u00f6re <strong>Mu\u011fla, Ayd\u0131n<\/strong> ve <strong>Denizli<\/strong> \u015fehirlerini kapsayan <strong>Aydem b\u00f6lgesinde<\/strong> ve <strong>Antalya\u2019y\u0131<\/strong> i\u00e7ine alan <strong>Akdeniz da\u011f\u0131t\u0131m b\u00f6lgesinde<\/strong> temmuz, a\u011fustos ve eyl\u00fcl aylar\u0131nda elektrik kullan\u0131m miktar\u0131n\u0131n d\u00fczenli olarak y\u00fckseldi\u011fi g\u00f6r\u00fcl\u00fcyor. <strong>Ankara, Bart\u0131n, \u00c7ank\u0131r\u0131, Karab\u00fck, Kastamonu, K\u0131r\u0131kkale ve Zonguldak illerini<\/strong> kapsayan Ba\u015fkent da\u011f\u0131t\u0131m b\u00f6lgesinde ve <strong>Bursa, Bal\u0131kesir, \u00c7anakkale ve Yalova illerini<\/strong> kapsayan <strong>Uluda\u011f da\u011f\u0131t\u0131m b\u00f6lgesinde<\/strong> ise yaz aylar\u0131nda kullan\u0131lan elektrik miktar\u0131 azal\u0131yor. <strong>16 milyon n\u00fcfusa<\/strong> sahip \u0130stanbul\u2019da ise elektrik t\u00fcketiminde s\u0131n\u0131rl\u0131 da olsa bir azalma oluyor ve yaz aylar\u0131ndaki art\u0131\u015f \u00fclke ortalamas\u0131n\u0131n \u00e7ok alt\u0131nda kal\u0131yor.<\/p>\n<h3><strong>Tar\u0131m ve ticarethane t\u00fcketiminde de art\u0131\u015f<\/strong><\/h3>\n<p>Meskenlerde <strong>Antalya, Mu\u011fla ve \u0130zmir\u2019de<\/strong><em> temmuz, a\u011fustos ve eyl\u00fcl<\/em> aylar\u0131nda elektrik t\u00fcketimi her y\u0131l art\u0131yor. Otellerin ve tatil k\u00f6ylerinin yo\u011fun oldu\u011fu<strong> Antalya, \u0130zmir ve Mu\u011fla\u2019da<\/strong> <em>temmuz, a\u011fustos ve eyl\u00fcl aylar\u0131nda<\/em> ticarethane t\u00fcketiminde <strong>% 237<\/strong> oran\u0131na kadarl\u0131k bir art\u0131\u015f ya\u015fan\u0131yor. <strong>A\u011fustos ve temmuz aylar\u0131nda<\/strong>, her mevsim ya\u011f\u0131\u015f alan <strong>Karadeniz B\u00f6lgesi hari\u00e7<\/strong> her b\u00f6lge ve \u015fehirde <strong>tar\u0131msal elektrik t\u00fcketiminde<\/strong> art\u0131\u015f g\u00f6zleniyor. \u0130l baz\u0131nda bak\u0131ld\u0131\u011f\u0131nda ise <strong>Antalya, Hatay, Adana, Mu\u011fla<\/strong> ve <strong>\u0130zmir<\/strong> her y\u0131l yaz aylar\u0131nda <strong>elektrik t\u00fcketimi<\/strong> en \u00e7ok artan iller aras\u0131nda.<\/p>\n<h3><strong>B\u00fcy\u00fck\u015fehirlerden yazl\u0131klara g\u00f6\u00e7 elektrik t\u00fcketimine direkt yans\u0131yor<\/strong><\/h3>\n<p>Yaz aylar\u0131ndaki <strong>elektrik t\u00fcketimi<\/strong>nin en \u00e7ok <strong>yazl\u0131k b\u00f6lgelerde olmas\u0131n\u0131n<\/strong> nedenini a\u00e7\u0131klayan encazip.com\u2019un kurucusu \u00c7a\u011fada K\u0131r\u0131m, <span style=\"text-decoration: underline;\">\u015funlar\u0131 s\u00f6yledi:<\/span><\/p>\n<p><em>\u201c\u00dclkemizde yaz aylar\u0131nda <strong>elektrik t\u00fcketimi<\/strong> hemen hemen her y\u0131l art\u0131yor. Bunun arkas\u0131ndaki en b\u00fcy\u00fck neden ise artan s\u0131cakl\u0131klar nedeniyle kullan\u0131m\u0131 yayg\u0131nla\u015fan\u00a0<strong>klima<\/strong><\/em><em>\u00a0veya<strong> vantilat\u00f6r<\/strong> gibi iklimlendirme aletleri. <strong>Temmuz, a\u011fustos ve eyl\u00fcl aylar\u0131n\u0131<\/strong> kapsayan <strong>yazl\u0131k turizm d\u00f6neminde<\/strong> yazl\u0131k b\u00f6lgelerde elektrik t\u00fcketiminin artmas\u0131 ve ayn\u0131 d\u00f6nem i\u00e7in b\u00fcy\u00fck\u015fehirleri i\u00e7ine alan da\u011f\u0131t\u0131m b\u00f6lgelerinde elektrik t\u00fcketiminde <strong>\u00f6nemli bir y\u00fckselme olmamas\u0131<\/strong>, <strong>hatta d\u00fc\u015f\u00fc\u015f olmas\u0131<\/strong> yaz aylar\u0131nda <strong>n\u00fcfusun g\u00fcney b\u00f6lgelere do\u011fru kayd\u0131\u011f\u0131n\u0131<\/strong> g\u00f6steriyor.\u201d<\/em><\/p>","protected":false},"excerpt":{"rendered":"<p>Sorry, this entry is only available in Turkish. For the sake of viewer convenience, the content is shown below in the alternative language. You may click the link to switch the active language. S\u0131cakl\u0131klar\u0131n her ge\u00e7en y\u0131l artmas\u0131yla birlikte elektrik t\u00fcketiminde de art\u0131\u015f ya\u015fand\u0131\u011f\u0131 g\u00f6r\u00fcl\u00fcyor. \u00d6zellikle T\u00fcrkiye\u2019de hem s\u0131cakl\u0131\u011f\u0131n daha y\u00fcksek olmas\u0131ndan, hem de yaz [&hellip;]<\/p>\n","protected":false},"author":1,"featured_media":141011,"comment_status":"open","ping_status":"open","sticky":false,"template":"","format":"standard","meta":[],"categories":[51,53],"tags":[95711,95709,1836,36029,3804,95712,95710],"views":114,"_links":{"self":[{"href":"https:\/\/www.enerjigazetesi.ist\/en\/wp-json\/wp\/v2\/posts\/141008"}],"collection":[{"href":"https:\/\/www.enerjigazetesi.ist\/en\/wp-json\/wp\/v2\/posts"}],"about":[{"href":"https:\/\/www.enerjigazetesi.ist\/en\/wp-json\/wp\/v2\/types\/post"}],"author":[{"embeddable":true,"href":"https:\/\/www.enerjigazetesi.ist\/en\/wp-json\/wp\/v2\/users\/1"}],"replies":[{"embeddable":true,"href":"https:\/\/www.enerjigazetesi.ist\/en\/wp-json\/wp\/v2\/comments?post=141008"}],"version-history":[{"count":0,"href":"https:\/\/www.enerjigazetesi.ist\/en\/wp-json\/wp\/v2\/posts\/141008\/revisions"}],"wp:featuredmedia":[{"embeddable":true,"href":"https:\/\/www.enerjigazetesi.ist\/en\/wp-json\/wp\/v2\/media\/141011"}],"wp:attachment":[{"href":"https:\/\/www.enerjigazetesi.ist\/en\/wp-json\/wp\/v2\/media?parent=141008"}],"wp:term":[{"taxonomy":"category","embeddable":true,"href":"https:\/\/www.enerjigazetesi.ist\/en\/wp-json\/wp\/v2\/categories?post=141008"},{"taxonomy":"post_tag","embeddable":true,"href":"https:\/\/www.enerjigazetesi.ist\/en\/wp-json\/wp\/v2\/tags?post=141008"}],"curies":[{"name":"wp","href":"https:\/\/api.w.org\/{rel}","templated":true}]}}