{"id":140997,"date":"2021-08-25T13:19:12","date_gmt":"2021-08-25T10:19:12","guid":{"rendered":"https:\/\/www.enerjigazetesi.ist\/?p=140997"},"modified":"2021-08-25T13:19:57","modified_gmt":"2021-08-25T10:19:57","slug":"istanbul-havalimani-2050ye-kadar-sifir-emisyon-taahhudunde-bulundu","status":"publish","type":"post","link":"https:\/\/www.enerjigazetesi.ist\/en\/istanbul-havalimani-2050ye-kadar-sifir-emisyon-taahhudunde-bulundu\/","title":{"rendered":"(Turkish) &#8217;\u0130stanbul Havaliman\u0131&#8217;ndan 2050&#8217;ye Kadar &#8216;S\u0131f\u0131r Emisyon&#8217; Taahh\u00fcd\u00fc"},"content":{"rendered":"<p class=\"qtranxs-available-languages-message qtranxs-available-languages-message-en\">Sorry, this entry is only available in <a href=\"https:\/\/www.enerjigazetesi.ist\/tr\/wp-json\/wp\/v2\/posts\/140997\" class=\"qtranxs-available-language-link qtranxs-available-language-link-tr\" title=\"Turkish\">Turkish<\/a>. For the sake of viewer convenience, the content is shown below in the alternative language. You may click the link to switch the active language.<\/p><p><\/p>\n<h2><strong>\u0130stanbul Havaliman\u0131,\u00a0Uluslararas\u0131 <\/strong><em><strong>Havalimanlar\u0131<\/strong><\/em><strong> Konseyi\u2019nin<\/strong>\u00a0<strong>(ACI)\u00a0ba\u015flatm\u0131\u015f oldu\u011fu ve 238 havaliman\u0131n\u0131n yer ald\u0131\u011f\u0131 \u201c2050 y\u0131l\u0131na kadar \u201cNet S\u0131f\u0131r CO2 Emisyonu\u201d taahh\u00fcd\u00fcne kat\u0131ld\u0131.<\/strong><\/h2>\n<p>\u0130GA, <strong>s\u00fcrd\u00fcr\u00fclebilir kalk\u0131nma ilkeleri<\/strong> do\u011frultusunda \u00e7al\u0131\u015fmalar\u0131n\u0131 s\u00fcrd\u00fcr\u00fcyor.\u00a0Gen\u00e7lere daha temiz bir d\u00fcnya b\u0131rakmak i\u00e7in \u015fimdiden harekete ge\u00e7en \u0130GA, \u0130stanbul Havaliman\u0131\u2019n\u0131n en ge\u00e7 2050 y\u0131l\u0131na <img loading=\"lazy\" class=\"alignright wp-image-140999\" src=\"https:\/\/www.enerjigazetesi.ist\/wp-content\/uploads\/2021\/08\/istanbul-havalimani-2050ye-kadar-sifir-emisyon-taahhudunde-bulundu-1.jpg\" alt=\"\" width=\"320\" height=\"214\" srcset=\"https:\/\/www.enerjigazetesi.ist\/wp-content\/uploads\/2021\/08\/istanbul-havalimani-2050ye-kadar-sifir-emisyon-taahhudunde-bulundu-1.jpg 550w, https:\/\/www.enerjigazetesi.ist\/wp-content\/uploads\/2021\/08\/istanbul-havalimani-2050ye-kadar-sifir-emisyon-taahhudunde-bulundu-1-300x201.jpg 300w, https:\/\/www.enerjigazetesi.ist\/wp-content\/uploads\/2021\/08\/istanbul-havalimani-2050ye-kadar-sifir-emisyon-taahhudunde-bulundu-1-500x335.jpg 500w, https:\/\/www.enerjigazetesi.ist\/wp-content\/uploads\/2021\/08\/istanbul-havalimani-2050ye-kadar-sifir-emisyon-taahhudunde-bulundu-1-75x50.jpg 75w, https:\/\/www.enerjigazetesi.ist\/wp-content\/uploads\/2021\/08\/istanbul-havalimani-2050ye-kadar-sifir-emisyon-taahhudunde-bulundu-1-450x300.jpg 450w\" sizes=\"(max-width: 320px) 100vw, 320px\" \/>kadar<strong> s\u0131f\u0131r emisyon taahh\u00fct etti\u011fini<\/strong> a\u00e7\u0131klad\u0131.<strong>\u00a0Uluslararas\u0131\u00a0Havalimanlar\u0131\u00a0Konseyi\u00a0(ACI)<\/strong> taraf\u0131ndan ilk olarak Haziran 2019&#8217;da ba\u015flat\u0131lan \u201c<strong>ACI Net Zero 2050<\/strong>\u201d, iklim sorununa kar\u015f\u0131 havalimanlar\u0131n\u0131 <strong>eyleme ge\u00e7irme<\/strong> ve<strong> karbondan ar\u0131nd\u0131rma hedefi<\/strong> do\u011frultusunda olu\u015fturuldu.<\/p>\n<p>\u0130stanbul Havaliman\u0131, <strong>\u00e7evre ve s\u00fcrd\u00fcr\u00fclebilirlik program\u0131<\/strong> kapsam\u0131nda y\u00fcr\u00fctt\u00fc\u011f\u00fc karbon ayak izlerini y\u00f6netme ve azaltma \u00e7al\u0131\u015fmalar\u0131 neticesinde \u201c<strong>Net S\u0131f\u0131r CO2 emisyonu\u201d taahh\u00fct\u00fc veren<\/strong> <strong>238 havaliman\u0131<\/strong> aras\u0131na dahil oldu. \u0130stanbul Havaliman\u0131\u2019nda karbon emisyonlar\u0131n\u0131n azalt\u0131lmas\u0131 \u00e7al\u0131\u015fmalar\u0131 kapsam\u0131nda;<strong>\u00a0<\/strong><em><strong>ISO 50001 Enerji Y\u00f6netim Sistemi<\/strong> Kurulumu,<strong> Enerji Verimlilik Faaliyetleri<\/strong>, Enerji Et\u00fctleri ile Sistem \u0130yile\u015ftirmeleri, <strong>ISO 14064 Sera Gaz\u0131 Y\u00f6netim Sistemi<\/strong> kurulumu ile <strong>Sera Gaz\u0131 Hesaplamalar\u0131<\/strong>, A\u011fa\u00e7land\u0131rma \u00c7al\u0131\u015fmalar\u0131, <strong>Elektrikli Ara\u00e7 Kullan\u0131mlar\u0131<\/strong> ve Ara\u00e7 \u015earj \u0130stasyonu Kurulumlar\u0131\u00a0<\/em>ger\u00e7ekle\u015ftirildi.<\/p>\n<p><strong>2050 y\u0131l\u0131na kadar<\/strong> s\u0131f\u0131r emisyon hedefine ili\u015fkin \u00e7al\u0131\u015fmalar\u0131n\u0131 s\u00fcrd\u00fcrecek olan \u0130stanbul Havaliman\u0131,\u00a0<em>G\u00fcne\u015f Santrali Kurulumlar\u0131, Elektrik \u015eebekesinden Yenilenebilir Enerji Sat\u0131n Al\u0131nmas\u0131, Elektrikli Ara\u00e7 D\u00f6n\u00fc\u015f\u00fcmleri ve Ara\u00e7 \u015earj \u0130stasyonu Kurulumlar\u0131, A\u011f\u0131r Ta\u015f\u0131tlarda Bio Dizel Kullan\u0131m\u0131, Enerji Verimlilik Faaliyetleri, A\u011fa\u00e7land\u0131rma \u00c7al\u0131\u015fmalar\u0131\u00a0<\/em>ve teknolojik geli\u015fmeler do\u011frultusunda <em>Hidrojen Yak\u0131t\u0131n\u0131n Is\u0131nma ve Ula\u015f\u0131m Ama\u00e7l\u0131 Kullan\u0131m\u0131, Baca Gaz\u0131ndan Karbon Yakalama Teknolojilerinin\u00a0<\/em>yap\u0131lmas\u0131n\u0131 taahh\u00fct edece\u011fini bildirdi.<\/p>\n<p><strong>\u0130GA Havaliman\u0131 \u0130\u015fletmesi \u0130cra Kurulu Ba\u015fkan\u0131 ve Genel M\u00fcd\u00fcr\u00fc Samsunlu;\u00a0<\/strong><em>\u201d\u0130GA olarak gelecek nesillere kar\u015f\u0131 \u00f6nemli bir sorumlulu\u011fumuz oldu\u011fu bilincindeyiz. Bu sorumluluk bilinciyle hareket ederek, daha temiz bir d\u00fcnya i\u00e7in harekete ge\u00e7tik. T\u00fcrkiye\u2019nin d\u00fcnyaya a\u00e7\u0131lan kap\u0131s\u0131 \u0130stanbul Havaliman\u0131\u2019nda 2050 y\u0131l\u0131na kadar <strong>\u201cNet S\u0131f\u0131r CO2 Emisyonu\u201d<\/strong> yol haritam\u0131z\u0131 haz\u0131rlad\u0131k ve bu do\u011frultuda agresif bir planlama yaparak karbon sal\u0131m azalt\u0131m stratejimizi olu\u015fturduk.\u00a0B\u00f6ylelikle, hem <strong>teknolojik<\/strong> hem <strong>operasyonel<\/strong> gerekliliklerin s\u00fcrekli olarak takip edildi\u011fi ve de\u011ferlendirildi\u011fi bir s\u00fcrece dahil olduk. Bir\u00e7ok projemizi halihaz\u0131rda hayata ge\u00e7irerek 2050 y\u0131l\u0131ndan \u00e7ok daha \u00f6nce <strong>s\u0131f\u0131r emisyon hedeflerimizi<\/strong> ger\u00e7ekle\u015ftirmi\u015f olaca\u011f\u0131z. K\u0131sa vadede, <strong>Enerji Verimlilik Faaliyetleri<\/strong>, Enerji Et\u00fctleri ile Sistem \u0130yile\u015ftirmeleri,<strong> Elektrikli Ara\u00e7 Kullan\u0131mlar\u0131<\/strong> ve <strong>Ara\u00e7 \u015earj \u0130stasyonu<\/strong> Kurulumlar\u0131n\u0131\u00a0ger\u00e7ekle\u015ftirdik ve \u00f6n\u00fcm\u00fczdeki 2-3 sene i\u00e7erisinde\u00a0ger\u00e7ekle\u015ftirmeye devam edece\u011fiz. Uzun vadede, <strong>G\u00fcne\u015f Enerji Santralleri kurulumu<\/strong> ve <strong>Ye\u015fil Enerji sat\u0131nal\u0131mlar\u0131<\/strong> ile elektrik enerjisi ihtiya\u00e7lar\u0131m\u0131z\u0131n b\u00fcy\u00fck k\u0131sm\u0131n\u0131 yenilenebilir kaynaklardan temin edece\u011fiz. A\u011fa\u00e7land\u0131rma faaliyetlerimizin de \u00f6nemli miktarlarda karbon emisyon yuta\u011f\u0131 haline gelece\u011fi d\u00fc\u015f\u00fcncesindeyiz. Geli\u015fen teknolojiler takip edilerek A\u011f\u0131r Ta\u015f\u0131tlarda Bio Dizel Kullan\u0131m\u0131, Hidrojen Yak\u0131t\u0131n\u0131n Is\u0131nma ve Ula\u015f\u0131m Ama\u00e7l\u0131 Kullan\u0131m\u0131, Baca Gaz\u0131ndan Karbon Yakalama Teknolojilerini de takip ederek emisyon azalt\u0131m f\u0131rsatlar\u0131n\u0131 da de\u011ferlendirece\u011fiz. \u0130GA olarak ama\u00e7lar\u0131m\u0131z do\u011frultusunda \u00e7\u0131tay\u0131 daha da y\u00fckseltmek en b\u00fcy\u00fck hedefimiz.\u201d diye konu\u015ftu.<\/em><\/p>\n<p><strong>ACI EUROPE Genel Direkt\u00f6r\u00fc Olivier Jankovec<\/strong><em><strong>;<\/strong><\/em><em>\u00a0&#8220;2050 y\u0131l\u0131na kadar \u2018Net S\u0131f\u0131r CO2\u2019 sal\u0131n\u0131m\u0131 de\u011ferine ula\u015fabilmek i\u00e7in Avrupa ve d\u00fcnya \u00e7ap\u0131nda havalimanlar\u0131yla birlikte olu\u015fturdu\u011fumuz kolektif mutabakata kat\u0131l\u0131m\u0131ndan \u00f6t\u00fcr\u00fc \u0130stanbul Havaliman\u0131&#8217;n\u0131 i\u00e7tenlikle tebrik ediyorum. COVID-19 krizi nedeniyle sekt\u00f6r\u00fcm\u00fcz\u00fcn kar\u015f\u0131 kar\u015f\u0131ya kald\u0131\u011f\u0131 ciddi zorluklara ra\u011fmen, havalimanlar\u0131 <strong>iklim faaliyetlerine \u00f6ncelik<\/strong> vermeye devam etmektedir ve bu a\u00e7\u0131klama da bu hususun kan\u0131t\u0131d\u0131r. Karbonsuzla\u015ft\u0131rma \u00e7al\u0131\u015fmalar\u0131n\u0131 k\u00fcresel hedeflerle ayn\u0131 do\u011frultuya getirerek iklim g\u00fcndemini ileri noktalara ta\u015f\u0131mak, toparlanma s\u00fcreci y\u0131llar alacak bu krizden zarar g\u00f6ren sekt\u00f6rlerin yan\u0131 s\u0131ra hi\u00e7bir sekt\u00f6r i\u00e7in kolay bir s\u00fcre\u00e7 olmayacak. \u00d6n\u00fcm\u00fczde ger\u00e7ekle\u015ftirilmeyi bekleyen kayda de\u011fer i\u015fler var, bunun yan\u0131nda <strong>iddial\u0131 net s\u0131f\u0131r hedefine odaklanarak<\/strong> her zaman elinden gelenin fazlas\u0131n\u0131 yapmaya g\u00f6n\u00fcll\u00fc olan <strong>\u0130stanbul Havaliman\u0131<\/strong> ekibine de te\u015fekk\u00fcr etmek istiyorum.&#8221;<\/em>\u00a0ifadelerini kulland\u0131.<\/p>","protected":false},"excerpt":{"rendered":"<p>Sorry, this entry is only available in Turkish. For the sake of viewer convenience, the content is shown below in the alternative language. You may click the link to switch the active language. \u0130stanbul Havaliman\u0131,\u00a0Uluslararas\u0131 Havalimanlar\u0131 Konseyi\u2019nin\u00a0(ACI)\u00a0ba\u015flatm\u0131\u015f oldu\u011fu ve 238 havaliman\u0131n\u0131n yer ald\u0131\u011f\u0131 \u201c2050 y\u0131l\u0131na kadar \u201cNet S\u0131f\u0131r CO2 Emisyonu\u201d taahh\u00fcd\u00fcne kat\u0131ld\u0131. \u0130GA, s\u00fcrd\u00fcr\u00fclebilir kalk\u0131nma [&hellip;]<\/p>\n","protected":false},"author":1,"featured_media":0,"comment_status":"open","ping_status":"open","sticky":false,"template":"","format":"standard","meta":[],"categories":[53,52],"tags":[52874,95697,95698,80690,95694,95695,76678,53670,57125,95699],"views":123,"_links":{"self":[{"href":"https:\/\/www.enerjigazetesi.ist\/en\/wp-json\/wp\/v2\/posts\/140997"}],"collection":[{"href":"https:\/\/www.enerjigazetesi.ist\/en\/wp-json\/wp\/v2\/posts"}],"about":[{"href":"https:\/\/www.enerjigazetesi.ist\/en\/wp-json\/wp\/v2\/types\/post"}],"author":[{"embeddable":true,"href":"https:\/\/www.enerjigazetesi.ist\/en\/wp-json\/wp\/v2\/users\/1"}],"replies":[{"embeddable":true,"href":"https:\/\/www.enerjigazetesi.ist\/en\/wp-json\/wp\/v2\/comments?post=140997"}],"version-history":[{"count":0,"href":"https:\/\/www.enerjigazetesi.ist\/en\/wp-json\/wp\/v2\/posts\/140997\/revisions"}],"wp:attachment":[{"href":"https:\/\/www.enerjigazetesi.ist\/en\/wp-json\/wp\/v2\/media?parent=140997"}],"wp:term":[{"taxonomy":"category","embeddable":true,"href":"https:\/\/www.enerjigazetesi.ist\/en\/wp-json\/wp\/v2\/categories?post=140997"},{"taxonomy":"post_tag","embeddable":true,"href":"https:\/\/www.enerjigazetesi.ist\/en\/wp-json\/wp\/v2\/tags?post=140997"}],"curies":[{"name":"wp","href":"https:\/\/api.w.org\/{rel}","templated":true}]}}