{"id":140965,"date":"2021-08-25T11:33:41","date_gmt":"2021-08-25T08:33:41","guid":{"rendered":"https:\/\/www.enerjigazetesi.ist\/?p=140965"},"modified":"2021-08-25T11:33:41","modified_gmt":"2021-08-25T08:33:41","slug":"mediamarkt-bodrum-magazasi-na-gunes-enerji-sistemi-standi-kurdu","status":"publish","type":"post","link":"https:\/\/www.enerjigazetesi.ist\/en\/mediamarkt-bodrum-magazasi-na-gunes-enerji-sistemi-standi-kurdu\/","title":{"rendered":"(Turkish) MediaMarkt Bodrum Ma\u011fazas\u0131&#8217;na G\u00fcne\u015f Enerji Sistemi Stand\u0131 Kurdu"},"content":{"rendered":"<p class=\"qtranxs-available-languages-message qtranxs-available-languages-message-en\">Sorry, this entry is only available in <a href=\"https:\/\/www.enerjigazetesi.ist\/tr\/wp-json\/wp\/v2\/posts\/140965\" class=\"qtranxs-available-language-link qtranxs-available-language-link-tr\" title=\"Turkish\">Turkish<\/a>. For the sake of viewer convenience, the content is shown below in the alternative language. You may click the link to switch the active language.<\/p><p><\/p>\n<h2><strong>T\u00fcrkiye\u2019nin en geni\u015f sat\u0131\u015f alan\u0131na sahip elektronik perakendecisi MediaMarkt, iklim kriziyle ilgili hem m\u00fc\u015fterilerini bilin\u00e7lendirmek hem de yenilenebilir enerji kaynaklar\u0131na destek vermek amac\u0131yla Bodrum ma\u011fazas\u0131na g\u00fcne\u015f enerji sistemi stand\u0131 kurdu. Yaz d\u00f6nemi boyunca a\u00e7\u0131k olacak stant alan\u0131nda m\u00fc\u015fteriler, g\u00fcne\u015f enerji sistemleri ve faydalar\u0131 hakk\u0131nda bilgi alabilecekler.<\/strong><\/h2>\n<p><strong>\u0130klim krizi etkileri<\/strong>nin en yo\u011fun hissedildi\u011fi son d\u00f6nemde bu konuya dikkat \u00e7ekmek, halk\u0131n <img loading=\"lazy\" class=\"alignright wp-image-140967\" src=\"https:\/\/www.enerjigazetesi.ist\/wp-content\/uploads\/2021\/08\/mediamarkt-bodrum-magazasi-na-gunes-enerji-sistemi-standi-kurdu.jpg\" alt=\"\" width=\"320\" height=\"189\" srcset=\"https:\/\/www.enerjigazetesi.ist\/wp-content\/uploads\/2021\/08\/mediamarkt-bodrum-magazasi-na-gunes-enerji-sistemi-standi-kurdu.jpg 550w, https:\/\/www.enerjigazetesi.ist\/wp-content\/uploads\/2021\/08\/mediamarkt-bodrum-magazasi-na-gunes-enerji-sistemi-standi-kurdu-300x177.jpg 300w, https:\/\/www.enerjigazetesi.ist\/wp-content\/uploads\/2021\/08\/mediamarkt-bodrum-magazasi-na-gunes-enerji-sistemi-standi-kurdu-500x295.jpg 500w, https:\/\/www.enerjigazetesi.ist\/wp-content\/uploads\/2021\/08\/mediamarkt-bodrum-magazasi-na-gunes-enerji-sistemi-standi-kurdu-80x47.jpg 80w\" sizes=\"(max-width: 320px) 100vw, 320px\" \/>bilin\u00e7lenmesini sa\u011flamak ve <strong>yenilenebilir enerji kaynaklar\u0131na destek vermek<\/strong> i\u00e7in harekete ge\u00e7en MediaMarkt T\u00fcrkiye, Bodrum ma\u011fazas\u0131na <strong>Solar\u00e7at\u0131 ekosistem stand\u0131<\/strong> kurdu. Burada ma\u011fazaya gelen teknolojiseverlere <strong>Solar\u00e7at\u0131 ekosisteminde<\/strong> bulunan <strong>g\u00fcne\u015f panelleri, inverter, Solar\u015farj, Solarbatarya<\/strong> gibi ana ekipmanlar tan\u0131t\u0131lacak.<\/p>\n<p>Solar\u00e7at\u0131 markas\u0131 ile i\u015f birli\u011fine giden MediaMarkt, <strong>iklim kriziyle m\u00fccadele<\/strong>de fosil yak\u0131t kaynakl\u0131 enerjiden vazge\u00e7erek <strong>yenilenebilir enerji kaynaklar\u0131<\/strong>na y\u00f6nelmenin en etkili \u00e7\u00f6z\u00fcmlerden biri oldu\u011funa vurgu yap\u0131yor. nda yaz d\u00f6nemi boyunca a\u00e7\u0131k olacak stant alan\u0131nda m\u00fc\u015fteriler, <strong>g\u00fcne\u015f enerji sistemleri ve faydalar\u0131<\/strong> hakk\u0131nda bilgi alabilecek ve isterlerse <strong>ev tipi g\u00fcne\u015f paneli sistemleri<\/strong>ni sat\u0131n alabilecekler.<\/p>\n<p>Evlere kurulumu da sa\u011flanacak <strong>g\u00fcne\u015f panellerinden enerji<\/strong>\u00a0\u00fcretilerek<strong> TV<\/strong><b>, beyaz e\u015fya, ayd\u0131nlatma sistemleri,<\/b>\u00a0<strong>ak\u0131ll\u0131 telefon<\/strong> ve <strong>notebook<\/strong>\u00a0\u015farj edilebiliyor.<\/p>","protected":false},"excerpt":{"rendered":"<p>Sorry, this entry is only available in Turkish. For the sake of viewer convenience, the content is shown below in the alternative language. You may click the link to switch the active language. T\u00fcrkiye\u2019nin en geni\u015f sat\u0131\u015f alan\u0131na sahip elektronik perakendecisi MediaMarkt, iklim kriziyle ilgili hem m\u00fc\u015fterilerini bilin\u00e7lendirmek hem de yenilenebilir enerji kaynaklar\u0131na destek vermek [&hellip;]<\/p>\n","protected":false},"author":1,"featured_media":140967,"comment_status":"open","ping_status":"open","sticky":false,"template":"","format":"standard","meta":[],"categories":[53,49],"tags":[95649,53157,108,13446,95648,95646,95647,95645,54979],"views":304,"_links":{"self":[{"href":"https:\/\/www.enerjigazetesi.ist\/en\/wp-json\/wp\/v2\/posts\/140965"}],"collection":[{"href":"https:\/\/www.enerjigazetesi.ist\/en\/wp-json\/wp\/v2\/posts"}],"about":[{"href":"https:\/\/www.enerjigazetesi.ist\/en\/wp-json\/wp\/v2\/types\/post"}],"author":[{"embeddable":true,"href":"https:\/\/www.enerjigazetesi.ist\/en\/wp-json\/wp\/v2\/users\/1"}],"replies":[{"embeddable":true,"href":"https:\/\/www.enerjigazetesi.ist\/en\/wp-json\/wp\/v2\/comments?post=140965"}],"version-history":[{"count":0,"href":"https:\/\/www.enerjigazetesi.ist\/en\/wp-json\/wp\/v2\/posts\/140965\/revisions"}],"wp:featuredmedia":[{"embeddable":true,"href":"https:\/\/www.enerjigazetesi.ist\/en\/wp-json\/wp\/v2\/media\/140967"}],"wp:attachment":[{"href":"https:\/\/www.enerjigazetesi.ist\/en\/wp-json\/wp\/v2\/media?parent=140965"}],"wp:term":[{"taxonomy":"category","embeddable":true,"href":"https:\/\/www.enerjigazetesi.ist\/en\/wp-json\/wp\/v2\/categories?post=140965"},{"taxonomy":"post_tag","embeddable":true,"href":"https:\/\/www.enerjigazetesi.ist\/en\/wp-json\/wp\/v2\/tags?post=140965"}],"curies":[{"name":"wp","href":"https:\/\/api.w.org\/{rel}","templated":true}]}}