{"id":140945,"date":"2021-08-25T10:33:21","date_gmt":"2021-08-25T07:33:21","guid":{"rendered":"https:\/\/www.enerjigazetesi.ist\/?p=140945"},"modified":"2021-08-25T10:36:23","modified_gmt":"2021-08-25T07:36:23","slug":"turkiye-nin-lojistik-sektorunde-gectigimiz-yil-76-milyar-dolarlik-hizmet-ihracati-yapildi","status":"publish","type":"post","link":"https:\/\/www.enerjigazetesi.ist\/en\/turkiye-nin-lojistik-sektorunde-gectigimiz-yil-76-milyar-dolarlik-hizmet-ihracati-yapildi\/","title":{"rendered":"(Turkish) &#8217;T\u00fcrkiye&#8217;nin Lojistik Sekt\u00f6r\u00fc Ge\u00e7en Y\u0131l 7,6 Milyar Dolarl\u0131k Hizmet \u0130hracat\u0131 Yapt\u0131"},"content":{"rendered":"<p class=\"qtranxs-available-languages-message qtranxs-available-languages-message-en\">Sorry, this entry is only available in <a href=\"https:\/\/www.enerjigazetesi.ist\/tr\/wp-json\/wp\/v2\/posts\/140945\" class=\"qtranxs-available-language-link qtranxs-available-language-link-tr\" title=\"Turkish\">Turkish<\/a>. For the sake of viewer convenience, the content is shown below in the alternative language. You may click the link to switch the active language.<\/p><p><\/p>\n<h2><strong>Lojistik sekt\u00f6r\u00fc ge\u00e7en y\u0131l ger\u00e7ekle\u015ftirdi\u011fi 7,6 milyar dolarl\u0131k hizmet ihracat\u0131 sonras\u0131 bu y\u0131l\u0131n ilk yar\u0131s\u0131nda 4,9 milyar dolarl\u0131k ihracata imza att\u0131. Ares Logistics Kurucu Orta\u011f\u0131 Engin K\u0131rc\u0131, y\u00fck ta\u015f\u0131mac\u0131l\u0131\u011f\u0131 ve lojistik hizmetlerinin T\u00fcrkiye\u2019ye en \u00e7ok d\u00f6viz kazand\u0131ran sekt\u00f6rlerden biri haline geldi\u011fini belirtti. Bu y\u0131l\u0131n ilk yar\u0131s\u0131nda otomobil ihracat\u0131n\u0131n 5 milyar dolar oldu\u011funa dikkati \u00e7eken K\u0131rc\u0131, \u201c<\/strong><em><strong>Navlun hizmet ihracat\u0131, otomobil ihracat\u0131yla yar\u0131\u015f\u0131r hale geldi.\u201d\u00a0<\/strong><\/em><strong>dedi.<\/strong><\/h2>\n<p><img loading=\"lazy\" class=\"alignright wp-image-140947\" src=\"https:\/\/www.enerjigazetesi.ist\/wp-content\/uploads\/2021\/08\/lojistik-sektorunde-gectigimiz-yil-76-milyar-dolarlik-hizmet-ihracati-yapildi-2.jpg\" alt=\"\" width=\"320\" height=\"214\" srcset=\"https:\/\/www.enerjigazetesi.ist\/wp-content\/uploads\/2021\/08\/lojistik-sektorunde-gectigimiz-yil-76-milyar-dolarlik-hizmet-ihracati-yapildi-2.jpg 550w, https:\/\/www.enerjigazetesi.ist\/wp-content\/uploads\/2021\/08\/lojistik-sektorunde-gectigimiz-yil-76-milyar-dolarlik-hizmet-ihracati-yapildi-2-300x200.jpg 300w, https:\/\/www.enerjigazetesi.ist\/wp-content\/uploads\/2021\/08\/lojistik-sektorunde-gectigimiz-yil-76-milyar-dolarlik-hizmet-ihracati-yapildi-2-500x334.jpg 500w, https:\/\/www.enerjigazetesi.ist\/wp-content\/uploads\/2021\/08\/lojistik-sektorunde-gectigimiz-yil-76-milyar-dolarlik-hizmet-ihracati-yapildi-2-75x50.jpg 75w, https:\/\/www.enerjigazetesi.ist\/wp-content\/uploads\/2021\/08\/lojistik-sektorunde-gectigimiz-yil-76-milyar-dolarlik-hizmet-ihracati-yapildi-2-450x300.jpg 450w\" sizes=\"(max-width: 320px) 100vw, 320px\" \/>T\u00fcrkiye Cumhuriyet Merkez Bankas\u0131 \u00d6demeler Dengesi ge\u00e7ici verilerine g\u00f6re, ge\u00e7en y\u0131l \u201cnavlun hizmet ihracat\u0131\u201d <strong>7 milyar 609 milyon dolar<\/strong>, ithalat\u0131 ise <strong>5 milyar 922 milyon dolar<\/strong> oldu. Bu y\u0131l <strong>ocak-haziran aylar\u0131<\/strong>nda ise navlun ihracat\u0131 <strong>4 milyar 931 milyon<\/strong>, ithalat\u0131<strong> 3 milyar 433 milyon dolar\u0131<\/strong> buldu.<\/p>\n<p>Sekt\u00f6rdeki ihracat\u00e7\u0131 firmalar aras\u0131nda yer alan Ares Logistics\u2019in Kurucu Orta\u011f\u0131 <strong>Engin K\u0131rc\u0131<\/strong>, y\u00fck ta\u015f\u0131mac\u0131l\u0131\u011f\u0131 ve lojistik hizmet ihracat\u0131 istatistiklerini de\u011ferlendirdi. K\u0131rc\u0131, <strong>y\u00fck ta\u015f\u0131mac\u0131l\u0131\u011f\u0131<\/strong> ve <strong>lojistik sekt\u00f6r\u00fc<\/strong>n\u00fcn 2020 y\u0131l\u0131nda ve bu y\u0131l\u0131n <strong>ilk 6 ay\u0131nda<\/strong> \u00fclke <strong>ekonomisine, ihracat\u0131na, istihdam\u0131na<\/strong> ciddi katk\u0131 sa\u011flad\u0131\u011f\u0131n\u0131 anlatt\u0131.<\/p>\n<h3><strong>\u201cLojistik sekt\u00f6r\u00fc ihracatta otomobille yar\u0131\u015f\u0131yor\u201d<\/strong><\/h3>\n<p>T\u00dc\u0130K verilerine g\u00f6re ge\u00e7en y\u0131l otomobil ihracat\u0131n\u0131n <strong>9 milyar 636 milyon dolara<\/strong>, bu y\u0131l\u0131n ilk yar\u0131s\u0131nda ise 4 milyar 966 milyon dolara d\u00fc\u015ft\u00fc\u011f\u00fcn\u00fc hat\u0131rlatan K\u0131rc\u0131, \u201c<em>Navlun hizmet ihracat\u0131, otomobil ihracat\u0131yla yar\u0131\u015f\u0131r hale geldi.\u201d\u00a0<\/em>dedi. K\u0131rc\u0131, Ares Logistics olarak T\u00fcrkiye\u2019ye daha \u00e7ok d\u00f6viz kazand\u0131rabilmek i\u00e7in yat\u0131r\u0131mlar\u0131na h\u0131z verdiklerini, yurt d\u0131\u015f\u0131 faaliyetlerini art\u0131rd\u0131klar\u0131n\u0131 belirtti.<\/p>\n<h3><strong>\u201cLojistik\u00e7iler T\u00fcrkiye\u2019nin cari a\u00e7\u0131\u011f\u0131n\u0131 azaltt\u0131\u201d<\/strong><\/h3>\n<p>T\u00fcrkiye\u2019nin ihracat\u0131na bu kadar \u00e7ok destek olup <strong>cari a\u00e7\u0131\u011f\u0131n\u0131 azaltan<\/strong> sekt\u00f6r\u00fcn, maliyetlerini art\u0131ran baz\u0131 sorunlar\u0131 oldu\u011funa dikkati \u00e7eken K\u0131rc\u0131, bu sorunlar \u00e7\u00f6z\u00fcld\u00fc\u011f\u00fc takdirde <strong>y\u00fck ta\u015f\u0131mac\u0131l\u0131\u011f\u0131<\/strong> ve <strong>lojistik<\/strong> ihracat\u0131n\u0131n daha da artaca\u011f\u0131n\u0131,<strong> ithalat\u0131n\u0131n ise azalaca\u011f\u0131n\u0131<\/strong> vurgulad\u0131.<\/p>\n<h3><strong>\u201cY\u00fck ta\u015f\u0131mac\u0131l\u0131\u011f\u0131 ve lojistik ihracat\u0131 % 42 artt\u0131\u201d<\/strong><\/h3>\n<p>K\u0131rc\u0131, \u201c<em>Merkez Bankas\u0131 ge\u00e7ici verilerine g\u00f6re bu y\u0131l\u0131n ilk yar\u0131s\u0131nda navlun ihracat\u0131 <strong>% 42<\/strong> y\u00fckselirken navlun ithalat\u0131ndaki art\u0131\u015f ise <strong>% 23,5<\/strong>\u2019te kald\u0131. Lojistik sekt\u00f6r\u00fc T\u00fcrkiye\u2019ye \u00e7ok daha fazla d\u00f6viz kazand\u0131rabilir.\u00a0<strong>Uluslararas\u0131 y\u00fck ta\u015f\u0131mac\u0131l\u0131\u011f\u0131<\/strong>nda maliyetlerin azalmas\u0131, \u00fclkemizin toplam ihracat\u0131n\u0131 da art\u0131racakt\u0131r.\u201d\u00a0<\/em>diye konu\u015ftu.<\/p>","protected":false},"excerpt":{"rendered":"<p>Sorry, this entry is only available in Turkish. For the sake of viewer convenience, the content is shown below in the alternative language. You may click the link to switch the active language. Lojistik sekt\u00f6r\u00fc ge\u00e7en y\u0131l ger\u00e7ekle\u015ftirdi\u011fi 7,6 milyar dolarl\u0131k hizmet ihracat\u0131 sonras\u0131 bu y\u0131l\u0131n ilk yar\u0131s\u0131nda 4,9 milyar dolarl\u0131k ihracata imza att\u0131. Ares [&hellip;]<\/p>\n","protected":false},"author":1,"featured_media":140948,"comment_status":"open","ping_status":"open","sticky":false,"template":"","format":"standard","meta":[],"categories":[53],"tags":[95629,63920,65732,72344,65279,94717,95634,95632,89671,95633,95630,95631],"views":111,"_links":{"self":[{"href":"https:\/\/www.enerjigazetesi.ist\/en\/wp-json\/wp\/v2\/posts\/140945"}],"collection":[{"href":"https:\/\/www.enerjigazetesi.ist\/en\/wp-json\/wp\/v2\/posts"}],"about":[{"href":"https:\/\/www.enerjigazetesi.ist\/en\/wp-json\/wp\/v2\/types\/post"}],"author":[{"embeddable":true,"href":"https:\/\/www.enerjigazetesi.ist\/en\/wp-json\/wp\/v2\/users\/1"}],"replies":[{"embeddable":true,"href":"https:\/\/www.enerjigazetesi.ist\/en\/wp-json\/wp\/v2\/comments?post=140945"}],"version-history":[{"count":0,"href":"https:\/\/www.enerjigazetesi.ist\/en\/wp-json\/wp\/v2\/posts\/140945\/revisions"}],"wp:featuredmedia":[{"embeddable":true,"href":"https:\/\/www.enerjigazetesi.ist\/en\/wp-json\/wp\/v2\/media\/140948"}],"wp:attachment":[{"href":"https:\/\/www.enerjigazetesi.ist\/en\/wp-json\/wp\/v2\/media?parent=140945"}],"wp:term":[{"taxonomy":"category","embeddable":true,"href":"https:\/\/www.enerjigazetesi.ist\/en\/wp-json\/wp\/v2\/categories?post=140945"},{"taxonomy":"post_tag","embeddable":true,"href":"https:\/\/www.enerjigazetesi.ist\/en\/wp-json\/wp\/v2\/tags?post=140945"}],"curies":[{"name":"wp","href":"https:\/\/api.w.org\/{rel}","templated":true}]}}