{"id":140805,"date":"2021-08-22T21:24:08","date_gmt":"2021-08-22T18:24:08","guid":{"rendered":"https:\/\/www.enerjigazetesi.ist\/?p=140805"},"modified":"2021-08-23T11:16:23","modified_gmt":"2021-08-23T08:16:23","slug":"22-inci-sanayide-enerji-verimliligi-senver-proje-yarismasi-na-basvurular-basladi","status":"publish","type":"post","link":"https:\/\/www.enerjigazetesi.ist\/en\/22-inci-sanayide-enerji-verimliligi-senver-proje-yarismasi-na-basvurular-basladi\/","title":{"rendered":"(Turkish) Sanayide Enerji Verimlili\u011fi Proje Yar\u0131\u015fmas\u0131&#8217;na Ba\u015fvurular Ba\u015flad\u0131"},"content":{"rendered":"<p class=\"qtranxs-available-languages-message qtranxs-available-languages-message-en\">Sorry, this entry is only available in <a href=\"https:\/\/www.enerjigazetesi.ist\/tr\/wp-json\/wp\/v2\/posts\/140805\" class=\"qtranxs-available-language-link qtranxs-available-language-link-tr\" title=\"Turkish\">Turkish<\/a>. For the sake of viewer convenience, the content is shown below in the alternative language. You may click the link to switch the active language.<\/p><p><\/p>\n<h1>End\u00fcstriyel i\u015fletmeler aras\u0131nda bilgi al\u0131\u015fveri\u015fini art\u0131rarak enerji verimlili\u011fi konusuna y\u00f6nelik yeni \u00e7al\u0131\u015fmalar\u0131 te\u015fvik etmek i\u00e7in 22&#8217;inci Sanayide Enerji Verimlili\u011fi (SENVER) Proje yar\u0131\u015fmas\u0131 <img loading=\"lazy\" class=\"alignright wp-image-140807\" src=\"https:\/\/www.enerjigazetesi.ist\/wp-content\/uploads\/2021\/08\/22-inci-sanayide-enerji-verimliligi-senver-proje-yarismasi-duzenlenecek.jpg\" alt=\"\" width=\"320\" height=\"214\" srcset=\"https:\/\/www.enerjigazetesi.ist\/wp-content\/uploads\/2021\/08\/22-inci-sanayide-enerji-verimliligi-senver-proje-yarismasi-duzenlenecek.jpg 550w, https:\/\/www.enerjigazetesi.ist\/wp-content\/uploads\/2021\/08\/22-inci-sanayide-enerji-verimliligi-senver-proje-yarismasi-duzenlenecek-300x200.jpg 300w, https:\/\/www.enerjigazetesi.ist\/wp-content\/uploads\/2021\/08\/22-inci-sanayide-enerji-verimliligi-senver-proje-yarismasi-duzenlenecek-500x334.jpg 500w, https:\/\/www.enerjigazetesi.ist\/wp-content\/uploads\/2021\/08\/22-inci-sanayide-enerji-verimliligi-senver-proje-yarismasi-duzenlenecek-75x50.jpg 75w, https:\/\/www.enerjigazetesi.ist\/wp-content\/uploads\/2021\/08\/22-inci-sanayide-enerji-verimliligi-senver-proje-yarismasi-duzenlenecek-450x300.jpg 450w\" sizes=\"(max-width: 320px) 100vw, 320px\" \/>ger\u00e7ekle\u015ftiriliyor.<\/h1>\n<p><strong>Enerji ve Tabii Kaynaklar Bakanl\u0131\u011f\u0131<\/strong>&#8216;nca\u00a0<strong>enerji verimlili\u011finin art\u0131r\u0131lmas\u0131<\/strong>n\u0131 hedefi ile 1999 y\u0131l\u0131ndan g\u00fcn\u00fcm\u00fcze her y\u0131l <strong>end\u00fcstriyel i\u015fletmelere<\/strong> y\u00f6nelik d\u00fczenlenen <strong>proje yar\u0131\u015fmalar\u0131<\/strong>n\u0131n bu y\u0131l <strong>22&#8217;incisi<\/strong> (SENVER \u2013 22) ger\u00e7ekle\u015ftiriliyor.<\/p>\n<h3><strong>12 KASIM 2021\u2019E KADAR BA\u015eVURU YAPILAB\u0130LECEK<\/strong><\/h3>\n<p><strong>Sanayide Enerji Verimlili\u011finin Art\u0131r\u0131lmas\u0131 Projeleri<\/strong> ve <strong>Enerji Verimli End\u00fcstriyel Tesis (EVET)<\/strong> olmak \u00fczere, <strong>2 ana grupta<\/strong> ger\u00e7ekle\u015ftirilecek. Ba\u015fvurular, <strong>12 Kas\u0131m 2021<\/strong>\u00a0mesai bitimine kadar <strong>Enerji ve Tabii Kaynaklar Bakanl\u0131\u011f\u0131, Enerji Verimlili\u011fi<\/strong> ve <strong>\u00c7evre Dairesi Ba\u015fkanl\u0131\u011f\u0131<\/strong>, <em>Nasuh Akar Mah. T\u00fcrkoca\u011f\u0131 Cd. D:2, 06520 \u00c7ankaya\/ANKARA<\/em> adresine yap\u0131lacak.<\/p>\n<p>Yar\u0131\u015fma ile ilgili detayl\u0131 bilgi almak i\u00e7in\u00a0<strong><a href=\"https:\/\/enerji.gov.tr\/duyuru-detay?id=184\" target=\"_blank\" rel=\"nofollow noopener\">TIKLAYIN &gt;&gt;&gt;<\/a><\/strong><\/p>","protected":false},"excerpt":{"rendered":"<p>Sorry, this entry is only available in Turkish. For the sake of viewer convenience, the content is shown below in the alternative language. You may click the link to switch the active language. End\u00fcstriyel i\u015fletmeler aras\u0131nda bilgi al\u0131\u015fveri\u015fini art\u0131rarak enerji verimlili\u011fi konusuna y\u00f6nelik yeni \u00e7al\u0131\u015fmalar\u0131 te\u015fvik etmek i\u00e7in 22&#8217;inci Sanayide Enerji Verimlili\u011fi (SENVER) Proje yar\u0131\u015fmas\u0131 [&hellip;]<\/p>\n","protected":false},"author":1,"featured_media":140807,"comment_status":"open","ping_status":"open","sticky":false,"template":"","format":"standard","meta":[],"categories":[51,53,52],"tags":[95519,95521,12,58103,13522,95520,1902,95518,32784,95522],"views":174,"_links":{"self":[{"href":"https:\/\/www.enerjigazetesi.ist\/en\/wp-json\/wp\/v2\/posts\/140805"}],"collection":[{"href":"https:\/\/www.enerjigazetesi.ist\/en\/wp-json\/wp\/v2\/posts"}],"about":[{"href":"https:\/\/www.enerjigazetesi.ist\/en\/wp-json\/wp\/v2\/types\/post"}],"author":[{"embeddable":true,"href":"https:\/\/www.enerjigazetesi.ist\/en\/wp-json\/wp\/v2\/users\/1"}],"replies":[{"embeddable":true,"href":"https:\/\/www.enerjigazetesi.ist\/en\/wp-json\/wp\/v2\/comments?post=140805"}],"version-history":[{"count":0,"href":"https:\/\/www.enerjigazetesi.ist\/en\/wp-json\/wp\/v2\/posts\/140805\/revisions"}],"wp:featuredmedia":[{"embeddable":true,"href":"https:\/\/www.enerjigazetesi.ist\/en\/wp-json\/wp\/v2\/media\/140807"}],"wp:attachment":[{"href":"https:\/\/www.enerjigazetesi.ist\/en\/wp-json\/wp\/v2\/media?parent=140805"}],"wp:term":[{"taxonomy":"category","embeddable":true,"href":"https:\/\/www.enerjigazetesi.ist\/en\/wp-json\/wp\/v2\/categories?post=140805"},{"taxonomy":"post_tag","embeddable":true,"href":"https:\/\/www.enerjigazetesi.ist\/en\/wp-json\/wp\/v2\/tags?post=140805"}],"curies":[{"name":"wp","href":"https:\/\/api.w.org\/{rel}","templated":true}]}}