{"id":1408,"date":"2012-08-13T09:50:27","date_gmt":"2012-08-13T06:50:27","guid":{"rendered":"https:\/\/www.enerjigazetesi.ist\/?p=1408"},"modified":"2012-08-13T10:23:14","modified_gmt":"2012-08-13T07:23:14","slug":"enerji-tasarrufu-yapamiyoruz","status":"publish","type":"post","link":"https:\/\/www.enerjigazetesi.ist\/en\/enerji-tasarrufu-yapamiyoruz\/","title":{"rendered":"(Turkish) Enerji Tasarrufu Yapam\u0131yoruz"},"content":{"rendered":"<p class=\"qtranxs-available-languages-message qtranxs-available-languages-message-en\">Sorry, this entry is only available in <a href=\"https:\/\/www.enerjigazetesi.ist\/tr\/wp-json\/wp\/v2\/posts\/1408\" class=\"qtranxs-available-language-link qtranxs-available-language-link-tr\" title=\"Turkish\">Turkish<\/a>. For the sake of viewer convenience, the content is shown below in the alternative language. You may click the link to switch the active language.<\/p><p><strong>Yap\u0131lan bir ara\u015ft\u0131rmada konutlarda elektri\u011fi beyaz e\u015fyan\u0131n harcad\u0131\u011f\u0131 halde t\u00fcketicinin tasarruf i\u00e7in lamba kapatt\u0131\u011f\u0131 belirlendi. T\u00fcketicinin gelece\u011fin beyaz e\u015fyas\u0131ndan, \u00e7ama\u015f\u0131r\u0131 \u00fct\u00fclenmi\u015f olarak \u00e7\u0131kartabilme \u00f6zelli\u011fi istedi\u011fi ortaya konuldu.<\/strong><\/p>\n<p><img loading=\"lazy\" class=\"alignright size-medium wp-image-1409\" title=\"enerji-tasarrufu-yapamiyoruz\" src=\"https:\/\/www.enerjigazetesi.ist\/wp-content\/uploads\/2012\/08\/enerji-tasarrufu-yapamiyoruz-300x185.jpg\" alt=\"\" width=\"300\" height=\"185\" srcset=\"https:\/\/www.enerjigazetesi.ist\/wp-content\/uploads\/2012\/08\/enerji-tasarrufu-yapamiyoruz-300x185.jpg 300w, https:\/\/www.enerjigazetesi.ist\/wp-content\/uploads\/2012\/08\/enerji-tasarrufu-yapamiyoruz-500x309.jpg 500w, https:\/\/www.enerjigazetesi.ist\/wp-content\/uploads\/2012\/08\/enerji-tasarrufu-yapamiyoruz-80x50.jpg 80w, https:\/\/www.enerjigazetesi.ist\/wp-content\/uploads\/2012\/08\/enerji-tasarrufu-yapamiyoruz.jpg 576w\" sizes=\"(max-width: 300px) 100vw, 300px\" \/>T\u00dcRKBESD taraf\u0131ndan yap\u0131lan t\u00fcketici e\u011filim ara\u015ft\u0131rmas\u0131 sonu\u00e7land\u0131. T\u00fcketicilerin beyaz e\u015fya sat\u0131n alma ve enerji tasarrufu e\u011filimleri ile gelecekte beyaz e\u015fyadan beklentilerinin ortaya konuldu\u011fu ara\u015ft\u0131rmada, T\u00fcrkiye\u2019de t\u00fcketicilerin konutta enerji tasarrufu konusunda \u00f6nceliklerini yanl\u0131\u015f belirlediklerinin ortaya konuldu\u011fu belirtildi.<\/p>\n<p>Ara\u015ft\u0131rman\u0131n, 15 ya\u015f \u00fczerinde bin 384 ki\u015fiyi kapsayan ve \u0130stanbul, Ankara, \u0130zmir, Adana, Antalya, Bursa, Denizli, Diyarbak\u0131r, Edirne, Erzurum, Gaziantep, Konya, Kayseri, Manisa, Samsun, Trabzon illerinde ger\u00e7ekle\u015ftirildi\u011fi kaydedildi. Bu kapsamda t\u00fcketicilerin enerji tasarrufu bilinci, beyaz e\u015fya sat\u0131n alma karar\u0131nda etkili olan unsurlar ve gelecekte beyaz e\u015fyalar\u0131n \u00f6zelliklerine y\u00f6nelik beklentilerin sorguland\u0131\u011f\u0131 kaydedildi.<\/p>\n<p>Ara\u015ft\u0131rman\u0131n, T\u00fcrkiye\u2019de konutlarda kullan\u0131lan toplam elektrik miktar\u0131n\u0131n y\u00fczde 50\u2019sinin beyaz e\u015fyalar\u0131n kullan\u0131m\u0131nda ger\u00e7ekle\u015fmesine ra\u011fmen, t\u00fcketicilerin enerji tasarrufunu konutlarda kullan\u0131lan toplam miktar\u0131n yaln\u0131zca y\u00fczde 14\u2019\u00fcn\u00fc olu\u015fturan ayd\u0131nlatma ara\u00e7lar\u0131 \u00fczerinden yapmaya \u00e7al\u0131\u015ft\u0131\u011f\u0131n\u0131n belirlendi\u011fi a\u00e7\u0131kland\u0131. Buna g\u00f6re, ara\u015ft\u0131rmaya kat\u0131lanlar\u0131n y\u00fczde 55\u2019inin gereksiz lambalar\u0131 kapatarak, y\u00fczde 44\u2019\u00fcn\u00fcn enerji tasarruflu ampuller kullanarak, y\u00fczde 32\u2019sinin bo\u015fa su ak\u0131tmayarak enerjiden tasarruf ettiklerini belirtti\u011fi, enerji tasarruflu \u00fcr\u00fcnler kullananlar\u0131n oran\u0131n\u0131n yaln\u0131zca y\u00fczde 23\u2019te kald\u0131\u011f\u0131n\u0131n alt\u0131 \u00e7izildi.<\/p>\n<p><strong>Kad\u0131nlar Tasarrufta Daha Duyarl\u0131 <\/strong><\/p>\n<p>Ara\u015ft\u0131rmada, g\u00f6ze \u00e7arpan bulgulardan birinin de t\u00fcketicilerin y\u00fczde 94\u2019\u00fcn\u00fcn hanede enerji tasarrufunu \u201c\u00e7ok \u00f6nemli\u201d ve \u201c\u00f6nemli\u201d olarak belirtmesi oldu\u011funun ortaya konuldu\u011fu vurguland\u0131. Buna kar\u015f\u0131n ara\u015ft\u0131rmaya kat\u0131lanlar\u0131n y\u00fczde 2\u2019ye yak\u0131n bir kesiminin, hanede enerji tasarrufunun \u00f6nemsiz oldu\u011funa inand\u0131\u011f\u0131 kaydedildi. \u00c7ama\u015f\u0131r ve bula\u015f\u0131k makinesi kullan\u0131m\u0131nda 35 ya\u015f \u00fcst\u00fc grubun y\u00fczde 72\u2019sinin, \u0131s\u0131 derecesi ayar\u0131 yapt\u0131\u011f\u0131n\u0131 belirtti\u011fi ifade edildi. Ara\u015ft\u0131rma sonu\u00e7lar\u0131na g\u00f6re, kad\u0131nlar\u0131n, beyaz e\u015fyalar\u0131n su ve enerji tasarrufu sa\u011flamas\u0131 kapsam\u0131nda erkeklere g\u00f6re daha duyarl\u0131 davrand\u0131\u011f\u0131, ayr\u0131ca 35 ya\u015f \u00fcst\u00fc her \u00fc\u00e7 ki\u015fiden birinin beyaz e\u015fya al\u0131mlar\u0131nda, al\u0131nmas\u0131 planlanan \u00fcr\u00fcn\u00fcn enerji ve su tasarrufu sa\u011flamas\u0131na dikkat etti\u011fi bildirildi.<\/p>\n<p><strong>Beyaz E\u015fyada Kalite Aran\u0131yor<\/strong><\/p>\n<p>Ara\u015ft\u0131rmada, \u00fcr\u00fcn kalitesinin, beyaz e\u015fya sat\u0131n alma karar\u0131nda en belirleyici etken olarak \u00f6ne \u00e7\u0131kt\u0131\u011f\u0131, beyaz e\u015fya sat\u0131n al\u0131mlar\u0131nda 35 ya\u015f \u00fcst\u00fc ki\u015filerin y\u00fczde 44\u2019\u00fcn\u00fcn, sat\u0131n alma karar\u0131n\u0131 bir ba\u015fka ki\u015fiyle verdi\u011fi, y\u00fczde 40\u2019\u0131n\u0131n ise alaca\u011f\u0131 \u00fcr\u00fcne kendisin karar verdi\u011finin ortaya konuldu\u011fu vurguland\u0131. Sat\u0131n alma karar\u0131nda en \u00f6nemli rol\u00fc y\u00fczde 63\u2019l\u00fck oranla \u00fcr\u00fcn\u00fcn kaliteli olmas\u0131n\u0131n oynad\u0131\u011f\u0131, marka bilinirli\u011finin ise y\u00fczde 51 ile ikinci s\u0131rada yer ald\u0131\u011f\u0131 kaydedildi. Enerji\/su tasarrufu, yenilik\u00e7i \u00fcr\u00fcn, servis kalitesi, fiyat ve tasar\u0131m\u0131n, sat\u0131n alma karar\u0131n\u0131 etkileyen di\u011fer fakt\u00f6rler olarak s\u0131raland\u0131\u011f\u0131n\u0131n alt\u0131 \u00e7izildi. \u00d6te yandan, beyaz e\u015fya sat\u0131n al\u0131nan yerler aras\u0131nda yetkili bayilerin y\u00fczde 88.9 ile ilk s\u0131rada yer ald\u0131\u011f\u0131 a\u00e7\u0131kland\u0131.<br \/>\n<strong><br \/>\nHanelerin Yar\u0131s\u0131nda Bula\u015f\u0131k Makinesi Var<\/strong><\/p>\n<p>Ara\u015ft\u0131rmada, AB gelir grubu ve \u00fcniversite mezunlar\u0131n\u0131n y\u00fczde 70\u2019i A ve B s\u0131n\u0131f\u0131 enerji verimli \u00fcr\u00fcnler aras\u0131ndaki fark\u0131 bildi\u011fi belirtildi. T\u00fcketicilerin y\u00fczde 50\u2019sinin bula\u015f\u0131klar\u0131n\u0131 makinede y\u0131kad\u0131\u011f\u0131n\u0131 belirtti\u011fi, C gelir grubunda yayg\u0131n olarak be\u015f ki\u015fiden birinin bula\u015f\u0131klar\u0131n\u0131 her zaman elde y\u0131kad\u0131\u011f\u0131n\u0131 s\u00f6yledi\u011fi vurguland\u0131. 35 ya\u015f ve \u00fcst\u00fcndeki ki\u015filerin y\u00fczde 48\u2019inin enerji verimlili\u011fi kapsam\u0131nda tasarruflu ampuller kulland\u0131\u011f\u0131n\u0131 ifade etmesine ra\u011fmen, AB gelir grubunun y\u00fczde 24\u2019\u00fcn\u00fcn ise enerji verimlili\u011fi do\u011frultusunda hi\u00e7bir \u00f6nlem almad\u0131\u011f\u0131n\u0131 belirtti\u011fi ifade edildi.<\/p>\n<p><strong>T\u00fcketici \u00dct\u00fcl\u00fc \u00c7ama\u015f\u0131r \u0130stiyor <\/strong><\/p>\n<p>T\u00dcRKBESD\u2019in ara\u015ft\u0131rmas\u0131nda, t\u00fcketicilerin gelece\u011fin beyaz e\u015fyalar\u0131ndan ne bekledi\u011finin de ortaya konuldu\u011fu belirtildi. Kat\u0131l\u0131mc\u0131lara, herhangi bir y\u00f6nlendirme yap\u0131lmadan y\u00f6neltilen soruya verilen cevaplara g\u00f6re, gelecekte beyaz e\u015fyalarda en \u00e7ok istenen \u00f6zelli\u011fin, \u201cdaha h\u0131zl\u0131 y\u0131kama ve kurutma\u201d i\u015flevi oldu\u011fu vurguland\u0131. Gelece\u011fin beyaz e\u015fyas\u0131nda aranan di\u011fer \u00f6zelliklerin ise su \u0131s\u0131s\u0131n\u0131 kendi kendine ayarlama, ev d\u0131\u015f\u0131ndan kumanda ile \u00e7al\u0131\u015fabilme, \u00e7ama\u015f\u0131r\u0131 \u00fct\u00fclenmi\u015f olarak \u00e7\u0131karabilme ve ses tan\u0131ma \u00f6zelli\u011fi \u015feklinde s\u0131raland\u0131\u011f\u0131 kaydedildi.<br \/>\n<strong><br \/>\nEnerji Tasarrufu Bilin\u00e7siz Yap\u0131l\u0131yor<\/strong><\/p>\n<p>T\u00dcRKBESD Y\u00f6netim Kurulu Ba\u015fkan\u0131 \u00d6zcan Aydilek, raporu de\u011ferlendirirken, konutlarda enerji tasarrufuna ili\u015fkin \u2018do\u011fru bilinen yanl\u0131\u015flar\u2019 oldu\u011funu ve t\u00fcketicilerin bu konudaki fark\u0131ndal\u0131\u011f\u0131n\u0131n art\u0131r\u0131lmas\u0131 gerekti\u011finin alt\u0131n\u0131 \u00e7izdi. Bu ama\u00e7la, h\u00fck\u00fcmet ile ortak hareket ederek bir \u00e7al\u0131\u015fma ba\u015flatmay\u0131 hedeflediklerini s\u00f6yleyen Aydilek, \u201cAra\u015ft\u0131rma sonu\u00e7lar\u0131 g\u00f6sterdi ki halk\u0131m\u0131z bo\u015fa yanan lambalar\u0131 kapatarak ya da enerji tasarruflu ampuller kullanarak tasarruf etmeye \u00e7al\u0131\u015f\u0131yor. Ancak, konutlarda kullan\u0131lan elektri\u011fin da\u011f\u0131l\u0131m\u0131na bak\u0131ld\u0131\u011f\u0131nda bu y\u00f6ntemlerin enerji tasarrufu a\u00e7\u0131s\u0131ndan \u00e7ok da verimli olmad\u0131\u011f\u0131n\u0131 g\u00f6r\u00fcyoruz\u201d dedi.<\/p>\n<p>T\u00fcrkiye\u2019de toplam elektrik \u00fcretiminin y\u00fczde 24\u2019\u00fcn\u00fcn konutlarda kullan\u0131ld\u0131\u011f\u0131n\u0131, bu miktar\u0131n yar\u0131s\u0131n\u0131n ise yaln\u0131zca beyaz ev e\u015fyalar\u0131n\u0131n kullan\u0131m\u0131nda t\u00fcketildi\u011fine dikkati \u00e7eken Aydilek, \u201cBu da T\u00fcrkiye\u2019nin toplam elektrik t\u00fcketiminin y\u00fczde 12\u2019sine kar\u015f\u0131l\u0131k geliyor. Buna kar\u015f\u0131n ayd\u0131nlatma ara\u00e7lar\u0131n\u0131n konutlardaki elektrik t\u00fcketimindeki pay\u0131 y\u00fczde 14. Enerji tasarrufu sa\u011flayan \u00fcr\u00fcnlerin kullan\u0131m\u0131yla konutlarda \u00e7ok daha y\u00fcksek miktarda enerji tasarrufu sa\u011flamak m\u00fcmk\u00fcn. T\u00fcketicinin bu konuda bilin\u00e7lendirilmesi hem hane hem de \u00fclke ekonomisine kayda de\u011fer katk\u0131 sa\u011flayacakt\u0131r. Bu konudaki fark\u0131ndal\u0131\u011f\u0131 art\u0131rmak ad\u0131na h\u00fck\u00fcmet ile el ele vererek \u00e7al\u0131\u015faca\u011f\u0131z\u201d diye konu\u015ftu.<\/p>\n<div><strong>Konut,<\/strong> <strong>\u0130\u015fyeri,<\/strong> <strong>Fabrikalar<\/strong> ve di\u011fer\u00a0\u00a0sanayi kurulu\u015flar\u0131 i\u00e7in Konu Hakk\u0131nda Ayr\u0131nt\u0131l\u0131\u00a0Detayl\u0131 Bilgiyi;<\/div>\n<div><a href=\"http:\/\/www.enve.com.tr\/\" target=\"_blank\"><strong>Enerji Verimlili\u011fi ve Dan\u0131\u015fmanl\u0131\u011f\u0131<\/strong> <\/a>\u00a0firmas\u0131;\u00a0<strong>\u00a0&#8221; ENVE Enerji&#8217;den &#8221; <\/strong>\u00f6\u011frenebilirsiniz.<\/div>\n<div>\u00a0<\/div>\n<div><strong>\u00dccretsiz Dan\u0131\u015fma Hatt\u0131 <\/strong>: <strong>0212 323 00 85<\/strong> nolu telefondan veya <a href=\"http:\/\/www.enve.com.tr\/\">www.enve.com.tr<\/a> web adresinden bilgi \u00a0alabilirsiniz.<\/div>\n<div>\u00a0<\/div>\n<div>Kaynak: <a href=\"http:\/\/www.yenimesaj.com.tr\/?haber,657644\/enerji-tasarrufu-yapamiyoruz\" target=\"_blank\">YeniMesaj<\/a><\/div>\n<p><\/p>","protected":false},"excerpt":{"rendered":"<p>Sorry, this entry is only available in Turkish. For the sake of viewer convenience, the content is shown below in the alternative language. You may click the link to switch the active language.Yap\u0131lan bir ara\u015ft\u0131rmada konutlarda elektri\u011fi beyaz e\u015fyan\u0131n harcad\u0131\u011f\u0131 halde t\u00fcketicinin tasarruf i\u00e7in lamba kapatt\u0131\u011f\u0131 belirlendi. T\u00fcketicinin gelece\u011fin beyaz e\u015fyas\u0131ndan, \u00e7ama\u015f\u0131r\u0131 \u00fct\u00fclenmi\u015f olarak \u00e7\u0131kartabilme [&hellip;]<\/p>\n","protected":false},"author":1,"featured_media":1409,"comment_status":"open","ping_status":"open","sticky":false,"template":"","format":"standard","meta":[],"categories":[53,52],"tags":[67,103,311,12,298,310],"views":884,"_links":{"self":[{"href":"https:\/\/www.enerjigazetesi.ist\/en\/wp-json\/wp\/v2\/posts\/1408"}],"collection":[{"href":"https:\/\/www.enerjigazetesi.ist\/en\/wp-json\/wp\/v2\/posts"}],"about":[{"href":"https:\/\/www.enerjigazetesi.ist\/en\/wp-json\/wp\/v2\/types\/post"}],"author":[{"embeddable":true,"href":"https:\/\/www.enerjigazetesi.ist\/en\/wp-json\/wp\/v2\/users\/1"}],"replies":[{"embeddable":true,"href":"https:\/\/www.enerjigazetesi.ist\/en\/wp-json\/wp\/v2\/comments?post=1408"}],"version-history":[{"count":6,"href":"https:\/\/www.enerjigazetesi.ist\/en\/wp-json\/wp\/v2\/posts\/1408\/revisions"}],"predecessor-version":[{"id":1415,"href":"https:\/\/www.enerjigazetesi.ist\/en\/wp-json\/wp\/v2\/posts\/1408\/revisions\/1415"}],"wp:featuredmedia":[{"embeddable":true,"href":"https:\/\/www.enerjigazetesi.ist\/en\/wp-json\/wp\/v2\/media\/1409"}],"wp:attachment":[{"href":"https:\/\/www.enerjigazetesi.ist\/en\/wp-json\/wp\/v2\/media?parent=1408"}],"wp:term":[{"taxonomy":"category","embeddable":true,"href":"https:\/\/www.enerjigazetesi.ist\/en\/wp-json\/wp\/v2\/categories?post=1408"},{"taxonomy":"post_tag","embeddable":true,"href":"https:\/\/www.enerjigazetesi.ist\/en\/wp-json\/wp\/v2\/tags?post=1408"}],"curies":[{"name":"wp","href":"https:\/\/api.w.org\/{rel}","templated":true}]}}