{"id":140777,"date":"2021-08-22T19:23:10","date_gmt":"2021-08-22T16:23:10","guid":{"rendered":"https:\/\/www.enerjigazetesi.ist\/?p=140777"},"modified":"2021-08-22T19:24:59","modified_gmt":"2021-08-22T16:24:59","slug":"muzigin-yeri-ve-zamani-etkinlikleri-istanbul-cevahir-de-konserler-ile-suruyor","status":"publish","type":"post","link":"https:\/\/www.enerjigazetesi.ist\/en\/muzigin-yeri-ve-zamani-etkinlikleri-istanbul-cevahir-de-konserler-ile-suruyor\/","title":{"rendered":"(Turkish) &#8217;M\u00fczik Etkinli\u011fi \u0130stanbul Cevahir&#8217;de Konserlerle Devam Ediyor&#8230;"},"content":{"rendered":"<p class=\"qtranxs-available-languages-message qtranxs-available-languages-message-en\">Sorry, this entry is only available in <a href=\"https:\/\/www.enerjigazetesi.ist\/tr\/wp-json\/wp\/v2\/posts\/140777\" class=\"qtranxs-available-language-link qtranxs-available-language-link-tr\" title=\"Turkish\">Turkish<\/a>. For the sake of viewer convenience, the content is shown below in the alternative language. You may click the link to switch the active language.<\/p><p><\/p>\n<h2><strong>Sevdikleriyle keyif dolu anlar ya\u015famak isteyen t\u00fcm m\u00fczikseverleri 11 Eyl\u00fcl 2021 tarihine kadar pek \u00e7ok m\u00fczisyenle bulu\u015fturacak \u0130stanbul Cevahir\u2019in \u201cM\u00fczi\u011fin Yeri ve Zaman\u0131\u201d etkinlikleri\u00a0t\u00fcm h\u0131z\u0131yla s\u00fcr\u00fcyor.<\/strong><\/h2>\n<p><img loading=\"lazy\" class=\"alignright wp-image-140779\" src=\"https:\/\/www.enerjigazetesi.ist\/wp-content\/uploads\/2021\/08\/muzigin-yeri-ve-zamani-etkinlikleri-istanbul-cevahirde-devam-ediyor-1.jpg\" alt=\"\" width=\"320\" height=\"240\" srcset=\"https:\/\/www.enerjigazetesi.ist\/wp-content\/uploads\/2021\/08\/muzigin-yeri-ve-zamani-etkinlikleri-istanbul-cevahirde-devam-ediyor-1.jpg 550w, https:\/\/www.enerjigazetesi.ist\/wp-content\/uploads\/2021\/08\/muzigin-yeri-ve-zamani-etkinlikleri-istanbul-cevahirde-devam-ediyor-1-300x225.jpg 300w, https:\/\/www.enerjigazetesi.ist\/wp-content\/uploads\/2021\/08\/muzigin-yeri-ve-zamani-etkinlikleri-istanbul-cevahirde-devam-ediyor-1-500x375.jpg 500w, https:\/\/www.enerjigazetesi.ist\/wp-content\/uploads\/2021\/08\/muzigin-yeri-ve-zamani-etkinlikleri-istanbul-cevahirde-devam-ediyor-1-67x50.jpg 67w\" sizes=\"(max-width: 320px) 100vw, 320px\" \/>Pandemiyle sessiz kalan \u015fehre <strong>yeniden hareket getirmek<\/strong> ve<strong> m\u00fczikseverleri notalarla yeniden bulu\u015fturmak<\/strong> i\u00e7in\u00a0<strong>\u0130stanbul Cevahir<\/strong>\u00a0taraf\u0131ndan\u00a0<strong>\u00fccretsiz<\/strong>\u00a0olarak ger\u00e7ekle\u015ftirilen\u00a0<strong>M\u00fczi\u011fin Yeri ve Zaman\u0131<\/strong>\u00a0etkinlikleri co\u015fkulu bir konserle ba\u015flad\u0131. <strong>Can Bonomo<\/strong>\u2019dan, <strong>Evrencan G\u00fcnd\u00fcz<\/strong>\u2019e <strong>Manu\u015f-u Ala<\/strong>\u2019dan <strong>Subway Jazz Station<\/strong>\u2019a bir\u00e7ok \u00fcnl\u00fc m\u00fczisyenin yer alaca\u011f\u0131 konserler ile m\u00fczi\u011fin kalbinin <strong>11 Eyl\u00fcl<\/strong>\u2019e dek \u0130stanbul Cevahir\u2019de ataca\u011f\u0131 etkinlikte ilk sahne alan <strong>Quartist<\/strong> oldu.<\/p>\n<h3><strong>M\u00fczi\u011fi \u00d6zleyenler \u0130stanbul Cevahir\u2019de Bulu\u015ftu<\/strong><\/h3>\n<p>Pandemi dolay\u0131s\u0131yla sosyalle\u015fmeyi \u00f6zleyen herkesi Quartist konserinde bulu\u015fturan \u0130stanbul Cevahir, ilk g\u00fcnde yo\u011fun bir ilgiyle kar\u015f\u0131la\u015ft\u0131. Uzun s\u00fcredir canl\u0131 ger\u00e7ekle\u015ftirilen konserde bir araya gelemeyen m\u00fcziksever, Quartist ile keyif dolu anlar ya\u015fad\u0131. Yo\u011fun tempolu ya\u015famlar\u0131na \u0130stanbul Cevahir\u2019deki konser ile k\u00fc\u00e7\u00fck bir mola veren ziyaret\u00e7iler, uzun bir aradan sonra birlikte vakit ge\u00e7irmenin keyfini ya\u015fad\u0131.<\/p>\n<h3><strong>Can Bonomo, Evrencan G\u00fcnd\u00fcz ve Pek \u00c7ok \u0130sim \u0130stanbul Cevahir\u2019de<\/strong><\/h3>\n<p><strong>Sosyalle\u015fmek<\/strong> isteyen her ya\u015ftan insan\u0131 \u015fehrin en keyifli noktas\u0131nda bulu\u015fturan<strong> \u0130stanbul Cevahir<\/strong>, <strong>M\u00fczi\u011fin Yeri ve Zaman\u0131\u00a0<\/strong>ile pandeminin getirdi\u011fi olumsuzluklar\u0131 da ortadan kald\u0131r\u0131yor. Ritimsiz kalan <strong>sokaklar\u0131 notalar\u0131n ezgisiyle<\/strong> hareketlendirecek konserler ile pandemide zor bir d\u00f6nemden ge\u00e7en m\u00fczisyenlerle canl\u0131 performans \u00f6zlemi \u00e7eken m\u00fczikseverler bir araya geliyor.<\/p>\n<h3><strong>Konserler COVID-19\u2019a Kar\u015f\u0131 Al\u0131nan \u00d6nlemlerle Yap\u0131l\u0131yor<\/strong><\/h3>\n<p>\u0130stanbul Cevahir\u2019de ger\u00e7ekle\u015ftirilen konserler t\u00fcm d\u00fcnyay\u0131 etkisi alt\u0131na alan <strong>COVID-19\u2019a kar\u015f\u0131 uygulanan<\/strong> kontroll\u00fc normalle\u015fme s\u00fcrecinde belirtilen \u00f6nlemler kapsam\u0131nda konser alan\u0131n\u0131n <strong>dezenfekte edilmesi, etkinli\u011fin sosyal mesafe kural\u0131na uygun<\/strong> olarak yap\u0131lmas\u0131 ve belirli say\u0131da ki\u015finin al\u0131nmas\u0131 gibi <strong>kurallar uygulanarak<\/strong> m\u00fczikseverlerin <strong>daha sa\u011fl\u0131kl\u0131 bir ortamda<\/strong> vakit ge\u00e7irmesine olanak tan\u0131n\u0131yor.<\/p>\n<h4><strong><u>D\u00fczenlenen Konser ve Tarihleri<\/u><\/strong><\/h4>\n<p>26 A\u011fustos 2021: Quartist &#8211; Vale Yolu Starbucks \u00d6n\u00fc (Saat: 14:00-15:00-16:00)<\/p>\n<p>27 A\u011fustos 2021: Quartist &#8211; Vale Yolu Starbucks \u00d6n\u00fc (Saat: 14:00-15:00-16:00)<\/p>\n<p>27 A\u011fustos 2021: Serra Erko\u00e7 &#8211; 1. Kat Etkinlik Alan\u0131 (Saat: 17:00-19:00)<\/p>\n<p>27 A\u011fustos 2021: Indie Soul Works &#8211; 1. Kat Etkinlik Alan\u0131 (Saat: 17:00-19:00)<\/p>\n<p>27 A\u011fustos 2021: Alper Karg\u0131n Band &#8211; 1. Kat Etkinlik Alan\u0131 (Saat: 17:00-19:00)<\/p>\n<p>28 A\u011fustos 2021: Manu\u015f-u Ala &#8211; 1. Kat Etkinlik Alan\u0131 (Saat: 19:00)<\/p>\n<p>28 A\u011fustos 2021: Subway Jazz Station &#8211; 1. Kat Etkinlik Alan\u0131 (Saat: 20.30)<\/p>\n<p>2 Eyl\u00fcl 2021 : Quartist &#8211; Vale Yolu Starbucks \u00d6n\u00fc (Saat: 14:00-15:00-16:00)<\/p>\n<p>3 Eyl\u00fcl 2021 : Quartist &#8211; Vale Yolu Starbucks \u00d6n\u00fc (Saat: 14:00-15:00-16:00)<\/p>\n<p>3 Eyl\u00fcl 2021: Mumble Band \u00ad- 1. Kat Etkinlik Alan\u0131 (Saat: 19:00)<\/p>\n<p>9 Eyl\u00fcl 2021: Quartist &#8211; Vale Yolu Starbucks \u00d6n\u00fc (Saat: 14:00-15:00-16:00<\/p>\n<p>10 Eyl\u00fcl 2021: Quartist &#8211; Vale Yolu Starbucks \u00d6n\u00fc (Saat: 14:00-15:00-16:00)<\/p>\n<p>10 Eyl\u00fcl 2021: Gabriela Sainz 1. Kat Etkinlik Alan\u0131 (Saat: 17:00-19:00)<\/p>\n<p>10 Eyl\u00fcl 2021: Son De Cuba 1. Kat Etkinlik Alan\u0131 (Saat: 17:00-19:00)<\/p>\n<p>11 Eyl\u00fcl 2021: Hande Everes Band &#8211; 1. Kat Etkinlik Alan\u0131 (Saat: 17:00)<\/p>","protected":false},"excerpt":{"rendered":"<p>Sorry, this entry is only available in Turkish. For the sake of viewer convenience, the content is shown below in the alternative language. You may click the link to switch the active language. Sevdikleriyle keyif dolu anlar ya\u015famak isteyen t\u00fcm m\u00fczikseverleri 11 Eyl\u00fcl 2021 tarihine kadar pek \u00e7ok m\u00fczisyenle bulu\u015fturacak \u0130stanbul Cevahir\u2019in \u201cM\u00fczi\u011fin Yeri ve [&hellip;]<\/p>\n","protected":false},"author":1,"featured_media":140780,"comment_status":"open","ping_status":"open","sticky":false,"template":"","format":"standard","meta":[],"categories":[53],"tags":[95498,95438,95499,95500],"views":157,"_links":{"self":[{"href":"https:\/\/www.enerjigazetesi.ist\/en\/wp-json\/wp\/v2\/posts\/140777"}],"collection":[{"href":"https:\/\/www.enerjigazetesi.ist\/en\/wp-json\/wp\/v2\/posts"}],"about":[{"href":"https:\/\/www.enerjigazetesi.ist\/en\/wp-json\/wp\/v2\/types\/post"}],"author":[{"embeddable":true,"href":"https:\/\/www.enerjigazetesi.ist\/en\/wp-json\/wp\/v2\/users\/1"}],"replies":[{"embeddable":true,"href":"https:\/\/www.enerjigazetesi.ist\/en\/wp-json\/wp\/v2\/comments?post=140777"}],"version-history":[{"count":0,"href":"https:\/\/www.enerjigazetesi.ist\/en\/wp-json\/wp\/v2\/posts\/140777\/revisions"}],"wp:featuredmedia":[{"embeddable":true,"href":"https:\/\/www.enerjigazetesi.ist\/en\/wp-json\/wp\/v2\/media\/140780"}],"wp:attachment":[{"href":"https:\/\/www.enerjigazetesi.ist\/en\/wp-json\/wp\/v2\/media?parent=140777"}],"wp:term":[{"taxonomy":"category","embeddable":true,"href":"https:\/\/www.enerjigazetesi.ist\/en\/wp-json\/wp\/v2\/categories?post=140777"},{"taxonomy":"post_tag","embeddable":true,"href":"https:\/\/www.enerjigazetesi.ist\/en\/wp-json\/wp\/v2\/tags?post=140777"}],"curies":[{"name":"wp","href":"https:\/\/api.w.org\/{rel}","templated":true}]}}