{"id":140769,"date":"2021-08-22T19:11:50","date_gmt":"2021-08-22T16:11:50","guid":{"rendered":"https:\/\/www.enerjigazetesi.ist\/?p=140769"},"modified":"2021-08-22T19:14:35","modified_gmt":"2021-08-22T16:14:35","slug":"cevre-felaketleri-ni-yenilenebilir-enerji-yatirimlari-ile-durdurabiliriz","status":"publish","type":"post","link":"https:\/\/www.enerjigazetesi.ist\/en\/cevre-felaketleri-ni-yenilenebilir-enerji-yatirimlari-ile-durdurabiliriz\/","title":{"rendered":"(Turkish) &#8217;\u00c7evre Felaketleri&#8217;ni Yenilenebilir Enerji Yat\u0131r\u0131mlar\u0131yla Durdurabiliriz"},"content":{"rendered":"<p class=\"qtranxs-available-languages-message qtranxs-available-languages-message-en\">Sorry, this entry is only available in <a href=\"https:\/\/www.enerjigazetesi.ist\/tr\/wp-json\/wp\/v2\/posts\/140769\" class=\"qtranxs-available-language-link qtranxs-available-language-link-tr\" title=\"Turkish\">Turkish<\/a>. For the sake of viewer convenience, the content is shown below in the alternative language. You may click the link to switch the active language.<\/p><p><\/p>\n<h2><strong>K\u00fcresel \u0131s\u0131nma, \u00e7evre felaketlerine yol a\u00e7\u0131yor. Karbon sal\u0131m\u0131n\u0131 d\u00fc\u015f\u00fcrmek i\u00e7in at\u0131lacak \u00f6nemli ad\u0131mlardan biri ise enerji \u00fcretiminde yenilenebilir kaynaklara y\u00f6nelmekten ge\u00e7iyor. Evsel kullan\u0131mda yenilenebilir enerji kullan\u0131m\u0131n\u0131 te\u015fvik eden Almanya, Berlin\u2019de 2023\u2019ten sonra yap\u0131lacak t\u00fcm binalarda g\u00fcne\u015f enerjisi kullan\u0131m\u0131n\u0131 zorunlu k\u0131ld\u0131. Yenilenebilir enerji alan\u0131nda T\u00fcrkiye\u2019nin yenilenebilir enerji potansiyeli \u00e7ok y\u00fcksek&#8230;<\/strong><\/h2>\n<p><strong>K\u00fcresel Is\u0131nma, iklim de\u011fi\u015fikli\u011fine, iklim de\u011fi\u015fikli\u011fi<\/strong> ise <strong>\u00e7evre felaketlerine<\/strong> yol a\u00e7\u0131yor. G\u00fcney illerimizde ba\u015flayan orman yang\u0131nlar\u0131n\u0131n etkisi hen\u00fcz s\u00fcrerken, Bat\u0131 Karadeniz\u2019de ya\u015fanan sel felaketi <img loading=\"lazy\" class=\"alignright wp-image-140771\" src=\"https:\/\/www.enerjigazetesi.ist\/wp-content\/uploads\/2021\/08\/cevre-felaketlerini-yenilenebilir-enerji-yatirimlariyla-durdurmak-mumkun-2.jpg\" alt=\"\" width=\"320\" height=\"180\" srcset=\"https:\/\/www.enerjigazetesi.ist\/wp-content\/uploads\/2021\/08\/cevre-felaketlerini-yenilenebilir-enerji-yatirimlariyla-durdurmak-mumkun-2.jpg 550w, https:\/\/www.enerjigazetesi.ist\/wp-content\/uploads\/2021\/08\/cevre-felaketlerini-yenilenebilir-enerji-yatirimlariyla-durdurmak-mumkun-2-300x169.jpg 300w, https:\/\/www.enerjigazetesi.ist\/wp-content\/uploads\/2021\/08\/cevre-felaketlerini-yenilenebilir-enerji-yatirimlariyla-durdurmak-mumkun-2-500x281.jpg 500w, https:\/\/www.enerjigazetesi.ist\/wp-content\/uploads\/2021\/08\/cevre-felaketlerini-yenilenebilir-enerji-yatirimlariyla-durdurmak-mumkun-2-80x45.jpg 80w\" sizes=\"(max-width: 320px) 100vw, 320px\" \/>can ve mal kayb\u0131na yol a\u00e7t\u0131.<\/p>\n<p>D\u00fcnya&#8217;n\u0131n her yerinde g\u00f6r\u00fclmeye ba\u015flanan \u00e7evre felaketlerine kar\u015f\u0131 harekete ge\u00e7en devletler, <strong>\u2018ye\u015fil planlar\u2019<\/strong> a\u00e7\u0131klayarak <strong>karbon ayak izini<\/strong> her alanda d\u00fc\u015f\u00fcrmeye \u00e7al\u0131\u015f\u0131yor. Karbon sal\u0131m\u0131n\u0131n \u00f6nemli bir b\u00f6l\u00fcm\u00fcne neden olan enerji \u00fcretiminde <strong>yenilenebilir kaynaklar\u0131n kullan\u0131m\u0131na<\/strong> dikkat \u00e7eken <strong>\u00dc\u00e7ay Grup \u0130cra Kurulu \u00dcyesi \u0130lgin Eray, <\/strong><em>\u201c<strong>\u0130klim krizi<\/strong> tahmin edilenden daha h\u0131zl\u0131 ilerliyor. \u00c7evresel felaketlerin d\u00fcnyan\u0131n her yerinde art\u0131\u015f g\u00f6stermesi karbon emisyonunu d\u00fc\u015f\u00fcrerek K\u00fcresel Is\u0131nma\u2019n\u0131n \u00f6n\u00fcne ge\u00e7memiz i\u00e7in gezegenimizin bizlere verdi\u011fi son ve ciddi mesaj\u201d<\/em> ifadelerini kulland\u0131.<\/p>\n<h3><strong>\u201cENERJ\u0130 \u0130KL\u0130MLEND\u0130RMEDE HARCANIYOR\u201d<\/strong><\/h3>\n<p><strong>G\u00fcne\u015f Enerjisi Potansiyeli Atlas\u0131<\/strong>\u2019na <strong>(GEPA)<\/strong> g\u00f6re T\u00fcrkiye <strong>y\u0131ll\u0131k 2 bin 737 saat, g\u00fcnl\u00fck 7,5 saat<\/strong> verimli g\u00fcne\u015f al\u0131yor. Bu rakam hem<strong> temiz enerji \u00fcretimi<\/strong> i\u00e7in hem de evsel kullan\u0131m i\u00e7in gayet yeterli. G\u00fcn\u00fcm\u00fczde T\u00fcrkiye enerji \u00fcretiminin <strong>% 16<\/strong> ila <strong>y\u00fczde 17\u2019sini<\/strong> yenilenebilir enerji kaynaklar\u0131ndan \u00fcretiyor. Bu oran yak\u0131n gelecekte yap\u0131lmas\u0131 planlanan yat\u0131r\u0131mlarla <strong>% 20<\/strong> seviyelerine \u00e7\u0131kabilir.<\/p>\n<h3><strong>\u201cT\u00dcKET\u0130C\u0130LER YEN\u0130LENEB\u0130L\u0130R ENERJ\u0130 KAYNAKLARINI KULLANAB\u0130L\u0130R\u201d<\/strong><\/h3>\n<p>Evsel enerji \u00fcretiminde g\u00fcne\u015f enerjisi kullan\u0131ld\u0131\u011f\u0131nda ciddi miktarda elektrik enerjisi \u00fcretilebilir. T\u00fcrkiye\u2019de <strong>80 milyon metre kare<\/strong> \u00e7at\u0131 alan\u0131 oldu\u011fu tahmin ediliyor. Bu kadar alanda g\u00fcn\u00fcm\u00fcz teknolojisindeki g\u00fcne\u015f enerjisi panellerini kullan\u0131ld\u0131\u011f\u0131nda <strong>Keban ve Atat\u00fcrk Baraj\u0131\u2019n\u0131n \u00fcretti\u011fi kadar enerji \u00fcretmemiz m\u00fcmk\u00fcnd\u00fcr.<\/strong><\/p>\n<h3><strong>\u201cBERL\u0130N\u2019DE YAPILACAK T\u00dcM YEN\u0130 B\u0130NALARA G\u00dcNE\u015e PANEL\u0130 ZORUNLU\u201d<\/strong><\/h3>\n<p>Avrupa Birli\u011fi\u2019nin ortaya koydu\u011fu<strong> \u2018ye\u015fil plan\u2019<\/strong> kapsam\u0131nda Berlin\u2019de <strong>2023 y\u0131l\u0131nda<\/strong> yap\u0131lacak t\u00fcm yeni binalara<strong> g\u00fcne\u015f enerjisi paneli konulmas\u0131n\u0131 zorunlu<\/strong> k\u0131lan karar\u0131 hat\u0131rlatan \u00dc\u00e7ay Grup \u0130cra Kurulu \u00dcyesi Eray, <em>\u201cBerlin\u2019in y\u0131ll\u0131k g\u00fcne\u015f enerjisi \u00fcretim potansiyeli <strong>1100 kilovat saat<\/strong>. T\u00fcrkiye\u2019nin kuzeyindeki en az g\u00fcne\u015f alan b\u00f6lgesi Karadeniz B\u00f6lgesi\u2019nin <strong>y\u0131ll\u0131k g\u00fcne\u015f enerjisi \u00fcretim potansiyeli<\/strong> ise tek ba\u015f\u0131na <strong>1400 kilovat saat<\/strong>. Bu rakam <strong>Akdeniz<\/strong> ve <strong>G\u00fcneydo\u011fu Anadolu B\u00f6lgesi<\/strong>\u2019ne gidildik\u00e7e y\u0131lda <strong>2.000 kilovat saate<\/strong> y\u00fckseliyor. T\u00fcrkiye\u2019de kurulacak bir GES\u2019in enerji \u00fcretme de\u011feri, ba\u015fka \u00fclkelerdeki GES ile k\u0131yaslan\u0131nca kat ve kat daha fazla<strong>. \u0130stanbul\u2019da kentsel d\u00f6n\u00fc\u015f\u00fcmle elde edilecek binalarda bile milyarlarca TL\u2019lik ekonomik potansiyel var<\/strong>\u201d<\/em> ifadelerini kulland\u0131.<\/p>\n<h3><strong>\u201cGELECE\u011e\u0130M\u0130Z\u0130 YEN\u0130LENEB\u0130L\u0130R ENERJ\u0130DE G\u00d6R\u00dcYORUZ\u201d<\/strong><\/h3>\n<p>\u201cGelece\u011fimizi yenilenebilir enerjide g\u00f6r\u00fcyoruz. D\u00fcnyam\u0131z ve \u00fclkemiz i\u00e7in en iyi se\u00e7enek bu\u201d ifadelerini kullanan \u0130lgin Eray, \u201cFosil kaynakl\u0131 yak\u0131tlar\u0131n s\u00fcrd\u00fcr\u00fclemez olu\u015fu ve s\u0131f\u0131r emisyon hedefi nedeniyle yenilenebilir enerji kullan\u0131m\u0131na y\u00f6nelece\u011fiz. <strong>\u0130klimlendirmeyi art\u0131k elektrik enerjisiyle \u00e7\u00f6z\u00fcp, elektri\u011fi de g\u00fcne\u015ften ya da r\u00fczg\u00e2rdan yenilebilir \u015fekilde \u00fcretmek m\u00fcmk\u00fcn. <\/strong>Biz sekt\u00f6r\u00fcn bu noktada biraz daha evirilece\u011fini, yeni bir vizyona ge\u00e7ece\u011fini ve ge\u00e7mesi gerekti\u011fini d\u00fc\u015f\u00fcn\u00fcyoruz. Hem D\u00fcnya\u2019m\u0131z hem de bizler i\u00e7in yenilenebilir enerji kullan\u0131m\u0131 en iyi se\u00e7enek. <strong>Bu konuda fark\u0131ndal\u0131k yaratmal\u0131, yenilenebilir enerjinin evsel kullan\u0131m\u0131n\u0131 te\u015fvik etmeliyiz<\/strong>\u201d diyerek s\u00f6zlerini sonland\u0131rd\u0131.<\/p>","protected":false},"excerpt":{"rendered":"<p>Sorry, this entry is only available in Turkish. For the sake of viewer convenience, the content is shown below in the alternative language. You may click the link to switch the active language. K\u00fcresel \u0131s\u0131nma, \u00e7evre felaketlerine yol a\u00e7\u0131yor. Karbon sal\u0131m\u0131n\u0131 d\u00fc\u015f\u00fcrmek i\u00e7in at\u0131lacak \u00f6nemli ad\u0131mlardan biri ise enerji \u00fcretiminde yenilenebilir kaynaklara y\u00f6nelmekten ge\u00e7iyor. Evsel [&hellip;]<\/p>\n","protected":false},"author":1,"featured_media":140772,"comment_status":"open","ping_status":"open","sticky":false,"template":"","format":"standard","meta":[],"categories":[51,53,49],"tags":[5070,52259,53157,52510,57125,54979,95497],"views":257,"_links":{"self":[{"href":"https:\/\/www.enerjigazetesi.ist\/en\/wp-json\/wp\/v2\/posts\/140769"}],"collection":[{"href":"https:\/\/www.enerjigazetesi.ist\/en\/wp-json\/wp\/v2\/posts"}],"about":[{"href":"https:\/\/www.enerjigazetesi.ist\/en\/wp-json\/wp\/v2\/types\/post"}],"author":[{"embeddable":true,"href":"https:\/\/www.enerjigazetesi.ist\/en\/wp-json\/wp\/v2\/users\/1"}],"replies":[{"embeddable":true,"href":"https:\/\/www.enerjigazetesi.ist\/en\/wp-json\/wp\/v2\/comments?post=140769"}],"version-history":[{"count":0,"href":"https:\/\/www.enerjigazetesi.ist\/en\/wp-json\/wp\/v2\/posts\/140769\/revisions"}],"wp:featuredmedia":[{"embeddable":true,"href":"https:\/\/www.enerjigazetesi.ist\/en\/wp-json\/wp\/v2\/media\/140772"}],"wp:attachment":[{"href":"https:\/\/www.enerjigazetesi.ist\/en\/wp-json\/wp\/v2\/media?parent=140769"}],"wp:term":[{"taxonomy":"category","embeddable":true,"href":"https:\/\/www.enerjigazetesi.ist\/en\/wp-json\/wp\/v2\/categories?post=140769"},{"taxonomy":"post_tag","embeddable":true,"href":"https:\/\/www.enerjigazetesi.ist\/en\/wp-json\/wp\/v2\/tags?post=140769"}],"curies":[{"name":"wp","href":"https:\/\/api.w.org\/{rel}","templated":true}]}}