{"id":140684,"date":"2021-08-20T22:28:32","date_gmt":"2021-08-20T19:28:32","guid":{"rendered":"https:\/\/www.enerjigazetesi.ist\/?p=140684"},"modified":"2021-08-20T22:29:02","modified_gmt":"2021-08-20T19:29:02","slug":"sustainable-brands-turkey-2021-zirvesi-15-16-17-eylulde-duzenleniyor","status":"publish","type":"post","link":"https:\/\/www.enerjigazetesi.ist\/en\/sustainable-brands-turkey-2021-zirvesi-15-16-17-eylulde-duzenleniyor\/","title":{"rendered":"(Turkish) &#8217;Sustainable Brands Turkey 2021&#8242; Zirvesi 15-16-17 Eyl\u00fcl\u2019de D\u00fczenleniyor"},"content":{"rendered":"<p class=\"qtranxs-available-languages-message qtranxs-available-languages-message-en\">Sorry, this entry is only available in <a href=\"https:\/\/www.enerjigazetesi.ist\/tr\/wp-json\/wp\/v2\/posts\/140684\" class=\"qtranxs-available-language-link qtranxs-available-language-link-tr\" title=\"Turkish\">Turkish<\/a>. For the sake of viewer convenience, the content is shown below in the alternative language. You may click the link to switch the active language.<\/p><p><\/p>\n<h2><strong>SB Turkey 2021\u2019de, \u2018REGENERATION\u2019 kavram\u0131n\u0131n, marka ve i\u015f d\u00fcnyas\u0131nda inovasyon ve marka yap\u0131land\u0131rman\u0131n kesi\u015fme noktas\u0131nda; nas\u0131l kar ve refah dalgas\u0131 yaratabilece\u011fi ele al\u0131nacak. 15-16-17 Eyl\u00fcl 2021 tarihlerinde ger\u00e7ekle\u015fecek zirve, d\u00fcnyadaki en iyi yenileyici ve s\u00fcrd\u00fcr\u00fclebilir marka hikayelerini uzmanlardan \u00f6\u011frenme f\u0131rsat\u0131 sunacak.<\/strong><\/h2>\n<p><img loading=\"lazy\" class=\"alignright wp-image-140686\" src=\"https:\/\/www.enerjigazetesi.ist\/wp-content\/uploads\/2021\/08\/sustainable-brands-turkey-2021-zirvesi-15-16-17-eylulde-duzenleniyor-2.jpg\" alt=\"\" width=\"320\" height=\"175\" srcset=\"https:\/\/www.enerjigazetesi.ist\/wp-content\/uploads\/2021\/08\/sustainable-brands-turkey-2021-zirvesi-15-16-17-eylulde-duzenleniyor-2.jpg 550w, https:\/\/www.enerjigazetesi.ist\/wp-content\/uploads\/2021\/08\/sustainable-brands-turkey-2021-zirvesi-15-16-17-eylulde-duzenleniyor-2-300x164.jpg 300w, https:\/\/www.enerjigazetesi.ist\/wp-content\/uploads\/2021\/08\/sustainable-brands-turkey-2021-zirvesi-15-16-17-eylulde-duzenleniyor-2-500x273.jpg 500w, https:\/\/www.enerjigazetesi.ist\/wp-content\/uploads\/2021\/08\/sustainable-brands-turkey-2021-zirvesi-15-16-17-eylulde-duzenleniyor-2-80x44.jpg 80w\" sizes=\"(max-width: 320px) 100vw, 320px\" \/>Pandemi sonras\u0131 d\u00f6nemde k\u00fcresel \u00f6l\u00e7ekte bir <strong>de\u011fi\u015fim<\/strong> ve<strong> d\u00f6n\u00fc\u015f\u00fcm ihtiyac\u0131<\/strong> kendini fazlas\u0131yla hissettiriyor. K\u0131r\u0131lgan ekonomileri <em>yeniden toparlamak, iklimden suya, a\u011fa\u00e7 y\u0131k\u0131m\u0131ndan biyolojik \u00e7e\u015fitlilik kayb\u0131na, e\u015fitsizli\u011fe, adaletsizli\u011fe<\/em> ve<em> dezenformasyona<\/em> kadar kar\u015f\u0131 kar\u015f\u0131ya oldu\u011fumuz uzun <strong>s\u00fcrd\u00fcr\u00fclebilirlik krizi listesine<\/strong> meydan okumak gerekiyor.<\/p>\n<h3><strong>\u2018Rejeneratif Marka\u2019 d\u00f6nemi ba\u015fl\u0131yor<\/strong><\/h3>\n<p>Daha iyi markalar art\u0131k daha az zarar vermekten<strong> toplumu<\/strong> ve <strong>\u00e7evreyi karl\u0131l\u0131kla<\/strong> birlikte <strong>onaran<\/strong> ve geli\u015ftiren <strong>rejeneratif modellere<\/strong> ge\u00e7iyor.<\/p>\n<p><strong>K\u00fcresel s\u00fcrd\u00fcr\u00fclebilir markalar<\/strong> toplulu\u011fu <strong>Sustainable Brands<\/strong>, d\u00fcnya \u00e7ap\u0131nda de\u011fi\u015fim ve d\u00f6n\u00fc\u015f\u00fcm\u00fc tetikleyen \u00e7al\u0131\u015fmalar ger\u00e7ekle\u015ftirmeye devam ediyor. Markalar\u0131n toplum i\u00e7in bir ama\u00e7 sahibi olmas\u0131 gerekti\u011fine inanan ve t\u00fcm markalar\u0131 bu yolculukta te\u015fvik eden topluluk, bu y\u0131lki \u0130stanbul bulu\u015fmas\u0131n\u0131, 15-16-17 Eyl\u00fcl 2021 tarihlerinde <strong>regenerative-yenileyici i\u015fin g\u00fcc\u00fcn\u00fc<\/strong> ortaya \u00e7\u0131karmak \u00fczere ger\u00e7ekle\u015ftirecek.<\/p>\n<p><strong>SB Turkey 2021<\/strong>\u2019de <strong>3 g\u00fcn<\/strong> boyunca,<strong> \u2018REGENERATION\u2019<\/strong> kavram\u0131n\u0131n, <strong>marka<\/strong> ve <strong>i\u015f d\u00fcnyas\u0131nda<\/strong> <strong>inovasyon<\/strong> ve <strong>marka yap\u0131land\u0131rman\u0131n<\/strong> kesi\u015fme noktas\u0131nda; nas\u0131l <strong>kar<\/strong> ve <strong>refah dalgas\u0131<\/strong> yaratabilece\u011fi ele al\u0131nacak.<\/p>\n<h3><strong>Yeni fikirleri ate\u015fleyecek konu\u015fmac\u0131lar<\/strong><\/h3>\n<p>Gezegen ve toplum i\u00e7in bir b\u00fct\u00fcn olarak iyi bir b\u00fcy\u00fcme sa\u011flamaya odaklanan vizyoner global fikir liderlerinin k\u00fcrs\u00fcye \u00e7\u0131kaca\u011f\u0131 zirvenin ana konu\u015fmac\u0131lar\u0131 aras\u0131nda; <strong>\u015firketler, bireyler<\/strong> ve<strong> genel<\/strong> olarak toplum i\u00e7in ilerlemeyi te\u015fvik eden bir <strong>strateji<\/strong> ve<strong> tasar\u0131m dan\u0131\u015fmanl\u0131\u011f\u0131<\/strong> \u015firketi olan<strong> Sylvain<\/strong>\u2019in kurucusu ve CEO\u2019su <strong>Alain Sylvain<\/strong>, De\u011fi\u015fim tasar\u0131m\u0131 ve y\u00f6netiminde lider,<strong> Fortune 500 liderleri<\/strong>nin de\u011fi\u015fmez dan\u0131\u015fman\u0131 \u00a0Sanford, mega trendler ve d\u00fcnyaya hizmet ederek geli\u015fen \u015firketlerin nas\u0131l kurulaca\u011f\u0131 konusunda d\u00fcnya \u00e7ap\u0131nda tan\u0131nan bir uzman olan Andrew Winston ve herkes i\u00e7in \u00e7al\u0131\u015fan bir ekonomi olu\u015fturmaya yard\u0131mc\u0131 olacak liderler yeti\u015ftiren On Purpose&#8217;un kurucusu ve CEO&#8217;su Tom Rippin, <strong>S\u00fcrd\u00fcr\u00fclebilirlik ileti\u015fimi<\/strong> ve <strong>sosyal marka<\/strong> konusunda uzman Andy Last, <strong>d\u00fc\u015f\u00fck karbonlu ekonomi<\/strong> konusunda uzman ve s\u00fcrd\u00fcr\u00fclebilirlik lideri<strong> Dr. Edna Ayme Yahil<\/strong>, i\u015fyerinde mutluluk konusunda d\u00fcnyan\u0131n \u00f6nde gelen ismi ,dan\u0131\u015fman ve yazar <strong>Alexander Kjerulf<\/strong> ve daha nice fikir ve marka lideri bu bulu\u015fmada yer al\u0131yor.<\/p>\n<p>S\u00fcrd\u00fcr\u00fclebilir markalar\u0131n rejeneratif bir ekonomiye do\u011fru ilerlerken kar\u015f\u0131la\u015ft\u0131klar\u0131 diren\u00e7 ve zorluklar\u0131n masaya yat\u0131r\u0131laca\u011f\u0131 zirvede <strong>ilham kayna\u011f\u0131<\/strong> olacak tart\u0131\u015fmalar\u0131 ka\u00e7\u0131rmamak i\u00e7in <strong>zirveye kaydolun!<\/strong><\/p>\n<p><strong>SB Turkey 2021 konferans\u0131<\/strong>, rejenatif marka d\u00f6n\u00fc\u015f\u00fcm\u00fc i\u00e7in \u00e7al\u0131\u015fan <strong>Loreal<\/strong> , <strong>Nestle,<\/strong> <strong>Tencel<\/strong>, <strong>Pepsico<\/strong> ,Coats, Shell, \u0130peker, Signify ve KordSA markalar\u0131n\u0131n \u00a0destekleriyle ger\u00e7ekle\u015fecek.<\/p>\n<p><strong>SB Turkey 2021 hakk\u0131nda detayl\u0131 bilgi ve kay\u0131tlar i\u00e7in:\u00a0<\/strong><a href=\"https:\/\/event.sustainablebrandsturkey.com\/register\/EZdyJPbjt9jzFisZdfZAP\" target=\"_blank\" rel=\"noopener\">https:\/\/event.sustainablebrandsturkey.com\/register\/EZdyJPbjt9jzFisZdfZAP<\/a>\u00a0adresini ziyaret edebilirsiniz.<\/p>","protected":false},"excerpt":{"rendered":"<p>Sorry, this entry is only available in Turkish. For the sake of viewer convenience, the content is shown below in the alternative language. You may click the link to switch the active language. SB Turkey 2021\u2019de, \u2018REGENERATION\u2019 kavram\u0131n\u0131n, marka ve i\u015f d\u00fcnyas\u0131nda inovasyon ve marka yap\u0131land\u0131rman\u0131n kesi\u015fme noktas\u0131nda; nas\u0131l kar ve refah dalgas\u0131 yaratabilece\u011fi ele [&hellip;]<\/p>\n","protected":false},"author":1,"featured_media":140686,"comment_status":"open","ping_status":"open","sticky":false,"template":"","format":"standard","meta":[],"categories":[53],"tags":[95420,95418,95421,95417,95422,95419,95416],"views":77,"_links":{"self":[{"href":"https:\/\/www.enerjigazetesi.ist\/en\/wp-json\/wp\/v2\/posts\/140684"}],"collection":[{"href":"https:\/\/www.enerjigazetesi.ist\/en\/wp-json\/wp\/v2\/posts"}],"about":[{"href":"https:\/\/www.enerjigazetesi.ist\/en\/wp-json\/wp\/v2\/types\/post"}],"author":[{"embeddable":true,"href":"https:\/\/www.enerjigazetesi.ist\/en\/wp-json\/wp\/v2\/users\/1"}],"replies":[{"embeddable":true,"href":"https:\/\/www.enerjigazetesi.ist\/en\/wp-json\/wp\/v2\/comments?post=140684"}],"version-history":[{"count":0,"href":"https:\/\/www.enerjigazetesi.ist\/en\/wp-json\/wp\/v2\/posts\/140684\/revisions"}],"wp:featuredmedia":[{"embeddable":true,"href":"https:\/\/www.enerjigazetesi.ist\/en\/wp-json\/wp\/v2\/media\/140686"}],"wp:attachment":[{"href":"https:\/\/www.enerjigazetesi.ist\/en\/wp-json\/wp\/v2\/media?parent=140684"}],"wp:term":[{"taxonomy":"category","embeddable":true,"href":"https:\/\/www.enerjigazetesi.ist\/en\/wp-json\/wp\/v2\/categories?post=140684"},{"taxonomy":"post_tag","embeddable":true,"href":"https:\/\/www.enerjigazetesi.ist\/en\/wp-json\/wp\/v2\/tags?post=140684"}],"curies":[{"name":"wp","href":"https:\/\/api.w.org\/{rel}","templated":true}]}}