{"id":140631,"date":"2021-08-19T14:04:26","date_gmt":"2021-08-19T11:04:26","guid":{"rendered":"https:\/\/www.enerjigazetesi.ist\/?p=140631"},"modified":"2021-08-19T14:04:39","modified_gmt":"2021-08-19T11:04:39","slug":"renault-trucks-yeni-elektrikli-sehir-ici-kamyonunu-tanitti","status":"publish","type":"post","link":"https:\/\/www.enerjigazetesi.ist\/en\/renault-trucks-yeni-elektrikli-sehir-ici-kamyonunu-tanitti\/","title":{"rendered":"(Turkish) &#8217;Renault Trucks&#8217; Yeni Elektrikli \u015eehir \u0130\u00e7i Kamyonunu Tan\u0131tt\u0131"},"content":{"rendered":"<p class=\"qtranxs-available-languages-message qtranxs-available-languages-message-en\">Sorry, this entry is only available in <a href=\"https:\/\/www.enerjigazetesi.ist\/tr\/wp-json\/wp\/v2\/posts\/140631\" class=\"qtranxs-available-language-link qtranxs-available-language-link-tr\" title=\"Turkish\">Turkish<\/a>. For the sake of viewer convenience, the content is shown below in the alternative language. You may click the link to switch the active language.<\/p><p><\/p>\n<h2><strong>Renault Trucks&#8217;\u0131n elektrikli kamyon filosu, al\u00e7ak giri\u015fli kabine sahip D Wide Z.E. Low modelinin Avrupa lansman\u0131 ile daha da geni\u015fliyor. Bu tam elektrikli ara\u00e7, at\u0131k toplama g\u00f6revlerini kolayla\u015ft\u0131rmak, operat\u00f6rlerin ve di\u011fer yol kullan\u0131c\u0131lar\u0131n\u0131n g\u00fcvenli\u011fini artt\u0131rmak i\u00e7in \u00f6zel olarak tasarlanan yeni bir al\u00e7ak kabin ile donat\u0131l\u0131yor.<\/strong><\/h2>\n<p>3,5 tondan 26 tona kadar sekt\u00f6rdeki en kapsaml\u0131 elektrikli kamyon yelpazesini sunan Renault Trucks, <strong>D Wide Z.E. LEC (Al\u00e7ak Giri\u015fli Kabin)<\/strong> ile \u00fcr\u00fcn yelpazesini daha da geni\u015fletiyor. Bu al\u00e7ak kabinli kamyon, operat\u00f6rlerin i\u015fini kolayla\u015ft\u0131r\u0131p,<strong> onlar\u0131n g\u00fcvenli\u011fini<\/strong>, konforlar\u0131n\u0131 ve nihayetinde <img loading=\"lazy\" class=\"alignright wp-image-140634\" src=\"https:\/\/www.enerjigazetesi.ist\/wp-content\/uploads\/2021\/08\/renault-trucks-yeni-elektrikli-sehir-ici-kamyonunu-tanitti-2.jpg\" alt=\"\" width=\"320\" height=\"240\" srcset=\"https:\/\/www.enerjigazetesi.ist\/wp-content\/uploads\/2021\/08\/renault-trucks-yeni-elektrikli-sehir-ici-kamyonunu-tanitti-2.jpg 550w, https:\/\/www.enerjigazetesi.ist\/wp-content\/uploads\/2021\/08\/renault-trucks-yeni-elektrikli-sehir-ici-kamyonunu-tanitti-2-300x225.jpg 300w, https:\/\/www.enerjigazetesi.ist\/wp-content\/uploads\/2021\/08\/renault-trucks-yeni-elektrikli-sehir-ici-kamyonunu-tanitti-2-500x375.jpg 500w, https:\/\/www.enerjigazetesi.ist\/wp-content\/uploads\/2021\/08\/renault-trucks-yeni-elektrikli-sehir-ici-kamyonunu-tanitti-2-67x50.jpg 67w\" sizes=\"(max-width: 320px) 100vw, 320px\" \/><strong>verimlili\u011fi<\/strong> optimize ederek <strong>evsel at\u0131k toplama sekt\u00f6r\u00fcn\u00fcn gereksinimlerini<\/strong> kar\u015f\u0131lamak \u00fczere \u00f6zel olarak tasarland\u0131.<\/p>\n<p><strong>Renault Trucks D Wide Z.E. LEC<\/strong>, operat\u00f6rlerin araca kolay ve g\u00fcvenli bir \u015fekilde eri\u015fimini sa\u011flayacak \u015fekilde donat\u0131ld\u0131. Kabin giri\u015fi, standart bir da\u011f\u0131t\u0131m kamyonuna g\u00f6re 200 mm daha al\u00e7ak tasarlan\u0131rken, tek bir kaymaz basama\u011fa ve <strong>90\u00b0<\/strong> a\u00e7\u0131lan kap\u0131lara sahip. Bu durum, \u00e7al\u0131\u015fan ekibin bir tam g\u00fczergah ba\u015f\u0131na <strong>100 defadan fazla<\/strong> kabine girip \u00e7\u0131kmas\u0131ndan kaynaklanan yorgunlu\u011funu \u00f6nemli \u00f6l\u00e7\u00fcde azalt\u0131yor.<\/p>\n<p><strong>Kabinin al\u00e7ak konumu, s\u00fcr\u00fcc\u00fcler<\/strong> i\u00e7in m\u00fckemmel bir do\u011frudan g\u00f6r\u00fc\u015f sa\u011flayarak di\u011fer yol kullan\u0131c\u0131lar\u0131 i\u00e7in optimum koruma sa\u011fl\u0131yor. G\u00f6r\u00fc\u015f\u00fc daha da art\u0131rmak i\u00e7in <strong>Renault Trucks<\/strong>, opsiyonel olarak kabinin arka taraf\u0131na yerle\u015ftirilen ek yan camlar\u0131 \u00f6neriyor.<\/p>\n<p>Bu <strong>tam elektrikli kamyonun<\/strong> geni\u015f kabini, s\u00fcr\u00fcc\u00fcye ve ek olarak <strong>3 \u00e7al\u0131\u015fana daha<\/strong> alan sunuyor. Opsiyonel d\u00fcz zemin, ara\u00e7 i\u00e7inde hareket \u00f6zg\u00fcrl\u00fc\u011f\u00fc sa\u011flarken hem sol hem de sa\u011f taraftan <strong>bini\u015f<\/strong> ve <strong>ini\u015fi<\/strong> m\u00fcmk\u00fcn k\u0131l\u0131yor.<\/p>\n<p>\u00dcstyap\u0131 \u00fcreticisi <strong>Estepe<\/strong> ile yak\u0131n i\u015fbirli\u011fi i\u00e7inde geli\u015ftirilen <strong>Renault Trucks D Wide Z.E. LEC<\/strong>, d\u00fcmenli arka aksl\u0131 <strong>6&#215;2 versiyonu<\/strong>yla sunuluyor ve t\u00fcm Avrupa\u2019da sipari\u015f edilebiliyor. <strong>Tam elektrikli olan ara\u00e7, egzoz gaz\u0131 yaym\u0131yor<\/strong> ve <strong>trafik k\u0131s\u0131tlamalar\u0131<\/strong>n\u0131n s\u00f6z konusu oldu\u011fu <strong>kentsel alanlarda<\/strong> kullan\u0131m\u0131 i\u00e7in onaylanm\u0131\u015ft\u0131r.<\/p>","protected":false},"excerpt":{"rendered":"<p>Sorry, this entry is only available in Turkish. For the sake of viewer convenience, the content is shown below in the alternative language. You may click the link to switch the active language. Renault Trucks&#8217;\u0131n elektrikli kamyon filosu, al\u00e7ak giri\u015fli kabine sahip D Wide Z.E. Low modelinin Avrupa lansman\u0131 ile daha da geni\u015fliyor. Bu tam [&hellip;]<\/p>\n","protected":false},"author":1,"featured_media":140635,"comment_status":"open","ping_status":"open","sticky":false,"template":"","format":"standard","meta":[],"categories":[51,53],"tags":[95384,53114,73699,83529],"views":135,"_links":{"self":[{"href":"https:\/\/www.enerjigazetesi.ist\/en\/wp-json\/wp\/v2\/posts\/140631"}],"collection":[{"href":"https:\/\/www.enerjigazetesi.ist\/en\/wp-json\/wp\/v2\/posts"}],"about":[{"href":"https:\/\/www.enerjigazetesi.ist\/en\/wp-json\/wp\/v2\/types\/post"}],"author":[{"embeddable":true,"href":"https:\/\/www.enerjigazetesi.ist\/en\/wp-json\/wp\/v2\/users\/1"}],"replies":[{"embeddable":true,"href":"https:\/\/www.enerjigazetesi.ist\/en\/wp-json\/wp\/v2\/comments?post=140631"}],"version-history":[{"count":0,"href":"https:\/\/www.enerjigazetesi.ist\/en\/wp-json\/wp\/v2\/posts\/140631\/revisions"}],"wp:featuredmedia":[{"embeddable":true,"href":"https:\/\/www.enerjigazetesi.ist\/en\/wp-json\/wp\/v2\/media\/140635"}],"wp:attachment":[{"href":"https:\/\/www.enerjigazetesi.ist\/en\/wp-json\/wp\/v2\/media?parent=140631"}],"wp:term":[{"taxonomy":"category","embeddable":true,"href":"https:\/\/www.enerjigazetesi.ist\/en\/wp-json\/wp\/v2\/categories?post=140631"},{"taxonomy":"post_tag","embeddable":true,"href":"https:\/\/www.enerjigazetesi.ist\/en\/wp-json\/wp\/v2\/tags?post=140631"}],"curies":[{"name":"wp","href":"https:\/\/api.w.org\/{rel}","templated":true}]}}