{"id":14060,"date":"2013-08-15T17:44:47","date_gmt":"2013-08-15T14:44:47","guid":{"rendered":"https:\/\/www.enerjigazetesi.ist\/?p=14060"},"modified":"2013-08-15T17:44:47","modified_gmt":"2013-08-15T14:44:47","slug":"turkiyenin-istikbali-gunes-enerjisindedir","status":"publish","type":"post","link":"https:\/\/www.enerjigazetesi.ist\/en\/turkiyenin-istikbali-gunes-enerjisindedir\/","title":{"rendered":"(Turkish) \u201cT\u00fcrkiye\u2019nin \u0130stikbali G\u00fcne\u015f Enerjisindedir\u201d"},"content":{"rendered":"<p class=\"qtranxs-available-languages-message qtranxs-available-languages-message-en\">Sorry, this entry is only available in <a href=\"https:\/\/www.enerjigazetesi.ist\/tr\/wp-json\/wp\/v2\/posts\/14060\" class=\"qtranxs-available-language-link qtranxs-available-language-link-tr\" title=\"Turkish\">Turkish<\/a>. For the sake of viewer convenience, the content is shown below in the alternative language. You may click the link to switch the active language.<\/p><p><strong>Cumhurba\u015fkanl\u0131\u011f\u0131 himayelerinde, Avusturya Linz Organik G\u00fcne\u015f Pilleri Enstit\u00fcs\u00fc taraf\u0131ndan \u0130stanbul Kongre Merkezi\u2019nde 17-18-19 A\u011fustos tarihlerinde d\u00fczenlenecek \u201cD\u00fcnya Bar\u0131\u015f\u0131 \u0130\u00e7in G\u00fcne\u015f Enerjisi Uluslararas\u0131 Konferans\u0131\u201dna, \u00e7e\u015fitli \u00fclkelerden 200 bilim adam\u0131 kat\u0131lacak.<\/strong><\/p>\n<p>Nobel \u00f6d\u00fcl\u00fc bilim insanlar\u0131n\u0131n da kat\u0131laca\u011f\u0131 kongrede, g\u00fcne\u015f enerjisi alan\u0131ndaki problemler ve bu alandaki materyal ve cihazlar ele al\u0131nacak.<\/p>\n<p>Konferans ba\u015fkanl\u0131\u011f\u0131n\u0131 da yapan Ord. Prof. Dr. Sar\u0131\u00e7if\u00e7i, ilk kez ger\u00e7ekle\u015ftirilecek kongrenin, d\u00fcnyada g\u00fcne\u015f enerjisi alan\u0131nda \u00e7al\u0131\u015fan bilim insanlar\u0131n\u0131 bir araya getirece\u011fini belirtti.<\/p>\n<p>Konferans\u0131n k\u0131talar\u0131n birle\u015fti\u011fi \u0130stanbul\u2019a, t\u00fcm yabanc\u0131 bilim adamlar\u0131n\u0131n kolayl\u0131kla gelebilece\u011fini ifade eden Sar\u0131\u00e7ift\u00e7i, \u201cKonferans\u0131m\u0131z bilimsel ve teknolojik olar<a href=\"https:\/\/www.enerjigazetesi.ist\/wp-content\/uploads\/2013\/08\/turkiyenin-istikbali-gunes-enerjisindedir.jpg\"><img loading=\"lazy\" class=\"alignleft size-medium wp-image-14061\" title=\"turkiyenin-istikbali-gunes-enerjisindedir\" src=\"https:\/\/www.enerjigazetesi.ist\/wp-content\/uploads\/2013\/08\/turkiyenin-istikbali-gunes-enerjisindedir-300x183.jpg\" alt=\"\" width=\"300\" height=\"183\" srcset=\"https:\/\/www.enerjigazetesi.ist\/wp-content\/uploads\/2013\/08\/turkiyenin-istikbali-gunes-enerjisindedir-300x183.jpg 300w, https:\/\/www.enerjigazetesi.ist\/wp-content\/uploads\/2013\/08\/turkiyenin-istikbali-gunes-enerjisindedir-500x305.jpg 500w, https:\/\/www.enerjigazetesi.ist\/wp-content\/uploads\/2013\/08\/turkiyenin-istikbali-gunes-enerjisindedir-80x48.jpg 80w, https:\/\/www.enerjigazetesi.ist\/wp-content\/uploads\/2013\/08\/turkiyenin-istikbali-gunes-enerjisindedir.jpg 505w\" sizes=\"(max-width: 300px) 100vw, 300px\" \/><\/a>ak g\u00fcne\u015f enerjisinden yararlanman\u0131n y\u00f6ntemlerini i\u00e7eriyor. G\u00fcne\u015ften su \u0131s\u0131tmak, g\u00fcne\u015ften elektrik elde etmek ve g\u00fcne\u015ften sunni yak\u0131t elde etmek gibi \u00e7ok \u00f6nemli ve yeni konular\u0131 tart\u0131\u015f\u0131lacak. Konferans\u0131n ana ama\u00e7lar\u0131ndan birisi, g\u00fcne\u015f enerjisi konusunda d\u00fcnyan\u0131n en b\u00fcy\u00fck uzmanlar\u0131n\u0131n T\u00fcrkiye, Afrika, Ortadogu \u00fclkelerinin bilim insanlar\u0131yla biraraya getirmektir\u201d diye konu\u015ftu.<\/p>\n<h2>\u201c\u00dclkelerin bu b\u00fcy\u00fck nimete sahip \u00e7\u0131kmalar\u0131 gerekiyor\u201d<\/h2>\n<p>Konferansa bir\u00e7ok \u00fclkeden 200\u2032\u00fc a\u015fk\u0131n bilim insan\u0131n\u0131n kat\u0131laca\u011f\u0131n\u0131 dile getiren Sar\u0131\u00e7ift\u00e7i, \u015funlar\u0131 s\u00f6yledi:<\/p>\n<p>\u201cEn \u00f6nemli konu\u015fmac\u0131lar aras\u0131nda iki tane Nobel \u00d6d\u00fcll\u00fc hocam\u0131z da var. Bunlar Alan Heeger ve Walter Kohn. Bilimsel ileti\u015fim artt\u0131k\u00e7a, g\u00fcne\u015f enerjisinden yararlanma artacakt\u0131r. G\u00fcne\u015f enerjisinden yararlanma artt\u0131k\u00e7a d\u00fcnyada bar\u0131\u015f\u00e7\u0131l bir enerji \u00e7\u00f6z\u00fcm\u00fc geli\u015fecektir. En b\u00fcy\u00fck mesaj\u0131m\u0131z bir mektup halinde imzaya a\u00e7\u0131l\u0131p konferans bitiminde bas\u0131na da\u011f\u0131t\u0131lacak.\u201d<\/p>\n<p>Sar\u0131\u00e7ift\u00e7i, g\u00fcne\u015f enerjisinin bar\u0131\u015f\u00e7\u0131l ve temiz bir enerji oldu\u011funu dile getirerek, \u201cFosil yak\u0131tlardan bir an \u00f6nce uzakla\u015fmak gerekti\u011fini tavsiye ediyoruz. Enerji ithalat\u0131n\u0131n azalt\u0131lmas\u0131 \u00fclkelerin gelece\u011fi i\u00e7in \u00e7ok \u00f6nemli. \u00dclkelerin kendi \u00f6z ve bedava kayna\u011f\u0131 olan g\u00fcne\u015f enerjisine, bu b\u00fcy\u00fck nimete sahip \u00e7\u0131kmalar\u0131 gerekiyor. T\u00fcrkiye\u2019nin istiklali ve istikbali g\u00fcne\u015f enerjisindedir\u201d \u015feklinde konu\u015ftu.<\/p>\n<p>Kaynak: <a href=\"http:\/\/enerjienstitusu.com\/2013\/08\/15\/turkiyenin-istikbali-gunes-enerjisindedir\/\" target=\"_blank\">Enerji Enstit\u00fcs\u00fc<\/a><\/p>","protected":false},"excerpt":{"rendered":"<p>Sorry, this entry is only available in Turkish. For the sake of viewer convenience, the content is shown below in the alternative language. You may click the link to switch the active language.Cumhurba\u015fkanl\u0131\u011f\u0131 himayelerinde, Avusturya Linz Organik G\u00fcne\u015f Pilleri Enstit\u00fcs\u00fc taraf\u0131ndan \u0130stanbul Kongre Merkezi\u2019nde 17-18-19 A\u011fustos tarihlerinde d\u00fczenlenecek \u201cD\u00fcnya Bar\u0131\u015f\u0131 \u0130\u00e7in G\u00fcne\u015f Enerjisi Uluslararas\u0131 Konferans\u0131\u201dna, [&hellip;]<\/p>\n","protected":false},"author":1,"featured_media":14061,"comment_status":"open","ping_status":"open","sticky":false,"template":"","format":"standard","meta":[],"categories":[53,49],"tags":[7630,19,63,67,165,227,13,7631,7632,846],"views":559,"_links":{"self":[{"href":"https:\/\/www.enerjigazetesi.ist\/en\/wp-json\/wp\/v2\/posts\/14060"}],"collection":[{"href":"https:\/\/www.enerjigazetesi.ist\/en\/wp-json\/wp\/v2\/posts"}],"about":[{"href":"https:\/\/www.enerjigazetesi.ist\/en\/wp-json\/wp\/v2\/types\/post"}],"author":[{"embeddable":true,"href":"https:\/\/www.enerjigazetesi.ist\/en\/wp-json\/wp\/v2\/users\/1"}],"replies":[{"embeddable":true,"href":"https:\/\/www.enerjigazetesi.ist\/en\/wp-json\/wp\/v2\/comments?post=14060"}],"version-history":[{"count":2,"href":"https:\/\/www.enerjigazetesi.ist\/en\/wp-json\/wp\/v2\/posts\/14060\/revisions"}],"predecessor-version":[{"id":14063,"href":"https:\/\/www.enerjigazetesi.ist\/en\/wp-json\/wp\/v2\/posts\/14060\/revisions\/14063"}],"wp:featuredmedia":[{"embeddable":true,"href":"https:\/\/www.enerjigazetesi.ist\/en\/wp-json\/wp\/v2\/media\/14061"}],"wp:attachment":[{"href":"https:\/\/www.enerjigazetesi.ist\/en\/wp-json\/wp\/v2\/media?parent=14060"}],"wp:term":[{"taxonomy":"category","embeddable":true,"href":"https:\/\/www.enerjigazetesi.ist\/en\/wp-json\/wp\/v2\/categories?post=14060"},{"taxonomy":"post_tag","embeddable":true,"href":"https:\/\/www.enerjigazetesi.ist\/en\/wp-json\/wp\/v2\/tags?post=14060"}],"curies":[{"name":"wp","href":"https:\/\/api.w.org\/{rel}","templated":true}]}}