{"id":140549,"date":"2021-08-18T12:13:25","date_gmt":"2021-08-18T09:13:25","guid":{"rendered":"https:\/\/www.enerjigazetesi.ist\/?p=140549"},"modified":"2021-08-18T12:13:48","modified_gmt":"2021-08-18T09:13:48","slug":"akilli-hayat-akademisi-nin-3-uncu-yilinda-da-egitimler-suruyor","status":"publish","type":"post","link":"https:\/\/www.enerjigazetesi.ist\/en\/akilli-hayat-akademisi-nin-3-uncu-yilinda-da-egitimler-suruyor\/","title":{"rendered":"(Turkish) &#8217;Ak\u0131ll\u0131 Hayat Akademisi&#8217;nin 3&#8217;\u00fcnc\u00fc Y\u0131l\u0131nda da E\u011fitimler S\u00fcr\u00fcyor!"},"content":{"rendered":"<p class=\"qtranxs-available-languages-message qtranxs-available-languages-message-en\">Sorry, this entry is only available in <a href=\"https:\/\/www.enerjigazetesi.ist\/tr\/wp-json\/wp\/v2\/posts\/140549\" class=\"qtranxs-available-language-link qtranxs-available-language-link-tr\" title=\"Turkish\">Turkish<\/a>. For the sake of viewer convenience, the content is shown below in the alternative language. You may click the link to switch the active language.<\/p><p><\/p>\n<h2><strong>Zorlu Holding sorumlu yat\u0131r\u0131m holdingi bak\u0131\u015f a\u00e7\u0131s\u0131yla, \u201c\u00c7evresel, sosyal ve y\u00f6neti\u015fim\u201d alanlar\u0131nda t\u00fcm payda\u015flar\u0131 ve \u015firketleri i\u00e7in y\u00fcksek de\u011fer yaratmak \u00fczere, insan odakl\u0131 sistemler ve yenileyici i\u015f modelleri oda\u011f\u0131nda yeniledi\u011fi \u2018\u2019Ak\u0131ll\u0131 Hayat 2030\u2019\u2019 stratejisi \u00e7er\u00e7evesinde, s\u00fcrd\u00fcr\u00fclebilirlik alan\u0131nda \u00e7al\u0131\u015fanlar\u0131n\u0131n bilgi birikimini art\u0131rmak \u00fczere Bo\u011fazi\u00e7i \u00dcniversitesi Ya\u015famboyu E\u011fitim Merkezi (B\u00dcYEM) ile birlikte e\u011fitim programlar\u0131 d\u00fczenlemeye devam ediyor.<\/strong><\/h2>\n<p>Daha <strong>iyi bir gelecek<\/strong> ve <strong>daha ya\u015fanabilir bir d\u00fcnya<\/strong> hayalini <strong>\u201cAk\u0131ll\u0131 Hayat 2030\u201d vizyonuyla<\/strong> destekleyen Zorlu Holding, bu kapsamda, Bo\u011fazi\u00e7i \u00dcniversitesi Ya\u015famboyu E\u011fitim Merkezi (B\u00dcYEM) i\u015fbirli\u011fi ile Zorlu Grubu i\u00e7erisinde <strong>s\u00fcrd\u00fcr\u00fclebilirlik \u00e7al\u0131\u015fmalar\u0131na<\/strong> kurum i\u00e7inde liderlik eden <strong>Ak\u0131ll\u0131 <img loading=\"lazy\" class=\"alignright wp-image-140552\" src=\"https:\/\/www.enerjigazetesi.ist\/wp-content\/uploads\/2021\/08\/akilli-hayat-akademisi-nin-3-uncu-yilinda-da-egitimler-suruyor-1.jpeg\" alt=\"\" width=\"320\" height=\"180\" srcset=\"https:\/\/www.enerjigazetesi.ist\/wp-content\/uploads\/2021\/08\/akilli-hayat-akademisi-nin-3-uncu-yilinda-da-egitimler-suruyor-1.jpeg 1068w, https:\/\/www.enerjigazetesi.ist\/wp-content\/uploads\/2021\/08\/akilli-hayat-akademisi-nin-3-uncu-yilinda-da-egitimler-suruyor-1-300x169.jpeg 300w, https:\/\/www.enerjigazetesi.ist\/wp-content\/uploads\/2021\/08\/akilli-hayat-akademisi-nin-3-uncu-yilinda-da-egitimler-suruyor-1-768x432.jpeg 768w, https:\/\/www.enerjigazetesi.ist\/wp-content\/uploads\/2021\/08\/akilli-hayat-akademisi-nin-3-uncu-yilinda-da-egitimler-suruyor-1-1024x576.jpeg 1024w, https:\/\/www.enerjigazetesi.ist\/wp-content\/uploads\/2021\/08\/akilli-hayat-akademisi-nin-3-uncu-yilinda-da-egitimler-suruyor-1-500x281.jpeg 500w, https:\/\/www.enerjigazetesi.ist\/wp-content\/uploads\/2021\/08\/akilli-hayat-akademisi-nin-3-uncu-yilinda-da-egitimler-suruyor-1-80x45.jpeg 80w\" sizes=\"(max-width: 320px) 100vw, 320px\" \/>Hayat Mimarlar\u0131\u2019n\u0131 e\u011fitimlerle <\/strong>ve <strong>\u00e7e\u015fitli etkinliklerle<\/strong> desteklemeye devam ediyor.<\/p>\n<p>S\u00fcrd\u00fcr\u00fclebilirlik alan\u0131nda d\u00fcnyada ya\u015fanan<strong> g\u00fcncel geli\u015fmeler, yeni kavramlar<\/strong> ve <strong>yakla\u015f\u0131mlarla<\/strong> ilgili \u00e7al\u0131\u015fanlar\u0131n\u0131n bilgi birikimini art\u0131rmak ad\u0131na 3 y\u0131ld\u0131r Bo\u011fazi\u00e7i \u00dcniversitesi i\u015f birli\u011finde ger\u00e7ekle\u015ftirilen <strong>Ak\u0131ll\u0131 Hayat Akademisi<\/strong>\u2019nin 24 saatlik <strong>\u201cS\u00fcrd\u00fcr\u00fclebilirlik 101\u201d e\u011fitiminde<\/strong> kat\u0131l\u0131mc\u0131lar; <em>Prof. Dr. Beg\u00fcm \u00d6zkaynak, Dr. It\u0131r Erhart, Dr. \u00d6\u011fr.\u00dcyesi \u00a0Duygu Salman, Prof. Dr. Yaman Barlas, Dr. Ecmel Ayral, Dr. Behice Erten\u00fc, Prof. Dr. Fikret Adaman, Eren \u00d6zt\u00fcrk ve Erman Fenerci\u2019den<\/em> \u00a0<strong>iklim krizi, d\u00f6ng\u00fcsel ekonomi, giri\u015fimcilik ve inovasyon, \u00e7e\u015fitlilik<\/strong> ve <strong>kapsay\u0131c\u0131l\u0131k<\/strong> gibi <strong>s\u00fcrd\u00fcr\u00fclebilirli\u011fin temel kavramlar\u0131<\/strong> \u00fczerine dersler ald\u0131. Konular\u0131n;<strong> birbirini besleyen<\/strong> ve <strong>z\u0131t g\u00f6r\u00fc\u015fleri<\/strong> de kat\u0131l\u0131mc\u0131lar\u0131n dikkatine sunarak farkl\u0131 boyutlar\u0131yla ele al\u0131nd\u0131\u011f\u0131 derslerde, kat\u0131l\u0131mc\u0131lar\u0131n bilin\u00e7 seviyesinin artmas\u0131n\u0131n yan\u0131 s\u0131ra kavramlar aras\u0131nda ba\u011flam kurmas\u0131 ve s\u00fcrd\u00fcr\u00fclebilirlik alan\u0131nda <strong>bireysel<\/strong> ve<strong> kurumsal<\/strong> ad\u0131mlar\u0131n\u0131 etkileyecek b\u00fct\u00fcnc\u00fcl bir bak\u0131\u015f a\u00e7\u0131s\u0131 kazanmas\u0131 da ama\u00e7lan\u0131yor.<\/p>\n<p><strong>03 Haziran \u2013 09 Temmuz 2021<\/strong> tarihleri aras\u0131nda d\u00fczenlenen e\u011fitimlere yakla\u015f\u0131k <strong>400 Zorlu Grubu<\/strong> \u00e7al\u0131\u015fan\u0131 kat\u0131ld\u0131. E\u011fitim sonunda yap\u0131lan de\u011ferlendirmede ba\u015far\u0131 sa\u011flayan kat\u0131l\u0131mc\u0131lara, <strong>Bo\u011fazi\u00e7i \u00dcniversitesi Ya\u015fam Boyu E\u011fitim Merkezi (B\u00dcYEM)<\/strong> taraf\u0131ndan ba\u015far\u0131 sertifikas\u0131 verildi.<\/p>\n<h3><strong>Zorlu Holding CEO\u2019su \u00d6mer Y\u00fcng\u00fcl : \u201cKolektif ak\u0131l ve \u00e7al\u0131\u015fma k\u00fclt\u00fcr\u00fcn\u00fc peki\u015ftiriyoruz\u201d<\/strong><\/h3>\n<p><strong>Zorlu Holding CEO\u2019su \u00d6mer Y\u00fcng\u00fcl\u00a0<\/strong>Ak\u0131ll\u0131 Hayat Akademisi ile ilgili olarak;\u00a0<em>&#8220;Bo\u011fazi\u00e7i \u00dcniversitesi Ya\u015fam Boyu E\u011fitim Merkezi ile i\u015f birli\u011finde ger\u00e7ekle\u015ftirdi\u011fimiz s\u00fcrd\u00fcr\u00fclebilirlik e\u011fitimlerinde <strong>3.\u00a0d\u00f6nemi de\u00a0<\/strong>ba\u015far\u0131yla tamamlaman\u0131n mutlulu\u011funu ya\u015f\u0131yoruz. <strong>Pandemi d\u00f6nemi<\/strong>nde <strong>online\u2019a<\/strong> ta\u015f\u0131yarak devam ettirdi\u011fimiz e\u011fitimlerde, birlikte \u00f6\u011frenme ve deneyim payla\u015f\u0131m\u0131n\u0131n zeminini de g\u00fc\u00e7lendiriyor; kolektif ak\u0131l ve \u00e7al\u0131\u015fma k\u00fclt\u00fcr\u00fcn\u00fc peki\u015ftiriyoruz. <strong>Ak\u0131ll\u0131 Hayat 2030 stratejimiz<\/strong> kapsam\u0131nda, sorumlu yat\u0131r\u0131m holdingi olma yolculu\u011funda en kritik payda\u015f\u0131m\u0131z olan \u00e7al\u0131\u015fma arkada\u015flar\u0131m\u0131z\u0131n katk\u0131s\u0131, bireysel ve kurumsal deneyimleriyle de zenginle\u015fen bir i\u00e7erik ortaya \u00e7\u0131k\u0131yor. \u00a0\u0130klim krizinin etkilerini her ge\u00e7en g\u00fcn \u00e7ok radikal \u015fekilde ya\u015farken; kaybedecek zaman\u0131m\u0131z olmad\u0131\u011f\u0131n\u0131 biliyoruz. Bug\u00fcn\u00fc ve yar\u0131n\u0131 planlarken de etki g\u00fcc\u00fcm\u00fcz\u00fcn fark\u0131ndal\u0131\u011f\u0131yla hareket ediyoruz. Bu yolculukta bilimsel ger\u00e7ekleri, g\u00fcndeme \u0131\u015f\u0131k tutan yeni kavramlar\u0131, konular\u0131 g\u00f6rmezden gelmemiz m\u00fcmk\u00fcn de\u011fil ve hayat\u0131n her alan\u0131nda zihinsel d\u00f6n\u00fc\u015f\u00fcme ihtiya\u00e7 var. Bu t\u00fcr e\u011fitimlerle birlikte \u00e7al\u0131\u015fma arkada\u015flar\u0131m\u0131z\u0131n sa\u011flayaca\u011f\u0131 zihinsel d\u00f6n\u00fc\u015f\u00fcm, \u015firketlerimize, i\u015f ortaklar\u0131m\u0131za, t\u00fcm payda\u015flar\u0131m\u0131za ve toplumumuza yans\u0131yor. \u0130\u015f stratejilerimiz ve i\u015f yap\u0131\u015f bi\u00e7imlerimizin oda\u011f\u0131na ald\u0131\u011f\u0131m\u0131z \u00e7evresel, sosyal ve y\u00f6neti\u015fim ilkelerinin \u0131\u015f\u0131\u011f\u0131nda; her alanda etkimizi g\u00f6zeterek teknoloji ve inovasyona dayal\u0131 yeni nesil bir \u00e7al\u0131\u015fma k\u00fclt\u00fcr\u00fc i\u00e7in bu \u00f6\u011frenim yat\u0131r\u0131m\u0131n\u0131 \u00e7ok de\u011ferli buluyoruz\u2019\u2019<\/em> dedi.<\/p>\n<p><strong>Bo\u011fazi\u00e7i \u00dcniversitesi Ya\u015famboyu E\u011fitim Merkezi ve BM S\u00fcrd\u00fcr\u00fclebilir Kalk\u0131nma \u00c7\u00f6z\u00fcmleri A\u011f\u0131 T\u00fcrkiye Direkt\u00f6r\u00fc Dr.\u00a0Tamer Atabarut<\/strong>\u00a0ise Ak\u0131ll\u0131 Hayat Akademisi ile ilgili olarak \u015funlar\u0131 s\u00f6yledi; \u201cBug\u00fcn kar\u015f\u0131 kar\u015f\u0131ya oldu\u011fumuz pandemi, iklim krizi, biyo\u00e7e\u015fitlilik kayb\u0131, g\u00f6\u00e7 gibi \u00f6nemli sorunlar insanl\u0131\u011f\u0131 yeni bir d\u00fczen aray\u0131\u015f\u0131na itmektedir. \u0130\u00e7inde bulundu\u011fumuz bu d\u00f6nem, \u015firketlerin sadece mal ve hizmet \u00fcretimi ve sat\u0131\u015f\u0131 ile finansal ba\u015far\u0131 elde etmelerinin yeterli bulunmad\u0131\u011f\u0131, ayn\u0131 zamanda \u00e7evreye ve insana duyarl\u0131 iyi birer kurumsal vatanda\u015f olmalar\u0131n\u0131n ve iyi kurumsal y\u00f6neti\u015fim uygulamalar\u0131n\u0131 ilke edinmelerinin de beklendi\u011fi k\u00fcresel bir d\u00f6n\u00fc\u015f\u00fcm s\u00fcrecine \u015fahitlik etmektedir. Kurumsal s\u00fcrd\u00fcr\u00fclebilirlik yakla\u015f\u0131m\u0131 giderek benimsenmekte ve klasik i\u015f modellerinin yerini almaktad\u0131r. Zorlu Holding\u2019in Ak\u0131ll\u0131 Hayat 2030 stratejisi ile \u00f6nc\u00fcl\u00fck etti\u011fi d\u00f6n\u00fc\u015f\u00fcm kapsam\u0131nda, 3 y\u0131ld\u0131r aral\u0131ks\u0131z s\u00fcrd\u00fcrd\u00fc\u011f\u00fcm\u00fcz, Zorlu Holding \u00e7al\u0131\u015fanlar\u0131na y\u00f6nelik \u00f6zel olarak tasarlanan e\u011fitimler ile kurumsal s\u00fcrd\u00fcr\u00fclebilirlik alan\u0131nda vizyoner bir kimlik sa\u011flamay\u0131 ve bu alandaki bilgi d\u00fczeylerine de katk\u0131 sa\u011flamay\u0131 hedefledik. Ya\u015famboyu e\u011fitime olan kar\u015f\u0131l\u0131kl\u0131 inanc\u0131m\u0131zla \u00fcniversite ve i\u015f d\u00fcnyas\u0131n\u0131n i\u015fbirli\u011fine g\u00fczel bir \u00f6rnek olan bu programa kat\u0131lanlar\u0131 kutluyor, hepimiz i\u00e7in s\u00fcrd\u00fcr\u00fclebilir bir gelecek diliyorum.\u201d<\/p>","protected":false},"excerpt":{"rendered":"<p>Sorry, this entry is only available in Turkish. For the sake of viewer convenience, the content is shown below in the alternative language. You may click the link to switch the active language. Zorlu Holding sorumlu yat\u0131r\u0131m holdingi bak\u0131\u015f a\u00e7\u0131s\u0131yla, \u201c\u00c7evresel, sosyal ve y\u00f6neti\u015fim\u201d alanlar\u0131nda t\u00fcm payda\u015flar\u0131 ve \u015firketleri i\u00e7in y\u00fcksek de\u011fer yaratmak \u00fczere, insan [&hellip;]<\/p>\n","protected":false},"author":1,"featured_media":140553,"comment_status":"open","ping_status":"open","sticky":false,"template":"","format":"standard","meta":[],"categories":[53,52],"tags":[54609,95344,95345,95343,57125,82676],"views":246,"_links":{"self":[{"href":"https:\/\/www.enerjigazetesi.ist\/en\/wp-json\/wp\/v2\/posts\/140549"}],"collection":[{"href":"https:\/\/www.enerjigazetesi.ist\/en\/wp-json\/wp\/v2\/posts"}],"about":[{"href":"https:\/\/www.enerjigazetesi.ist\/en\/wp-json\/wp\/v2\/types\/post"}],"author":[{"embeddable":true,"href":"https:\/\/www.enerjigazetesi.ist\/en\/wp-json\/wp\/v2\/users\/1"}],"replies":[{"embeddable":true,"href":"https:\/\/www.enerjigazetesi.ist\/en\/wp-json\/wp\/v2\/comments?post=140549"}],"version-history":[{"count":0,"href":"https:\/\/www.enerjigazetesi.ist\/en\/wp-json\/wp\/v2\/posts\/140549\/revisions"}],"wp:featuredmedia":[{"embeddable":true,"href":"https:\/\/www.enerjigazetesi.ist\/en\/wp-json\/wp\/v2\/media\/140553"}],"wp:attachment":[{"href":"https:\/\/www.enerjigazetesi.ist\/en\/wp-json\/wp\/v2\/media?parent=140549"}],"wp:term":[{"taxonomy":"category","embeddable":true,"href":"https:\/\/www.enerjigazetesi.ist\/en\/wp-json\/wp\/v2\/categories?post=140549"},{"taxonomy":"post_tag","embeddable":true,"href":"https:\/\/www.enerjigazetesi.ist\/en\/wp-json\/wp\/v2\/tags?post=140549"}],"curies":[{"name":"wp","href":"https:\/\/api.w.org\/{rel}","templated":true}]}}